{"id":21828,"date":"2020-02-18T14:33:15","date_gmt":"2020-02-18T17:33:15","guid":{"rendered":"http:\/\/beatforbeat.com.br\/site\/?p=21828"},"modified":"2020-02-18T14:33:15","modified_gmt":"2020-02-18T17:33:15","slug":"rafael-yapudjian-de-maria-remix","status":"publish","type":"post","link":"https:\/\/beatforbeat.com.br\/site\/rafael-yapudjian-de-maria-remix\/","title":{"rendered":"Rafael Yapudjian remixa a faixa &#8216;S\u00f3 Penso Em Voc\u00ea&#8217; do cantor De Maria"},"content":{"rendered":"<p dir=\"ltr\">O remix da track &#8216;S\u00f3 Penso Em Voc\u00ea&#8217;, pelas m\u00e3os Rafael Yapudjian chegou \u00e0s plataformas pela gravadora Midas. Conhe\u00e7a mais sobre o artista:<\/p>\n<p dir=\"ltr\"><!--more--><\/p>\n<figure id=\"attachment_21830\" aria-describedby=\"caption-attachment-21830\" style=\"width: 630px\" class=\"wp-caption aligncenter\"><a href=\"https:\/\/beatforbeat.com.br\/site\/wp-content\/uploads\/2020\/02\/9-Rafael-Yapudjian-2-scaled.jpg\"><img decoding=\"async\" class=\"wp-image-21830 lazyload\" data-src=\"https:\/\/beatforbeat.com.br\/site\/wp-content\/uploads\/2020\/02\/9-Rafael-Yapudjian-2-scaled.jpg\" alt=\"Rafael Yapudjian \" width=\"630\" height=\"354\" data-srcset=\"https:\/\/beatforbeat.com.br\/site\/wp-content\/uploads\/2020\/02\/9-Rafael-Yapudjian-2-scaled.jpg 2560w, https:\/\/beatforbeat.com.br\/site\/wp-content\/uploads\/2020\/02\/9-Rafael-Yapudjian-2-300x169.jpg 300w, https:\/\/beatforbeat.com.br\/site\/wp-content\/uploads\/2020\/02\/9-Rafael-Yapudjian-2-1024x576.jpg 1024w, https:\/\/beatforbeat.com.br\/site\/wp-content\/uploads\/2020\/02\/9-Rafael-Yapudjian-2-768x432.jpg 768w, https:\/\/beatforbeat.com.br\/site\/wp-content\/uploads\/2020\/02\/9-Rafael-Yapudjian-2-1536x864.jpg 1536w, https:\/\/beatforbeat.com.br\/site\/wp-content\/uploads\/2020\/02\/9-Rafael-Yapudjian-2-2048x1152.jpg 2048w\" data-sizes=\"(max-width: 630px) 100vw, 630px\" src=\"data:image\/svg+xml;base64,PHN2ZyB3aWR0aD0iMSIgaGVpZ2h0PSIxIiB4bWxucz0iaHR0cDovL3d3dy53My5vcmcvMjAwMC9zdmciPjwvc3ZnPg==\" style=\"--smush-placeholder-width: 630px; --smush-placeholder-aspect-ratio: 630\/354;\" \/><\/a><figcaption id=\"caption-attachment-21830\" class=\"wp-caption-text\">Rafael Yapudjian<\/figcaption><\/figure>\n<p dir=\"ltr\">A realidade da cena musical brasileira \u00e9 muito diferentes se formos comparar com o final dos anos 90, \u00e9poca em que mal existia internet, muito menos Youtube e outras plataformas de streaming. Para tornar-se um DJ, ent\u00e3o, era necess\u00e1rio mais esfor\u00e7o, pesquisa, dedica\u00e7\u00e3o e, claro, contatos com quem voc\u00ea pudesse aprender e compartilhar suas prefer\u00eancias musicais e descobrir outras.\u00a0 Foi assim que o DJ, produtor e headlabel <strong>Rafael Yapudjian<\/strong> iniciou sua carreira.<\/p><div id=\"beatf-1584621075\" class=\"beatf-conteudo_2 beatf-entity-placement\"><script async src=\"\/\/pagead2.googlesyndication.com\/pagead\/js\/adsbygoogle.js?client=ca-pub-5262797664076819\" crossorigin=\"anonymous\"><\/script><ins class=\"adsbygoogle\" style=\"display:block; text-align:center;\" data-ad-client=\"ca-pub-5262797664076819\" \ndata-ad-slot=\"8185743757\" \ndata-ad-layout=\"in-article\"\ndata-ad-format=\"fluid\"><\/ins>\n<script> \n(adsbygoogle = window.adsbygoogle || []).push({}); \n<\/script>\n<\/div>\n<p dir=\"ltr\">Por volta de 1995, Yapudjian come\u00e7ou a se identificar pela discotecagem e alguns anos depois j\u00e1 tocava em alguns clubs de S\u00e3o Paulo como \u201csegundinho\u201d que, segundo ele, \u00e9 a denomina\u00e7\u00e3o como eram conhecidos os DJs secund\u00e1rios da noite. Rafael ganhou experi\u00eancia, aumentou sua rede de contatos e quando viu j\u00e1 conquistava suas primeiras resid\u00eancias em clubs como <strong>Cheers, Vinyl<\/strong>, <strong>Museum<\/strong> e mais tardar na prestigiada <strong>Pacha Ibiza<\/strong>, gra\u00e7as a um convite de seu amigo e tamb\u00e9m DJ\/produtor Rodrigo Ferrari.\u00a0Depois de muitas passagens de avi\u00e3o compradas para diferentes pa\u00edses e warm ups para grandes artistas do cen\u00e1rio global, Yapudjian se dedica atualmente com um foco maior na produ\u00e7\u00e3o musical, at\u00e9 porque administra sua pr\u00f3pria label, A Casa Records, fundada em 2011.<\/p>\n<figure id=\"attachment_21829\" aria-describedby=\"caption-attachment-21829\" style=\"width: 630px\" class=\"wp-caption aligncenter\"><a href=\"https:\/\/beatforbeat.com.br\/site\/wp-content\/uploads\/2020\/02\/De-Maria-_-Yapudjian-2-1-scaled.jpg\"><img decoding=\"async\" class=\"wp-image-21829 lazyload\" data-src=\"https:\/\/beatforbeat.com.br\/site\/wp-content\/uploads\/2020\/02\/De-Maria-_-Yapudjian-2-1-scaled.jpg\" alt=\"Rafael Yapudjian De Maria\" width=\"630\" height=\"354\" data-srcset=\"https:\/\/beatforbeat.com.br\/site\/wp-content\/uploads\/2020\/02\/De-Maria-_-Yapudjian-2-1-scaled.jpg 2560w, https:\/\/beatforbeat.com.br\/site\/wp-content\/uploads\/2020\/02\/De-Maria-_-Yapudjian-2-1-300x169.jpg 300w, https:\/\/beatforbeat.com.br\/site\/wp-content\/uploads\/2020\/02\/De-Maria-_-Yapudjian-2-1-1024x576.jpg 1024w, https:\/\/beatforbeat.com.br\/site\/wp-content\/uploads\/2020\/02\/De-Maria-_-Yapudjian-2-1-768x432.jpg 768w, https:\/\/beatforbeat.com.br\/site\/wp-content\/uploads\/2020\/02\/De-Maria-_-Yapudjian-2-1-1536x864.jpg 1536w, https:\/\/beatforbeat.com.br\/site\/wp-content\/uploads\/2020\/02\/De-Maria-_-Yapudjian-2-1-2048x1152.jpg 2048w\" data-sizes=\"(max-width: 630px) 100vw, 630px\" src=\"data:image\/svg+xml;base64,PHN2ZyB3aWR0aD0iMSIgaGVpZ2h0PSIxIiB4bWxucz0iaHR0cDovL3d3dy53My5vcmcvMjAwMC9zdmciPjwvc3ZnPg==\" style=\"--smush-placeholder-width: 630px; --smush-placeholder-aspect-ratio: 630\/354;\" \/><\/a><figcaption id=\"caption-attachment-21829\" class=\"wp-caption-text\">Rafael Yapudjian e De Maria<\/figcaption><\/figure>\n<p dir=\"ltr\">O tempo de estrada lhe garantiu um know-how e tanto no est\u00fadio. O artista n\u00e3o se acostumou a produzir apenas uma ou outra vertente dentro da m\u00fasica eletr\u00f4nica, afinal, acredita que s\u00f3 existem apenas dois estilos: m\u00fasica boa e m\u00fasica ruim, seu mais recente lan\u00e7amento mostra que ele n\u00e3o v\u00ea barreiras quando o assunto \u00e9 criatividade.<\/p>\n<p dir=\"ltr\">Lan\u00e7ado pelo <strong>Midas Music<\/strong>, Rafael produziu um remix para &#8216;<em>S\u00f3 Penso Em Voc\u00ea&#8217;<\/em>\u00a0do cantor <strong>De Maria<\/strong>, transformando a faixa com tons romantizados em uma vibe pop-dan\u00e7ante. Os vocais ganharam a companhia de melodias alegres e uma bassline bastante presente que dita o ritmo da m\u00fasica, elementos digitais e sintetizadores tamb\u00e9m integraram a produ\u00e7\u00e3o de forma sutil, garantindo que ela ficasse bem configurada para as pistas. O resultado voc\u00ea confere abaixo:<\/p>\n<p><iframe title=\"Spotify Embed: S\u00f3 Penso em Voc\u00ea (Rafael Yapudjian Remix)\" style=\"border-radius: 12px\" width=\"100%\" height=\"352\" frameborder=\"0\" allowfullscreen allow=\"autoplay; clipboard-write; encrypted-media; fullscreen; picture-in-picture\" data-src=\"https:\/\/open.spotify.com\/embed\/album\/7lX6VlErhr2jo8d19ltclS?utm_source=oembed\" src=\"data:image\/svg+xml;base64,PHN2ZyB3aWR0aD0iMSIgaGVpZ2h0PSIxIiB4bWxucz0iaHR0cDovL3d3dy53My5vcmcvMjAwMC9zdmciPjwvc3ZnPg==\" class=\"lazyload\" data-load-mode=\"1\"><\/iframe><\/p>\n","protected":false},"excerpt":{"rendered":"O remix da track &#8216;S\u00f3 Penso Em Voc\u00ea&#8217;, pelas m\u00e3os Rafael Yapudjian chegou \u00e0s plataformas pela gravadora Midas.&hellip;","protected":false},"author":2,"featured_media":21830,"comment_status":"closed","ping_status":"open","sticky":false,"template":"","format":"standard","meta":{"_monsterinsights_skip_tracking":false,"_monsterinsights_sitenote_active":false,"_monsterinsights_sitenote_note":"","_monsterinsights_sitenote_category":0,"csco_display_header_overlay":false,"csco_singular_sidebar":"","csco_page_header_type":"","csco_page_load_nextpost":"","csco_post_video_location":[],"csco_post_video_location_hash":"","csco_post_video_url":"","csco_post_video_bg_start_time":0,"csco_post_video_bg_end_time":0,"footnotes":""},"categories":[3],"tags":[6201,6199,147,6198,6203,2341,6197,6200,6202],"class_list":{"0":"post-21828","1":"post","2":"type-post","3":"status-publish","4":"format-standard","5":"has-post-thumbnail","7":"category-mainstage","8":"tag-cheers","9":"tag-de-maria","10":"tag-lancamento","11":"tag-midas","12":"tag-museum","13":"tag-pacha-ibiza","14":"tag-rafael-yapudjian","15":"tag-so-penso-em-voce","16":"tag-vinyl","17":"cs-entry","18":"cs-video-wrap"},"yoast_head":"<!-- This site is optimized with the Yoast SEO plugin v27.4 - https:\/\/yoast.com\/product\/yoast-seo-wordpress\/ -->\n<title>Rafael Yapudjian remixa a faixa \u201cS\u00f3 Penso Em Voc\u00ea\u201d do cantor De Maria<\/title>\n<meta name=\"description\" content=\"O remix da track &#039;S\u00f3 Penso Em Voc\u00ea&#039;, pelas m\u00e3os Rafael Yapudjian chegou \u00e0s plataformas pela gravadora Midas. Conhe\u00e7a mais sobre o artista:\" \/>\n<meta name=\"robots\" content=\"index, follow, max-snippet:-1, max-image-preview:large, max-video-preview:-1\" \/>\n<link rel=\"canonical\" href=\"https:\/\/beatforbeat.com.br\/site\/rafael-yapudjian-de-maria-remix\/\" \/>\n<meta property=\"og:locale\" content=\"pt_BR\" \/>\n<meta property=\"og:type\" content=\"article\" \/>\n<meta property=\"og:title\" content=\"Rafael Yapudjian remixa a faixa \u201cS\u00f3 Penso Em Voc\u00ea\u201d do cantor De Maria\" \/>\n<meta property=\"og:description\" content=\"O remix da track &#039;S\u00f3 Penso Em Voc\u00ea&#039;, pelas m\u00e3os Rafael Yapudjian chegou \u00e0s plataformas pela gravadora Midas. Conhe\u00e7a mais sobre o artista:\" \/>\n<meta property=\"og:url\" content=\"https:\/\/beatforbeat.com.br\/site\/rafael-yapudjian-de-maria-remix\/\" \/>\n<meta property=\"og:site_name\" content=\"Beat for Beat\" \/>\n<meta property=\"article:author\" content=\"https:\/\/www.facebook.com\/viktoraphael\" \/>\n<meta property=\"article:published_time\" content=\"2020-02-18T17:33:15+00:00\" \/>\n<meta property=\"og:image\" content=\"https:\/\/beatforbeat.com.br\/site\/wp-content\/uploads\/2020\/02\/9-Rafael-Yapudjian-2-scaled.jpg\" \/>\n\t<meta property=\"og:image:width\" content=\"2560\" \/>\n\t<meta property=\"og:image:height\" content=\"1440\" \/>\n\t<meta property=\"og:image:type\" content=\"image\/jpeg\" \/>\n<meta name=\"author\" content=\"Viktor Raphael\" \/>\n<meta name=\"twitter:card\" content=\"summary_large_image\" \/>\n<meta name=\"twitter:creator\" content=\"@djviktorraphael\" \/>\n<meta name=\"twitter:label1\" content=\"Escrito por\" \/>\n\t<meta name=\"twitter:data1\" content=\"Viktor Raphael\" \/>\n\t<meta name=\"twitter:label2\" content=\"Est. tempo de leitura\" \/>\n\t<meta name=\"twitter:data2\" content=\"2 minutos\" \/>\n<script type=\"application\/ld+json\" class=\"yoast-schema-graph\">{\"@context\":\"https:\\\/\\\/schema.org\",\"@graph\":[{\"@type\":\"Article\",\"@id\":\"https:\\\/\\\/beatforbeat.com.br\\\/site\\\/rafael-yapudjian-de-maria-remix\\\/#article\",\"isPartOf\":{\"@id\":\"https:\\\/\\\/beatforbeat.com.br\\\/site\\\/rafael-yapudjian-de-maria-remix\\\/\"},\"author\":{\"name\":\"Viktor Raphael\",\"@id\":\"https:\\\/\\\/beatforbeat.com.br\\\/site\\\/#\\\/schema\\\/person\\\/561e4cc997e993fd5dd84e6b5c9dc306\"},\"headline\":\"Rafael Yapudjian remixa a faixa &#8216;S\u00f3 Penso Em Voc\u00ea&#8217; do cantor De Maria\",\"datePublished\":\"2020-02-18T17:33:15+00:00\",\"mainEntityOfPage\":{\"@id\":\"https:\\\/\\\/beatforbeat.com.br\\\/site\\\/rafael-yapudjian-de-maria-remix\\\/\"},\"wordCount\":416,\"publisher\":{\"@id\":\"https:\\\/\\\/beatforbeat.com.br\\\/site\\\/#organization\"},\"image\":{\"@id\":\"https:\\\/\\\/beatforbeat.com.br\\\/site\\\/rafael-yapudjian-de-maria-remix\\\/#primaryimage\"},\"thumbnailUrl\":\"https:\\\/\\\/beatforbeat.com.br\\\/site\\\/wp-content\\\/uploads\\\/2020\\\/02\\\/9-Rafael-Yapudjian-2-scaled.jpg\",\"keywords\":[\"Cheers\",\"De Maria\",\"lan\u00e7amento\",\"Midas\",\"Museum\",\"Pacha Ibiza\",\"Rafael Yapudjian\",\"S\u00f3 Penso Em Voc\u00ea\",\"Vinyl\"],\"articleSection\":[\"Mainstage\"],\"inLanguage\":\"pt-BR\"},{\"@type\":\"WebPage\",\"@id\":\"https:\\\/\\\/beatforbeat.com.br\\\/site\\\/rafael-yapudjian-de-maria-remix\\\/\",\"url\":\"https:\\\/\\\/beatforbeat.com.br\\\/site\\\/rafael-yapudjian-de-maria-remix\\\/\",\"name\":\"Rafael Yapudjian remixa a faixa \u201cS\u00f3 Penso Em Voc\u00ea\u201d do cantor De Maria\",\"isPartOf\":{\"@id\":\"https:\\\/\\\/beatforbeat.com.br\\\/site\\\/#website\"},\"primaryImageOfPage\":{\"@id\":\"https:\\\/\\\/beatforbeat.com.br\\\/site\\\/rafael-yapudjian-de-maria-remix\\\/#primaryimage\"},\"image\":{\"@id\":\"https:\\\/\\\/beatforbeat.com.br\\\/site\\\/rafael-yapudjian-de-maria-remix\\\/#primaryimage\"},\"thumbnailUrl\":\"https:\\\/\\\/beatforbeat.com.br\\\/site\\\/wp-content\\\/uploads\\\/2020\\\/02\\\/9-Rafael-Yapudjian-2-scaled.jpg\",\"datePublished\":\"2020-02-18T17:33:15+00:00\",\"description\":\"O remix da track 'S\u00f3 Penso Em Voc\u00ea', pelas m\u00e3os Rafael Yapudjian chegou \u00e0s plataformas pela gravadora Midas. Conhe\u00e7a mais sobre o artista:\",\"breadcrumb\":{\"@id\":\"https:\\\/\\\/beatforbeat.com.br\\\/site\\\/rafael-yapudjian-de-maria-remix\\\/#breadcrumb\"},\"inLanguage\":\"pt-BR\",\"potentialAction\":[{\"@type\":\"ReadAction\",\"target\":[\"https:\\\/\\\/beatforbeat.com.br\\\/site\\\/rafael-yapudjian-de-maria-remix\\\/\"]}]},{\"@type\":\"ImageObject\",\"inLanguage\":\"pt-BR\",\"@id\":\"https:\\\/\\\/beatforbeat.com.br\\\/site\\\/rafael-yapudjian-de-maria-remix\\\/#primaryimage\",\"url\":\"https:\\\/\\\/beatforbeat.com.br\\\/site\\\/wp-content\\\/uploads\\\/2020\\\/02\\\/9-Rafael-Yapudjian-2-scaled.jpg\",\"contentUrl\":\"https:\\\/\\\/beatforbeat.com.br\\\/site\\\/wp-content\\\/uploads\\\/2020\\\/02\\\/9-Rafael-Yapudjian-2-scaled.jpg\",\"width\":2560,\"height\":1440,\"caption\":\"Rafael Yapudjian\"},{\"@type\":\"BreadcrumbList\",\"@id\":\"https:\\\/\\\/beatforbeat.com.br\\\/site\\\/rafael-yapudjian-de-maria-remix\\\/#breadcrumb\",\"itemListElement\":[{\"@type\":\"ListItem\",\"position\":1,\"name\":\"In\u00edcio\",\"item\":\"https:\\\/\\\/beatforbeat.com.br\\\/site\\\/\"},{\"@type\":\"ListItem\",\"position\":2,\"name\":\"Rafael Yapudjian remixa a faixa &#8216;S\u00f3 Penso Em Voc\u00ea&#8217; do cantor De Maria\"}]},{\"@type\":\"WebSite\",\"@id\":\"https:\\\/\\\/beatforbeat.com.br\\\/site\\\/#website\",\"url\":\"https:\\\/\\\/beatforbeat.com.br\\\/site\\\/\",\"name\":\"Beat for Beat\",\"description\":\"M\u00fasica \u00e9 a Resposta\",\"publisher\":{\"@id\":\"https:\\\/\\\/beatforbeat.com.br\\\/site\\\/#organization\"},\"potentialAction\":[{\"@type\":\"SearchAction\",\"target\":{\"@type\":\"EntryPoint\",\"urlTemplate\":\"https:\\\/\\\/beatforbeat.com.br\\\/site\\\/?s={search_term_string}\"},\"query-input\":{\"@type\":\"PropertyValueSpecification\",\"valueRequired\":true,\"valueName\":\"search_term_string\"}}],\"inLanguage\":\"pt-BR\"},{\"@type\":\"Organization\",\"@id\":\"https:\\\/\\\/beatforbeat.com.br\\\/site\\\/#organization\",\"name\":\"Beat for Beat\",\"url\":\"https:\\\/\\\/beatforbeat.com.br\\\/site\\\/\",\"logo\":{\"@type\":\"ImageObject\",\"inLanguage\":\"pt-BR\",\"@id\":\"https:\\\/\\\/beatforbeat.com.br\\\/site\\\/#\\\/schema\\\/logo\\\/image\\\/\",\"url\":\"https:\\\/\\\/beatforbeat.com.br\\\/site\\\/wp-content\\\/uploads\\\/2020\\\/05\\\/Logo-Site-600@2x.png\",\"contentUrl\":\"https:\\\/\\\/beatforbeat.com.br\\\/site\\\/wp-content\\\/uploads\\\/2020\\\/05\\\/Logo-Site-600@2x.png\",\"width\":1200,\"height\":1200,\"caption\":\"Beat for Beat\"},\"image\":{\"@id\":\"https:\\\/\\\/beatforbeat.com.br\\\/site\\\/#\\\/schema\\\/logo\\\/image\\\/\"}},{\"@type\":\"Person\",\"@id\":\"https:\\\/\\\/beatforbeat.com.br\\\/site\\\/#\\\/schema\\\/person\\\/561e4cc997e993fd5dd84e6b5c9dc306\",\"name\":\"Viktor Raphael\",\"image\":{\"@type\":\"ImageObject\",\"inLanguage\":\"pt-BR\",\"@id\":\"https:\\\/\\\/secure.gravatar.com\\\/avatar\\\/a6eade5aeded37bd5ee2c073682b2a295287aeb61ca43d85c06a0fa10b4bf7e9?s=96&d=mm&r=g\",\"url\":\"https:\\\/\\\/secure.gravatar.com\\\/avatar\\\/a6eade5aeded37bd5ee2c073682b2a295287aeb61ca43d85c06a0fa10b4bf7e9?s=96&d=mm&r=g\",\"contentUrl\":\"https:\\\/\\\/secure.gravatar.com\\\/avatar\\\/a6eade5aeded37bd5ee2c073682b2a295287aeb61ca43d85c06a0fa10b4bf7e9?s=96&d=mm&r=g\",\"caption\":\"Viktor Raphael\"},\"description\":\"DJ, Produtor, Redator, Libriano e Sonhador. Trance para amar e Techno para dan\u00e7ar, com uma ta\u00e7a de Gin para acompanhar. Onde \u00e9 o after?\",\"sameAs\":[\"https:\\\/\\\/www.facebook.com\\\/viktoraphael\",\"https:\\\/\\\/www.instagram.com\\\/vicraphael_\\\/\",\"https:\\\/\\\/x.com\\\/djviktorraphael\"],\"url\":\"https:\\\/\\\/beatforbeat.com.br\\\/site\\\/author\\\/viktor\\\/\"}]}<\/script>\n<!-- \/ Yoast SEO plugin. -->","yoast_head_json":{"title":"Rafael Yapudjian remixa a faixa \u201cS\u00f3 Penso Em Voc\u00ea\u201d do cantor De Maria","description":"O remix da track 'S\u00f3 Penso Em Voc\u00ea', pelas m\u00e3os Rafael Yapudjian chegou \u00e0s plataformas pela gravadora Midas. Conhe\u00e7a mais sobre o artista:","robots":{"index":"index","follow":"follow","max-snippet":"max-snippet:-1","max-image-preview":"max-image-preview:large","max-video-preview":"max-video-preview:-1"},"canonical":"https:\/\/beatforbeat.com.br\/site\/rafael-yapudjian-de-maria-remix\/","og_locale":"pt_BR","og_type":"article","og_title":"Rafael Yapudjian remixa a faixa \u201cS\u00f3 Penso Em Voc\u00ea\u201d do cantor De Maria","og_description":"O remix da track 'S\u00f3 Penso Em Voc\u00ea', pelas m\u00e3os Rafael Yapudjian chegou \u00e0s plataformas pela gravadora Midas. Conhe\u00e7a mais sobre o artista:","og_url":"https:\/\/beatforbeat.com.br\/site\/rafael-yapudjian-de-maria-remix\/","og_site_name":"Beat for Beat","article_author":"https:\/\/www.facebook.com\/viktoraphael","article_published_time":"2020-02-18T17:33:15+00:00","og_image":[{"width":2560,"height":1440,"url":"https:\/\/beatforbeat.com.br\/site\/wp-content\/uploads\/2020\/02\/9-Rafael-Yapudjian-2-scaled.jpg","type":"image\/jpeg"}],"author":"Viktor Raphael","twitter_card":"summary_large_image","twitter_creator":"@djviktorraphael","twitter_misc":{"Escrito por":"Viktor Raphael","Est. tempo de leitura":"2 minutos"},"schema":{"@context":"https:\/\/schema.org","@graph":[{"@type":"Article","@id":"https:\/\/beatforbeat.com.br\/site\/rafael-yapudjian-de-maria-remix\/#article","isPartOf":{"@id":"https:\/\/beatforbeat.com.br\/site\/rafael-yapudjian-de-maria-remix\/"},"author":{"name":"Viktor Raphael","@id":"https:\/\/beatforbeat.com.br\/site\/#\/schema\/person\/561e4cc997e993fd5dd84e6b5c9dc306"},"headline":"Rafael Yapudjian remixa a faixa &#8216;S\u00f3 Penso Em Voc\u00ea&#8217; do cantor De Maria","datePublished":"2020-02-18T17:33:15+00:00","mainEntityOfPage":{"@id":"https:\/\/beatforbeat.com.br\/site\/rafael-yapudjian-de-maria-remix\/"},"wordCount":416,"publisher":{"@id":"https:\/\/beatforbeat.com.br\/site\/#organization"},"image":{"@id":"https:\/\/beatforbeat.com.br\/site\/rafael-yapudjian-de-maria-remix\/#primaryimage"},"thumbnailUrl":"https:\/\/beatforbeat.com.br\/site\/wp-content\/uploads\/2020\/02\/9-Rafael-Yapudjian-2-scaled.jpg","keywords":["Cheers","De Maria","lan\u00e7amento","Midas","Museum","Pacha Ibiza","Rafael Yapudjian","S\u00f3 Penso Em Voc\u00ea","Vinyl"],"articleSection":["Mainstage"],"inLanguage":"pt-BR"},{"@type":"WebPage","@id":"https:\/\/beatforbeat.com.br\/site\/rafael-yapudjian-de-maria-remix\/","url":"https:\/\/beatforbeat.com.br\/site\/rafael-yapudjian-de-maria-remix\/","name":"Rafael Yapudjian remixa a faixa \u201cS\u00f3 Penso Em Voc\u00ea\u201d do cantor De Maria","isPartOf":{"@id":"https:\/\/beatforbeat.com.br\/site\/#website"},"primaryImageOfPage":{"@id":"https:\/\/beatforbeat.com.br\/site\/rafael-yapudjian-de-maria-remix\/#primaryimage"},"image":{"@id":"https:\/\/beatforbeat.com.br\/site\/rafael-yapudjian-de-maria-remix\/#primaryimage"},"thumbnailUrl":"https:\/\/beatforbeat.com.br\/site\/wp-content\/uploads\/2020\/02\/9-Rafael-Yapudjian-2-scaled.jpg","datePublished":"2020-02-18T17:33:15+00:00","description":"O remix da track 'S\u00f3 Penso Em Voc\u00ea', pelas m\u00e3os Rafael Yapudjian chegou \u00e0s plataformas pela gravadora Midas. Conhe\u00e7a mais sobre o artista:","breadcrumb":{"@id":"https:\/\/beatforbeat.com.br\/site\/rafael-yapudjian-de-maria-remix\/#breadcrumb"},"inLanguage":"pt-BR","potentialAction":[{"@type":"ReadAction","target":["https:\/\/beatforbeat.com.br\/site\/rafael-yapudjian-de-maria-remix\/"]}]},{"@type":"ImageObject","inLanguage":"pt-BR","@id":"https:\/\/beatforbeat.com.br\/site\/rafael-yapudjian-de-maria-remix\/#primaryimage","url":"https:\/\/beatforbeat.com.br\/site\/wp-content\/uploads\/2020\/02\/9-Rafael-Yapudjian-2-scaled.jpg","contentUrl":"https:\/\/beatforbeat.com.br\/site\/wp-content\/uploads\/2020\/02\/9-Rafael-Yapudjian-2-scaled.jpg","width":2560,"height":1440,"caption":"Rafael Yapudjian"},{"@type":"BreadcrumbList","@id":"https:\/\/beatforbeat.com.br\/site\/rafael-yapudjian-de-maria-remix\/#breadcrumb","itemListElement":[{"@type":"ListItem","position":1,"name":"In\u00edcio","item":"https:\/\/beatforbeat.com.br\/site\/"},{"@type":"ListItem","position":2,"name":"Rafael Yapudjian remixa a faixa &#8216;S\u00f3 Penso Em Voc\u00ea&#8217; do cantor De Maria"}]},{"@type":"WebSite","@id":"https:\/\/beatforbeat.com.br\/site\/#website","url":"https:\/\/beatforbeat.com.br\/site\/","name":"Beat for Beat","description":"M\u00fasica \u00e9 a Resposta","publisher":{"@id":"https:\/\/beatforbeat.com.br\/site\/#organization"},"potentialAction":[{"@type":"SearchAction","target":{"@type":"EntryPoint","urlTemplate":"https:\/\/beatforbeat.com.br\/site\/?s={search_term_string}"},"query-input":{"@type":"PropertyValueSpecification","valueRequired":true,"valueName":"search_term_string"}}],"inLanguage":"pt-BR"},{"@type":"Organization","@id":"https:\/\/beatforbeat.com.br\/site\/#organization","name":"Beat for Beat","url":"https:\/\/beatforbeat.com.br\/site\/","logo":{"@type":"ImageObject","inLanguage":"pt-BR","@id":"https:\/\/beatforbeat.com.br\/site\/#\/schema\/logo\/image\/","url":"https:\/\/beatforbeat.com.br\/site\/wp-content\/uploads\/2020\/05\/Logo-Site-600@2x.png","contentUrl":"https:\/\/beatforbeat.com.br\/site\/wp-content\/uploads\/2020\/05\/Logo-Site-600@2x.png","width":1200,"height":1200,"caption":"Beat for Beat"},"image":{"@id":"https:\/\/beatforbeat.com.br\/site\/#\/schema\/logo\/image\/"}},{"@type":"Person","@id":"https:\/\/beatforbeat.com.br\/site\/#\/schema\/person\/561e4cc997e993fd5dd84e6b5c9dc306","name":"Viktor Raphael","image":{"@type":"ImageObject","inLanguage":"pt-BR","@id":"https:\/\/secure.gravatar.com\/avatar\/a6eade5aeded37bd5ee2c073682b2a295287aeb61ca43d85c06a0fa10b4bf7e9?s=96&d=mm&r=g","url":"https:\/\/secure.gravatar.com\/avatar\/a6eade5aeded37bd5ee2c073682b2a295287aeb61ca43d85c06a0fa10b4bf7e9?s=96&d=mm&r=g","contentUrl":"https:\/\/secure.gravatar.com\/avatar\/a6eade5aeded37bd5ee2c073682b2a295287aeb61ca43d85c06a0fa10b4bf7e9?s=96&d=mm&r=g","caption":"Viktor Raphael"},"description":"DJ, Produtor, Redator, Libriano e Sonhador. Trance para amar e Techno para dan\u00e7ar, com uma ta\u00e7a de Gin para acompanhar. Onde \u00e9 o after?","sameAs":["https:\/\/www.facebook.com\/viktoraphael","https:\/\/www.instagram.com\/vicraphael_\/","https:\/\/x.com\/djviktorraphael"],"url":"https:\/\/beatforbeat.com.br\/site\/author\/viktor\/"}]}},"amp_enabled":true,"_links":{"self":[{"href":"https:\/\/beatforbeat.com.br\/site\/wp-json\/wp\/v2\/posts\/21828","targetHints":{"allow":["GET"]}}],"collection":[{"href":"https:\/\/beatforbeat.com.br\/site\/wp-json\/wp\/v2\/posts"}],"about":[{"href":"https:\/\/beatforbeat.com.br\/site\/wp-json\/wp\/v2\/types\/post"}],"author":[{"embeddable":true,"href":"https:\/\/beatforbeat.com.br\/site\/wp-json\/wp\/v2\/users\/2"}],"replies":[{"embeddable":true,"href":"https:\/\/beatforbeat.com.br\/site\/wp-json\/wp\/v2\/comments?post=21828"}],"version-history":[{"count":0,"href":"https:\/\/beatforbeat.com.br\/site\/wp-json\/wp\/v2\/posts\/21828\/revisions"}],"wp:featuredmedia":[{"embeddable":true,"href":"https:\/\/beatforbeat.com.br\/site\/wp-json\/wp\/v2\/media\/21830"}],"wp:attachment":[{"href":"https:\/\/beatforbeat.com.br\/site\/wp-json\/wp\/v2\/media?parent=21828"}],"wp:term":[{"taxonomy":"category","embeddable":true,"href":"https:\/\/beatforbeat.com.br\/site\/wp-json\/wp\/v2\/categories?post=21828"},{"taxonomy":"post_tag","embeddable":true,"href":"https:\/\/beatforbeat.com.br\/site\/wp-json\/wp\/v2\/tags?post=21828"}],"curies":[{"name":"wp","href":"https:\/\/api.w.org\/{rel}","templated":true}]}}