{"id":22815,"date":"2020-05-07T14:20:34","date_gmt":"2020-05-07T17:20:34","guid":{"rendered":"https:\/\/beatforbeat.com.br\/site\/?p=22815"},"modified":"2020-05-19T00:17:52","modified_gmt":"2020-05-19T03:17:52","slug":"entrevistamos-craca","status":"publish","type":"post","link":"https:\/\/beatforbeat.com.br\/site\/entrevistamos-craca\/","title":{"rendered":"Entrevistamos: Craca"},"content":{"rendered":"<p>Artista multifacetado, Craca combina a m\u00fasica eletr\u00f4nica com artes visuais, criando assim experi\u00eancias \u00fanicas, que ele conta pra gente.<\/p>\n<p><!--more--><\/p>\n<figure id=\"attachment_22819\" aria-describedby=\"caption-attachment-22819\" style=\"width: 630px\" class=\"wp-caption aligncenter\"><a href=\"https:\/\/beatforbeat.com.br\/site\/wp-content\/uploads\/2020\/05\/Craca-Capa-e1588871871714.jpg\"><img decoding=\"async\" class=\"wp-image-22819 lazyload\" data-src=\"https:\/\/beatforbeat.com.br\/site\/wp-content\/uploads\/2020\/05\/Craca-Capa-e1588871871714.jpg\" alt=\"Craca Capa\" width=\"630\" height=\"456\" data-srcset=\"https:\/\/beatforbeat.com.br\/site\/wp-content\/uploads\/2020\/05\/Craca-Capa-e1588871871714.jpg 640w, https:\/\/beatforbeat.com.br\/site\/wp-content\/uploads\/2020\/05\/Craca-Capa-e1588871871714-300x217.jpg 300w\" data-sizes=\"(max-width: 630px) 100vw, 630px\" src=\"data:image\/svg+xml;base64,PHN2ZyB3aWR0aD0iMSIgaGVpZ2h0PSIxIiB4bWxucz0iaHR0cDovL3d3dy53My5vcmcvMjAwMC9zdmciPjwvc3ZnPg==\" style=\"--smush-placeholder-width: 630px; --smush-placeholder-aspect-ratio: 630\/456;\" \/><\/a><figcaption id=\"caption-attachment-22819\" class=\"wp-caption-text\">Craca | Foto: Dani Villar<\/figcaption><\/figure>\n<p>Produtor musical, beatmaker e envolvido com artes visuais, Craca \u00e9 aquele tipo de artista completo. Com 7 \u00e1lbuns lan\u00e7ados, um projeto solo e outro em parceria com a MC Dani Nega, Felipe Julian dividi-se entre suas paix\u00f5es, que muitas vezes se completam, como em seu \u00faltimo lan\u00e7amento. Aproveitando esse momento de isolamento, Craca nos recebeu virtualmente, numa conversa bem completa e com detalhes sobre seus processos criativos. Entrevistamos: Craca<\/p><div id=\"beatf-1754696556\" class=\"beatf-conteudo_2 beatf-entity-placement\"><script async src=\"\/\/pagead2.googlesyndication.com\/pagead\/js\/adsbygoogle.js?client=ca-pub-5262797664076819\" crossorigin=\"anonymous\"><\/script><ins class=\"adsbygoogle\" style=\"display:block; text-align:center;\" data-ad-client=\"ca-pub-5262797664076819\" \ndata-ad-slot=\"8185743757\" \ndata-ad-layout=\"in-article\"\ndata-ad-format=\"fluid\"><\/ins>\n<script> \n(adsbygoogle = window.adsbygoogle || []).push({}); \n<\/script>\n<\/div>\n<p style=\"text-align: center;\">&#8212;<\/p>\n<p><strong>Beat for Beat<\/strong> &#8211; Craca, tudo bem? Muito obrigado por nos conceder essa entrevista. Pra come\u00e7ar, conta pra gente, como est\u00e1 seu processo criativo durante essa quarentena? Voc\u00ea tem produzido mais ou ficar isolado, acaba atrapalhando suas produ\u00e7\u00f5es?<\/p>\n<p><span style=\"color: #ff6600;\"><strong>Craca<\/strong> <\/span>&#8211; Obrigado pelo espa\u00e7o gente! Bem\u2026 a quarentena tem sido muito puxada mas, de alguma forma, pra mim, as mudan\u00e7as acho que foram menos radicais do que para outros: eu j\u00e1 trabalhava em casa mesmo e, tendo uma filha pr\u00e9-adolescente, voc\u00ea se v\u00ea obrigado a manter a coisa toda funcionando. Almo\u00e7o, jantar, limpeza, hor\u00e1rio da escola etc. Essa disciplina que uma crian\u00e7a nos obriga a participar, ajuda a manter a cabe\u00e7a no lugar.<\/p>\n<p>Mas como realmente perdi uns 7 shows \u00a0(al\u00e9m de todos seus ensaios) e tamb\u00e9m dois cursos que eu iria come\u00e7ar a dar, estou aproveitando meu tempo para fazer algo que a correria dos \u00faltimos tempos estava me impedindo. Estou tocando, gravando, compondo. Claro que n\u00e3o \u00e9 assim \u00a0t\u00e3o f\u00e1cil, pois sigo tendo que administrar a vida e passei a dar cursos online de produ\u00e7\u00e3o musical que consomem bastante tempo. Mas o tempo que sobra est\u00e1 me permitindo um mergulho na composi\u00e7\u00e3o sim.\u00a0 Por sorte tenho a maior parte do que preciso pra produzir aqui mesmo, e o que falta eu sou bem &#8220;gambiarreiro&#8221; e dou um jeito de resolver. E claro\u2026 muita sorte de quem toca um instrumento ou faz m\u00fasica eletr\u00f4nica num momento destes.<\/p>\n<p><iframe title=\"Ateli\u00ea do Artista: Craca\" width=\"1200\" height=\"675\" data-src=\"https:\/\/www.youtube.com\/embed\/swaEroluyLM?feature=oembed\" frameborder=\"0\" allow=\"accelerometer; autoplay; clipboard-write; encrypted-media; gyroscope; picture-in-picture; web-share\" referrerpolicy=\"strict-origin-when-cross-origin\" allowfullscreen src=\"data:image\/svg+xml;base64,PHN2ZyB3aWR0aD0iMSIgaGVpZ2h0PSIxIiB4bWxucz0iaHR0cDovL3d3dy53My5vcmcvMjAwMC9zdmciPjwvc3ZnPg==\" class=\"lazyload\" data-load-mode=\"1\"><\/iframe><\/p>\n<p><strong>B4B<\/strong> &#8211; Recentemente voc\u00ea lan\u00e7ou a track &#8216;<em>Affection Reflection<\/em>&#8216;, que \u00e9 a jun\u00e7\u00e3o de suas duas atua\u00e7\u00f5es art\u00edsticas. Como foi o processo de constru\u00e7\u00e3o da track? Primeiro voc\u00ea idealizou o visual e a m\u00fasica entrou como completo ou ao contr\u00e1rio?<\/p>\n<p><span style=\"color: #ff6600;\"><strong>Craca<\/strong> <\/span>&#8211; O que est\u00e1 acontecendo comigo neste momento, \u00e9 justamente uma hibridiza\u00e7\u00e3o do processo composicional. Essa pe\u00e7a eletr\u00f4nica audiovisual foi criada numa pendula\u00e7\u00e3o constante entre som e imagem. Fui fazendo um pouquinha de cada. As vezes a imagem me dizia que ritmo dar ao som e as vezes o som me dizia que imagem combinar. Por isso a m\u00fasica ficou incomum, mesmo para o meu estilo. Esse \u00e9 um processo que estou aplicando a v\u00e1rias musicas novas. \u00c9 um amadurecimento do meu processo criativo.<\/p>\n<p>Mas confesso tamb\u00e9m que isso \u00e9 fruto do fato de n\u00e3o ter uma agenda de shows e outras coisas pela frente, pelo menos por enquanto. Isto \u00e9\u2026 quando tem show, a gente tem que dar conta e preparar m\u00fasicas que satisfa\u00e7am aquela ocasi\u00e3o. No momento, o meu palco \u00e9 a internet. O meu p\u00fablico \u00e9 uma pessoa sozinha. Ent\u00e3o, o que eu tenho a dizer \u00e9 diferente. Minha rela\u00e7\u00e3o com as pessoas est\u00e1 mediada por uma interface digital. Quero usar essa interface de forma que fa\u00e7a sentido neste momento.<\/p>\n<figure id=\"attachment_22816\" aria-describedby=\"caption-attachment-22816\" style=\"width: 630px\" class=\"wp-caption aligncenter\"><a href=\"https:\/\/beatforbeat.com.br\/site\/wp-content\/uploads\/2020\/05\/Craca-1.jpg\"><img decoding=\"async\" class=\"wp-image-22816 lazyload\" data-src=\"https:\/\/beatforbeat.com.br\/site\/wp-content\/uploads\/2020\/05\/Craca-1.jpg\" alt=\"Craca Affection Reflection\" width=\"630\" height=\"343\" data-srcset=\"https:\/\/beatforbeat.com.br\/site\/wp-content\/uploads\/2020\/05\/Craca-1.jpg 1870w, https:\/\/beatforbeat.com.br\/site\/wp-content\/uploads\/2020\/05\/Craca-1-300x163.jpg 300w, https:\/\/beatforbeat.com.br\/site\/wp-content\/uploads\/2020\/05\/Craca-1-1024x558.jpg 1024w, https:\/\/beatforbeat.com.br\/site\/wp-content\/uploads\/2020\/05\/Craca-1-768x418.jpg 768w, https:\/\/beatforbeat.com.br\/site\/wp-content\/uploads\/2020\/05\/Craca-1-1536x837.jpg 1536w\" data-sizes=\"(max-width: 630px) 100vw, 630px\" src=\"data:image\/svg+xml;base64,PHN2ZyB3aWR0aD0iMSIgaGVpZ2h0PSIxIiB4bWxucz0iaHR0cDovL3d3dy53My5vcmcvMjAwMC9zdmciPjwvc3ZnPg==\" style=\"--smush-placeholder-width: 630px; --smush-placeholder-aspect-ratio: 630\/343;\" \/><\/a><figcaption id=\"caption-attachment-22816\" class=\"wp-caption-text\">Craca no clipe de &#8216;Affection Reflection&#8217;<\/figcaption><\/figure>\n<p><strong>B4B<\/strong> &#8211; O clipe de &#8216;<em>Affection Reflection<\/em>&#8216; foi gravado de forma caseira, mas com proje\u00e7\u00f5es incr\u00edveis, uma produ\u00e7\u00e3o pra ningu\u00e9m botar defeito. Em \u00e9pocas de isolamento, que sentimento e ensinamento, ficam ao precisar criar um v\u00eddeo do tipo, sozinho? Como foi fazer essa grava\u00e7\u00e3o?<\/p>\n<p><span style=\"color: #ff6600;\"><strong>Craca<\/strong> <\/span>&#8211; Quem assiste ao &#8216;<em>Affection Reflection<\/em>&#8216; pode pensar que eu disponho de um caro equipamento ultra moderno e uma equipe de assistentes\u2026 \u00a0nada disso. Aqui \u00e9 &#8220;gambiarrologia&#8221; n\u00edvel hard.\u00a0 Tudo que eu fa\u00e7o tem um percentual elevado de \u201cjeitinho\u201d. Esse clipe foi filmado aqui no meu pequeno est\u00fadio de uma sala s\u00f3. Os 3 pain\u00e9is luminosos que aparecem s\u00e3o apenas os pain\u00e9is ac\u00fasticos das paredes. Um simples tecido emoldurado.\u00a0 Toda a imagem foi projetada por um \u00fanico projetor pequeno; o instrumento que estou tocando \u00e9 um controlador MIDI que eu mesmo fiz e, claro, eu mesmo editei e finalizei.\u00a0 Infelizmente esse \u00e9 o jeito de fazer as coisas se voc\u00ea n\u00e3o quer gastar uma fortuna com equipes e equipamentos.<\/p>\n<p>Eu acho mesmo que voc\u00ea tem que pegar e fazer. Invente sua pr\u00f3pria solu\u00e7\u00e3o. Desenvolva sua tecnologia. S\u00f3 n\u00e3o aceite ficar sem fazer.\u00a0 Fiz muitas apresenta\u00e7\u00f5es usando pequenos projetores caseiros combinados a espelhos curvados (esses de porta de garagem), pra simular uma lente grande angular. N\u00e3o fica perfeito, mas eu poderia deixar de realizar o que tenho na cabe\u00e7a s\u00f3 por causa do custo de uma lente de projetor?<\/p>\n<p><iframe title=\"CRACA - Affection Reflection (Afeto Reflexo)\" width=\"1200\" height=\"675\" data-src=\"https:\/\/www.youtube.com\/embed\/vEiXI2UbD1o?feature=oembed\" frameborder=\"0\" allow=\"accelerometer; autoplay; clipboard-write; encrypted-media; gyroscope; picture-in-picture; web-share\" referrerpolicy=\"strict-origin-when-cross-origin\" allowfullscreen src=\"data:image\/svg+xml;base64,PHN2ZyB3aWR0aD0iMSIgaGVpZ2h0PSIxIiB4bWxucz0iaHR0cDovL3d3dy53My5vcmcvMjAwMC9zdmciPjwvc3ZnPg==\" class=\"lazyload\" data-load-mode=\"1\"><\/iframe><\/p>\n<p><strong>B4B<\/strong> &#8211; Voc\u00ea divide o seu tempo entre a produ\u00e7\u00e3o musical e as artes visuais, com mostras no Uruguai, Argentina e algumas cidades do Brasil. Como \u00e9 dividir toda a sua criatividade em projetos t\u00e3o distintos, mas que ao mesmo tempo, se completam?<\/p>\n<p><span style=\"color: #ff6600;\"><strong>Craca<\/strong> <\/span>&#8211; Essa pendula\u00e7\u00e3o de interesses, esse poliamor art\u00edstico ajuda a manter a cabe\u00e7a saud\u00e1vel e em constante atualiza\u00e7\u00e3o. N\u00e3o consigo abrir m\u00e3o disso. Mas\u2026 tempo eu n\u00e3o tenho. Ou melhor\u2026 n\u00e3o tinha!\u00a0 Realmente era uma correria muito doida. Uma sobreposi\u00e7\u00e3o de tudo. Ano passado, por exemplo, estava na Argentina montando uma obra por uma semana, de manha cedo at\u00e9 o final da tarde. Chegava no hotel, tomava um banho e sentava pra escrever um artigo que fazia parte da minha participa\u00e7\u00e3o num festival de videomapping em Brasilia, enquanto seguia a ininterrupta produ\u00e7\u00e3o burocr\u00e1tica da carreira musical de meu projeto solo e do projeto ao lado de <strong>Dani Nega<\/strong>. Resultado: uma noite ca\u00ed com febre alt\u00edssima.<\/p>\n<p>Esse \u00e9 um problema muito comum no meio art\u00edstico e em especial no brasileiro. A gente \u00e9 muito sozinho na produ\u00e7\u00e3o das coisas e realmente atinge o limite Mas, eu amo musica eletr\u00f4nica e amo artes visuais e n\u00e3o conseguiria s\u00f3 fazer um ou outro. O jeito mesmo, \u00e9 juntar tudo numa coisa s\u00f3, como passei a fazer desde o lan\u00e7amento de meu primeiro \u00e1lbum solo, o &#8216;<em>Traquitana Audiovisual<\/em>&#8216;. Nesse projeto, consegui juntar a m\u00fasica eletr\u00f4nica h\u00edbrida que eu fa\u00e7o, com os visuais de meus videomappings interativos e a possibilidade de ocupar espa\u00e7os n\u00e3o convencionais, como por\u00f5es. \u00c9 um trabalho enorme. Mas o sorriso do publico depois do show confirma que valeu a pena.<\/p>\n<figure id=\"attachment_22817\" aria-describedby=\"caption-attachment-22817\" style=\"width: 630px\" class=\"wp-caption aligncenter\"><a href=\"https:\/\/beatforbeat.com.br\/site\/wp-content\/uploads\/2020\/05\/Craca-2.jpg\"><img decoding=\"async\" class=\"wp-image-22817 lazyload\" data-src=\"https:\/\/beatforbeat.com.br\/site\/wp-content\/uploads\/2020\/05\/Craca-2.jpg\" alt=\"Craca 4ANTENA\" width=\"630\" height=\"354\" data-srcset=\"https:\/\/beatforbeat.com.br\/site\/wp-content\/uploads\/2020\/05\/Craca-2.jpg 1440w, https:\/\/beatforbeat.com.br\/site\/wp-content\/uploads\/2020\/05\/Craca-2-300x169.jpg 300w, https:\/\/beatforbeat.com.br\/site\/wp-content\/uploads\/2020\/05\/Craca-2-1024x576.jpg 1024w, https:\/\/beatforbeat.com.br\/site\/wp-content\/uploads\/2020\/05\/Craca-2-768x432.jpg 768w\" data-sizes=\"(max-width: 630px) 100vw, 630px\" src=\"data:image\/svg+xml;base64,PHN2ZyB3aWR0aD0iMSIgaGVpZ2h0PSIxIiB4bWxucz0iaHR0cDovL3d3dy53My5vcmcvMjAwMC9zdmciPjwvc3ZnPg==\" style=\"--smush-placeholder-width: 630px; --smush-placeholder-aspect-ratio: 630\/354;\" \/><\/a><figcaption id=\"caption-attachment-22817\" class=\"wp-caption-text\">Instala\u00e7\u00e3o &#8220;UM LIVRO DE AMOR&#8221;, de Craca<\/figcaption><\/figure>\n<p><strong>B4B<\/strong> &#8211; Voc\u00ea tamb\u00e9m tem realizado aulas de produ\u00e7\u00e3o musical via Zoom e o valor das aulas, tem revertido para causas sociais. Voc\u00ea percebe que neste momento, as pessoas tornaram-se mais solid\u00e1rias? Como est\u00e1 o engajamento das pessoas com rela\u00e7\u00e3o ao desenvolvimento pessoal e profissional?<\/p>\n<p><span style=\"color: #ff6600;\"><strong>Craca<\/strong> <\/span>&#8211; Pois \u00e9\u2026 assim que o lado mais negativo da quarentena come\u00e7ou a dar as caras, comecei a buscar formas de ajudar grupos em situa\u00e7\u00e3o mais vulner\u00e1vel, mas h\u00e1 um limite no que cada um pode fazer\/doar sozinho. Assim, por conta do pedido de alguns amigos que queriam aulas de produ\u00e7\u00e3o musical, comecei a dar um curso onde o pagamento \u00e9 uma doa\u00e7\u00e3o de qualquer valor a alguma das campanhas \u00a0de redu\u00e7\u00e3o de danos da COVID-19 que eu indico. Deu muito certo. A procura foi bem grande e teve a presen\u00e7a de m\u00fasicos que, na verdade, eu admiro demais. Gente premiada por seus trabalhos. Uma honra pra mim.<\/p>\n<p>Mas acho que o mais bonito foi essa coisa de perceber que podemos todos seguir estudando, criando, crescendo e ao mesmo tempo ajudando quem est\u00e1 muito desassistido. Agora mesmo, estou respondendo esta entrevista ainda emocionado com o email que acabei de ler, de uma das participantes desse curso, que me escreveu para disponibilizar sua estrutura e oferecer ajuda no que eu precisar. \u00a0 Isso acontecia antes?\u00a0 O cada um por si chegou ao limite. Agora, quem n\u00e3o praticar empatia pelo outro, n\u00e3o vai merecer aten\u00e7\u00e3o mais.<\/p>\n<figure id=\"attachment_22818\" aria-describedby=\"caption-attachment-22818\" style=\"width: 630px\" class=\"wp-caption aligncenter\"><a href=\"https:\/\/beatforbeat.com.br\/site\/wp-content\/uploads\/2020\/05\/Craca-3-e1588871737700.jpg\"><img decoding=\"async\" class=\"wp-image-22818 lazyload\" data-src=\"https:\/\/beatforbeat.com.br\/site\/wp-content\/uploads\/2020\/05\/Craca-3-e1588871737700.jpg\" alt=\"Craca SBVRSVA\" width=\"630\" height=\"431\" data-srcset=\"https:\/\/beatforbeat.com.br\/site\/wp-content\/uploads\/2020\/05\/Craca-3-e1588871737700.jpg 960w, https:\/\/beatforbeat.com.br\/site\/wp-content\/uploads\/2020\/05\/Craca-3-e1588871737700-300x205.jpg 300w, https:\/\/beatforbeat.com.br\/site\/wp-content\/uploads\/2020\/05\/Craca-3-e1588871737700-768x526.jpg 768w\" data-sizes=\"(max-width: 630px) 100vw, 630px\" src=\"data:image\/svg+xml;base64,PHN2ZyB3aWR0aD0iMSIgaGVpZ2h0PSIxIiB4bWxucz0iaHR0cDovL3d3dy53My5vcmcvMjAwMC9zdmciPjwvc3ZnPg==\" style=\"--smush-placeholder-width: 630px; --smush-placeholder-aspect-ratio: 630\/431;\" \/><\/a><figcaption id=\"caption-attachment-22818\" class=\"wp-caption-text\">Craca na SBVRSVA<\/figcaption><\/figure>\n<p><strong>B4B<\/strong> &#8211; Pra encerrar, mesmo que o cen\u00e1rio ainda seja nebuloso, quais s\u00e3o os planos do Craca para o 2\u00ba semestre? O que podemos esperar p\u00f3s &#8216;<em>Affection Reflection<\/em>\u2019?<\/p>\n<p><span style=\"color: #ff6600;\"><strong>Craca<\/strong> <\/span>&#8211; N\u00e3o parece que eu v\u00e1 voltar a fazer shows ainda este ano. Mas\u2026 seja quando for\u2026 voltarei com um repert\u00f3rio novo de musicas e imagens. Estou a cada vez mais a procura de espa\u00e7os \u00a0n\u00e3o convencionais para apresentar meu espet\u00e1culo de m\u00fasica e videomapping. Havia uma negocia\u00e7\u00e3o avan\u00e7ando para uma temporada especial nos por\u00f5es do <strong>CCSP<\/strong>. Vou fazer o poss\u00edvel pra isso acontecer. \u00c9 uma caverna enorme toda recortada por pilastras estruturais, o lugar ideal para uma apresenta\u00e7\u00e3o de musica eletr\u00f4nica em sistema de som quadrif\u00f4nico e visuais sincronizados ao longo de toda essa arquitetura.<\/p>\n<p>Al\u00e9m disso, tivemos que cancelar, a poucos dias do come\u00e7o da quarentena, dois shows de Craca e Dani Nega com participa\u00e7\u00e3o do<strong> Met\u00e1 Met\u00e1<\/strong>. Isso doeu. O show estava lindo e lan\u00e7ar\u00edamos umas vers\u00f5es eletr\u00f4nicas remixadas.\u00a0 Tivemos um aceno do SESC comprometendo-se a remarcar esse show quando for poss\u00edvel. Em breve, nos encontraremos novamente!<\/p>\n","protected":false},"excerpt":{"rendered":"Artista multifacetado, Craca combina a m\u00fasica eletr\u00f4nica com artes visuais, criando assim experi\u00eancias \u00fanicas, que ele conta pra&hellip;","protected":false},"author":2,"featured_media":22987,"comment_status":"closed","ping_status":"open","sticky":false,"template":"","format":"standard","meta":{"_monsterinsights_skip_tracking":false,"_monsterinsights_sitenote_active":false,"_monsterinsights_sitenote_note":"","_monsterinsights_sitenote_category":0,"csco_display_header_overlay":false,"csco_singular_sidebar":"","csco_page_header_type":"","csco_page_load_nextpost":"","csco_post_video_location":[],"csco_post_video_location_hash":"","csco_post_video_url":"","csco_post_video_bg_start_time":0,"csco_post_video_bg_end_time":0,"footnotes":""},"categories":[18,11],"tags":[6842,6839,6840,654,6841,6843],"class_list":{"0":"post-22815","1":"post","2":"type-post","3":"status-publish","4":"format-standard","5":"has-post-thumbnail","7":"category-entrevista","8":"category-thumb","9":"tag-affection-reflection","10":"tag-craca","11":"tag-dani-nega","12":"tag-entrevista","13":"tag-felipe-julian","14":"tag-traquitana-audiovisual","15":"cs-entry","16":"cs-video-wrap"},"yoast_head":"<!-- This site is optimized with the Yoast SEO plugin v27.4 - https:\/\/yoast.com\/product\/yoast-seo-wordpress\/ -->\n<title>Entrevistamos: Craca<\/title>\n<meta name=\"description\" content=\"Arista multifacetado, Craca combina a m\u00fasica eletr\u00f4nica com artes visuais, criando assim experi\u00eancias \u00fanicas, que ele conta pra gente.\" \/>\n<meta name=\"robots\" content=\"index, follow, max-snippet:-1, max-image-preview:large, max-video-preview:-1\" \/>\n<link rel=\"canonical\" href=\"https:\/\/beatforbeat.com.br\/site\/entrevistamos-craca\/\" \/>\n<meta property=\"og:locale\" content=\"pt_BR\" \/>\n<meta property=\"og:type\" content=\"article\" \/>\n<meta property=\"og:title\" content=\"Entrevistamos: Craca\" \/>\n<meta property=\"og:description\" content=\"Arista multifacetado, Craca combina a m\u00fasica eletr\u00f4nica com artes visuais, criando assim experi\u00eancias \u00fanicas, que ele conta pra gente.\" \/>\n<meta property=\"og:url\" content=\"https:\/\/beatforbeat.com.br\/site\/entrevistamos-craca\/\" \/>\n<meta property=\"og:site_name\" content=\"Beat for Beat\" \/>\n<meta property=\"article:author\" content=\"https:\/\/www.facebook.com\/viktoraphael\" \/>\n<meta property=\"article:published_time\" content=\"2020-05-07T17:20:34+00:00\" \/>\n<meta property=\"article:modified_time\" content=\"2020-05-19T03:17:52+00:00\" \/>\n<meta property=\"og:image\" content=\"https:\/\/beatforbeat.com.br\/site\/wp-content\/uploads\/2020\/05\/Craca.jpg\" \/>\n\t<meta property=\"og:image:width\" content=\"2048\" \/>\n\t<meta property=\"og:image:height\" content=\"1152\" \/>\n\t<meta property=\"og:image:type\" content=\"image\/jpeg\" \/>\n<meta name=\"author\" content=\"Viktor Raphael\" \/>\n<meta name=\"twitter:card\" content=\"summary_large_image\" \/>\n<meta name=\"twitter:creator\" content=\"@djviktorraphael\" \/>\n<meta name=\"twitter:label1\" content=\"Escrito por\" \/>\n\t<meta name=\"twitter:data1\" content=\"Viktor Raphael\" \/>\n\t<meta name=\"twitter:label2\" content=\"Est. tempo de leitura\" \/>\n\t<meta name=\"twitter:data2\" content=\"8 minutos\" \/>\n<script type=\"application\/ld+json\" class=\"yoast-schema-graph\">{\"@context\":\"https:\\\/\\\/schema.org\",\"@graph\":[{\"@type\":\"Article\",\"@id\":\"https:\\\/\\\/beatforbeat.com.br\\\/site\\\/entrevistamos-craca\\\/#article\",\"isPartOf\":{\"@id\":\"https:\\\/\\\/beatforbeat.com.br\\\/site\\\/entrevistamos-craca\\\/\"},\"author\":{\"name\":\"Viktor Raphael\",\"@id\":\"https:\\\/\\\/beatforbeat.com.br\\\/site\\\/#\\\/schema\\\/person\\\/561e4cc997e993fd5dd84e6b5c9dc306\"},\"headline\":\"Entrevistamos: Craca\",\"datePublished\":\"2020-05-07T17:20:34+00:00\",\"dateModified\":\"2020-05-19T03:17:52+00:00\",\"mainEntityOfPage\":{\"@id\":\"https:\\\/\\\/beatforbeat.com.br\\\/site\\\/entrevistamos-craca\\\/\"},\"wordCount\":1649,\"publisher\":{\"@id\":\"https:\\\/\\\/beatforbeat.com.br\\\/site\\\/#organization\"},\"image\":{\"@id\":\"https:\\\/\\\/beatforbeat.com.br\\\/site\\\/entrevistamos-craca\\\/#primaryimage\"},\"thumbnailUrl\":\"https:\\\/\\\/beatforbeat.com.br\\\/site\\\/wp-content\\\/uploads\\\/2020\\\/05\\\/Craca.jpg\",\"keywords\":[\"Affection Reflection\",\"Craca\",\"Dani Nega\",\"entrevista\",\"Felipe Julian\",\"Traquitana Audiovisual'\"],\"articleSection\":[\"Entrevista\",\"Thumb\"],\"inLanguage\":\"pt-BR\"},{\"@type\":\"WebPage\",\"@id\":\"https:\\\/\\\/beatforbeat.com.br\\\/site\\\/entrevistamos-craca\\\/\",\"url\":\"https:\\\/\\\/beatforbeat.com.br\\\/site\\\/entrevistamos-craca\\\/\",\"name\":\"Entrevistamos: Craca\",\"isPartOf\":{\"@id\":\"https:\\\/\\\/beatforbeat.com.br\\\/site\\\/#website\"},\"primaryImageOfPage\":{\"@id\":\"https:\\\/\\\/beatforbeat.com.br\\\/site\\\/entrevistamos-craca\\\/#primaryimage\"},\"image\":{\"@id\":\"https:\\\/\\\/beatforbeat.com.br\\\/site\\\/entrevistamos-craca\\\/#primaryimage\"},\"thumbnailUrl\":\"https:\\\/\\\/beatforbeat.com.br\\\/site\\\/wp-content\\\/uploads\\\/2020\\\/05\\\/Craca.jpg\",\"datePublished\":\"2020-05-07T17:20:34+00:00\",\"dateModified\":\"2020-05-19T03:17:52+00:00\",\"description\":\"Arista multifacetado, Craca combina a m\u00fasica eletr\u00f4nica com artes visuais, criando assim experi\u00eancias \u00fanicas, que ele conta pra gente.\",\"breadcrumb\":{\"@id\":\"https:\\\/\\\/beatforbeat.com.br\\\/site\\\/entrevistamos-craca\\\/#breadcrumb\"},\"inLanguage\":\"pt-BR\",\"potentialAction\":[{\"@type\":\"ReadAction\",\"target\":[\"https:\\\/\\\/beatforbeat.com.br\\\/site\\\/entrevistamos-craca\\\/\"]}]},{\"@type\":\"ImageObject\",\"inLanguage\":\"pt-BR\",\"@id\":\"https:\\\/\\\/beatforbeat.com.br\\\/site\\\/entrevistamos-craca\\\/#primaryimage\",\"url\":\"https:\\\/\\\/beatforbeat.com.br\\\/site\\\/wp-content\\\/uploads\\\/2020\\\/05\\\/Craca.jpg\",\"contentUrl\":\"https:\\\/\\\/beatforbeat.com.br\\\/site\\\/wp-content\\\/uploads\\\/2020\\\/05\\\/Craca.jpg\",\"width\":2048,\"height\":1152},{\"@type\":\"BreadcrumbList\",\"@id\":\"https:\\\/\\\/beatforbeat.com.br\\\/site\\\/entrevistamos-craca\\\/#breadcrumb\",\"itemListElement\":[{\"@type\":\"ListItem\",\"position\":1,\"name\":\"In\u00edcio\",\"item\":\"https:\\\/\\\/beatforbeat.com.br\\\/site\\\/\"},{\"@type\":\"ListItem\",\"position\":2,\"name\":\"Entrevistamos: Craca\"}]},{\"@type\":\"WebSite\",\"@id\":\"https:\\\/\\\/beatforbeat.com.br\\\/site\\\/#website\",\"url\":\"https:\\\/\\\/beatforbeat.com.br\\\/site\\\/\",\"name\":\"Beat for Beat\",\"description\":\"M\u00fasica \u00e9 a Resposta\",\"publisher\":{\"@id\":\"https:\\\/\\\/beatforbeat.com.br\\\/site\\\/#organization\"},\"potentialAction\":[{\"@type\":\"SearchAction\",\"target\":{\"@type\":\"EntryPoint\",\"urlTemplate\":\"https:\\\/\\\/beatforbeat.com.br\\\/site\\\/?s={search_term_string}\"},\"query-input\":{\"@type\":\"PropertyValueSpecification\",\"valueRequired\":true,\"valueName\":\"search_term_string\"}}],\"inLanguage\":\"pt-BR\"},{\"@type\":\"Organization\",\"@id\":\"https:\\\/\\\/beatforbeat.com.br\\\/site\\\/#organization\",\"name\":\"Beat for Beat\",\"url\":\"https:\\\/\\\/beatforbeat.com.br\\\/site\\\/\",\"logo\":{\"@type\":\"ImageObject\",\"inLanguage\":\"pt-BR\",\"@id\":\"https:\\\/\\\/beatforbeat.com.br\\\/site\\\/#\\\/schema\\\/logo\\\/image\\\/\",\"url\":\"https:\\\/\\\/beatforbeat.com.br\\\/site\\\/wp-content\\\/uploads\\\/2020\\\/05\\\/Logo-Site-600@2x.png\",\"contentUrl\":\"https:\\\/\\\/beatforbeat.com.br\\\/site\\\/wp-content\\\/uploads\\\/2020\\\/05\\\/Logo-Site-600@2x.png\",\"width\":1200,\"height\":1200,\"caption\":\"Beat for Beat\"},\"image\":{\"@id\":\"https:\\\/\\\/beatforbeat.com.br\\\/site\\\/#\\\/schema\\\/logo\\\/image\\\/\"}},{\"@type\":\"Person\",\"@id\":\"https:\\\/\\\/beatforbeat.com.br\\\/site\\\/#\\\/schema\\\/person\\\/561e4cc997e993fd5dd84e6b5c9dc306\",\"name\":\"Viktor Raphael\",\"image\":{\"@type\":\"ImageObject\",\"inLanguage\":\"pt-BR\",\"@id\":\"https:\\\/\\\/secure.gravatar.com\\\/avatar\\\/a6eade5aeded37bd5ee2c073682b2a295287aeb61ca43d85c06a0fa10b4bf7e9?s=96&d=mm&r=g\",\"url\":\"https:\\\/\\\/secure.gravatar.com\\\/avatar\\\/a6eade5aeded37bd5ee2c073682b2a295287aeb61ca43d85c06a0fa10b4bf7e9?s=96&d=mm&r=g\",\"contentUrl\":\"https:\\\/\\\/secure.gravatar.com\\\/avatar\\\/a6eade5aeded37bd5ee2c073682b2a295287aeb61ca43d85c06a0fa10b4bf7e9?s=96&d=mm&r=g\",\"caption\":\"Viktor Raphael\"},\"description\":\"DJ, Produtor, Redator, Libriano e Sonhador. Trance para amar e Techno para dan\u00e7ar, com uma ta\u00e7a de Gin para acompanhar. Onde \u00e9 o after?\",\"sameAs\":[\"https:\\\/\\\/www.facebook.com\\\/viktoraphael\",\"https:\\\/\\\/www.instagram.com\\\/vicraphael_\\\/\",\"https:\\\/\\\/x.com\\\/djviktorraphael\"],\"url\":\"https:\\\/\\\/beatforbeat.com.br\\\/site\\\/author\\\/viktor\\\/\"}]}<\/script>\n<!-- \/ Yoast SEO plugin. -->","yoast_head_json":{"title":"Entrevistamos: Craca","description":"Arista multifacetado, Craca combina a m\u00fasica eletr\u00f4nica com artes visuais, criando assim experi\u00eancias \u00fanicas, que ele conta pra gente.","robots":{"index":"index","follow":"follow","max-snippet":"max-snippet:-1","max-image-preview":"max-image-preview:large","max-video-preview":"max-video-preview:-1"},"canonical":"https:\/\/beatforbeat.com.br\/site\/entrevistamos-craca\/","og_locale":"pt_BR","og_type":"article","og_title":"Entrevistamos: Craca","og_description":"Arista multifacetado, Craca combina a m\u00fasica eletr\u00f4nica com artes visuais, criando assim experi\u00eancias \u00fanicas, que ele conta pra gente.","og_url":"https:\/\/beatforbeat.com.br\/site\/entrevistamos-craca\/","og_site_name":"Beat for Beat","article_author":"https:\/\/www.facebook.com\/viktoraphael","article_published_time":"2020-05-07T17:20:34+00:00","article_modified_time":"2020-05-19T03:17:52+00:00","og_image":[{"width":2048,"height":1152,"url":"https:\/\/beatforbeat.com.br\/site\/wp-content\/uploads\/2020\/05\/Craca.jpg","type":"image\/jpeg"}],"author":"Viktor Raphael","twitter_card":"summary_large_image","twitter_creator":"@djviktorraphael","twitter_misc":{"Escrito por":"Viktor Raphael","Est. tempo de leitura":"8 minutos"},"schema":{"@context":"https:\/\/schema.org","@graph":[{"@type":"Article","@id":"https:\/\/beatforbeat.com.br\/site\/entrevistamos-craca\/#article","isPartOf":{"@id":"https:\/\/beatforbeat.com.br\/site\/entrevistamos-craca\/"},"author":{"name":"Viktor Raphael","@id":"https:\/\/beatforbeat.com.br\/site\/#\/schema\/person\/561e4cc997e993fd5dd84e6b5c9dc306"},"headline":"Entrevistamos: Craca","datePublished":"2020-05-07T17:20:34+00:00","dateModified":"2020-05-19T03:17:52+00:00","mainEntityOfPage":{"@id":"https:\/\/beatforbeat.com.br\/site\/entrevistamos-craca\/"},"wordCount":1649,"publisher":{"@id":"https:\/\/beatforbeat.com.br\/site\/#organization"},"image":{"@id":"https:\/\/beatforbeat.com.br\/site\/entrevistamos-craca\/#primaryimage"},"thumbnailUrl":"https:\/\/beatforbeat.com.br\/site\/wp-content\/uploads\/2020\/05\/Craca.jpg","keywords":["Affection Reflection","Craca","Dani Nega","entrevista","Felipe Julian","Traquitana Audiovisual'"],"articleSection":["Entrevista","Thumb"],"inLanguage":"pt-BR"},{"@type":"WebPage","@id":"https:\/\/beatforbeat.com.br\/site\/entrevistamos-craca\/","url":"https:\/\/beatforbeat.com.br\/site\/entrevistamos-craca\/","name":"Entrevistamos: Craca","isPartOf":{"@id":"https:\/\/beatforbeat.com.br\/site\/#website"},"primaryImageOfPage":{"@id":"https:\/\/beatforbeat.com.br\/site\/entrevistamos-craca\/#primaryimage"},"image":{"@id":"https:\/\/beatforbeat.com.br\/site\/entrevistamos-craca\/#primaryimage"},"thumbnailUrl":"https:\/\/beatforbeat.com.br\/site\/wp-content\/uploads\/2020\/05\/Craca.jpg","datePublished":"2020-05-07T17:20:34+00:00","dateModified":"2020-05-19T03:17:52+00:00","description":"Arista multifacetado, Craca combina a m\u00fasica eletr\u00f4nica com artes visuais, criando assim experi\u00eancias \u00fanicas, que ele conta pra gente.","breadcrumb":{"@id":"https:\/\/beatforbeat.com.br\/site\/entrevistamos-craca\/#breadcrumb"},"inLanguage":"pt-BR","potentialAction":[{"@type":"ReadAction","target":["https:\/\/beatforbeat.com.br\/site\/entrevistamos-craca\/"]}]},{"@type":"ImageObject","inLanguage":"pt-BR","@id":"https:\/\/beatforbeat.com.br\/site\/entrevistamos-craca\/#primaryimage","url":"https:\/\/beatforbeat.com.br\/site\/wp-content\/uploads\/2020\/05\/Craca.jpg","contentUrl":"https:\/\/beatforbeat.com.br\/site\/wp-content\/uploads\/2020\/05\/Craca.jpg","width":2048,"height":1152},{"@type":"BreadcrumbList","@id":"https:\/\/beatforbeat.com.br\/site\/entrevistamos-craca\/#breadcrumb","itemListElement":[{"@type":"ListItem","position":1,"name":"In\u00edcio","item":"https:\/\/beatforbeat.com.br\/site\/"},{"@type":"ListItem","position":2,"name":"Entrevistamos: Craca"}]},{"@type":"WebSite","@id":"https:\/\/beatforbeat.com.br\/site\/#website","url":"https:\/\/beatforbeat.com.br\/site\/","name":"Beat for Beat","description":"M\u00fasica \u00e9 a Resposta","publisher":{"@id":"https:\/\/beatforbeat.com.br\/site\/#organization"},"potentialAction":[{"@type":"SearchAction","target":{"@type":"EntryPoint","urlTemplate":"https:\/\/beatforbeat.com.br\/site\/?s={search_term_string}"},"query-input":{"@type":"PropertyValueSpecification","valueRequired":true,"valueName":"search_term_string"}}],"inLanguage":"pt-BR"},{"@type":"Organization","@id":"https:\/\/beatforbeat.com.br\/site\/#organization","name":"Beat for Beat","url":"https:\/\/beatforbeat.com.br\/site\/","logo":{"@type":"ImageObject","inLanguage":"pt-BR","@id":"https:\/\/beatforbeat.com.br\/site\/#\/schema\/logo\/image\/","url":"https:\/\/beatforbeat.com.br\/site\/wp-content\/uploads\/2020\/05\/Logo-Site-600@2x.png","contentUrl":"https:\/\/beatforbeat.com.br\/site\/wp-content\/uploads\/2020\/05\/Logo-Site-600@2x.png","width":1200,"height":1200,"caption":"Beat for Beat"},"image":{"@id":"https:\/\/beatforbeat.com.br\/site\/#\/schema\/logo\/image\/"}},{"@type":"Person","@id":"https:\/\/beatforbeat.com.br\/site\/#\/schema\/person\/561e4cc997e993fd5dd84e6b5c9dc306","name":"Viktor Raphael","image":{"@type":"ImageObject","inLanguage":"pt-BR","@id":"https:\/\/secure.gravatar.com\/avatar\/a6eade5aeded37bd5ee2c073682b2a295287aeb61ca43d85c06a0fa10b4bf7e9?s=96&d=mm&r=g","url":"https:\/\/secure.gravatar.com\/avatar\/a6eade5aeded37bd5ee2c073682b2a295287aeb61ca43d85c06a0fa10b4bf7e9?s=96&d=mm&r=g","contentUrl":"https:\/\/secure.gravatar.com\/avatar\/a6eade5aeded37bd5ee2c073682b2a295287aeb61ca43d85c06a0fa10b4bf7e9?s=96&d=mm&r=g","caption":"Viktor Raphael"},"description":"DJ, Produtor, Redator, Libriano e Sonhador. Trance para amar e Techno para dan\u00e7ar, com uma ta\u00e7a de Gin para acompanhar. Onde \u00e9 o after?","sameAs":["https:\/\/www.facebook.com\/viktoraphael","https:\/\/www.instagram.com\/vicraphael_\/","https:\/\/x.com\/djviktorraphael"],"url":"https:\/\/beatforbeat.com.br\/site\/author\/viktor\/"}]}},"amp_enabled":true,"_links":{"self":[{"href":"https:\/\/beatforbeat.com.br\/site\/wp-json\/wp\/v2\/posts\/22815","targetHints":{"allow":["GET"]}}],"collection":[{"href":"https:\/\/beatforbeat.com.br\/site\/wp-json\/wp\/v2\/posts"}],"about":[{"href":"https:\/\/beatforbeat.com.br\/site\/wp-json\/wp\/v2\/types\/post"}],"author":[{"embeddable":true,"href":"https:\/\/beatforbeat.com.br\/site\/wp-json\/wp\/v2\/users\/2"}],"replies":[{"embeddable":true,"href":"https:\/\/beatforbeat.com.br\/site\/wp-json\/wp\/v2\/comments?post=22815"}],"version-history":[{"count":0,"href":"https:\/\/beatforbeat.com.br\/site\/wp-json\/wp\/v2\/posts\/22815\/revisions"}],"wp:featuredmedia":[{"embeddable":true,"href":"https:\/\/beatforbeat.com.br\/site\/wp-json\/wp\/v2\/media\/22987"}],"wp:attachment":[{"href":"https:\/\/beatforbeat.com.br\/site\/wp-json\/wp\/v2\/media?parent=22815"}],"wp:term":[{"taxonomy":"category","embeddable":true,"href":"https:\/\/beatforbeat.com.br\/site\/wp-json\/wp\/v2\/categories?post=22815"},{"taxonomy":"post_tag","embeddable":true,"href":"https:\/\/beatforbeat.com.br\/site\/wp-json\/wp\/v2\/tags?post=22815"}],"curies":[{"name":"wp","href":"https:\/\/api.w.org\/{rel}","templated":true}]}}