{"id":28040,"date":"2021-05-26T16:54:21","date_gmt":"2021-05-26T19:54:21","guid":{"rendered":"https:\/\/beatforbeat.com.br\/site\/?p=28040"},"modified":"2021-05-26T17:07:28","modified_gmt":"2021-05-26T20:07:28","slug":"gabriel-thes-gabe-sx-oracao-pra-ela","status":"publish","type":"post","link":"https:\/\/beatforbeat.com.br\/site\/gabriel-thes-gabe-sx-oracao-pra-ela\/","title":{"rendered":"Gabriel Thes e Gabe.Sx apresentam o single &#8216;Ora\u00e7\u00e3o Pra Ela&#8217;"},"content":{"rendered":"<p>Dialogando com pop, jazz, flertando com m\u00fasica eletr\u00f4nica e nuances de bossa nova, Gabriel Thes e Gabe.Sx lan\u00e7am &#8216;Ora\u00e7\u00e3o Pra Ela&#8217;.<\/p>\n<p><a href=\"https:\/\/beatforbeat.com.br\/site\/wp-content\/uploads\/2021\/05\/Design-sem-nome-93.jpg\"><img decoding=\"async\" class=\"wp-image-28041 aligncenter lazyload\" data-src=\"https:\/\/beatforbeat.com.br\/site\/wp-content\/uploads\/2021\/05\/Design-sem-nome-93.jpg\" alt=\"Gabriel Thes e Gabe.Sx\" width=\"630\" height=\"420\" data-srcset=\"https:\/\/beatforbeat.com.br\/site\/wp-content\/uploads\/2021\/05\/Design-sem-nome-93.jpg 1200w, https:\/\/beatforbeat.com.br\/site\/wp-content\/uploads\/2021\/05\/Design-sem-nome-93-300x200.jpg 300w, https:\/\/beatforbeat.com.br\/site\/wp-content\/uploads\/2021\/05\/Design-sem-nome-93-1024x683.jpg 1024w, https:\/\/beatforbeat.com.br\/site\/wp-content\/uploads\/2021\/05\/Design-sem-nome-93-768x512.jpg 768w\" data-sizes=\"(max-width: 630px) 100vw, 630px\" src=\"data:image\/svg+xml;base64,PHN2ZyB3aWR0aD0iMSIgaGVpZ2h0PSIxIiB4bWxucz0iaHR0cDovL3d3dy53My5vcmcvMjAwMC9zdmciPjwvc3ZnPg==\" style=\"--smush-placeholder-width: 630px; --smush-placeholder-aspect-ratio: 630\/420;\" \/><\/a><\/p>\n<p>Toda rela\u00e7\u00e3o tem as suas dificuldades. E para enfrent\u00e1-las, \u00e9 essencial ter f\u00e9. Este \u00e9 o tema do novo single do cantor <strong>Gabriel Thes<\/strong> em parceria com o produtor <strong>Gabe.Sx<\/strong>, intitulado &#8216;<em><a href=\"https:\/\/open.spotify.com\/track\/0PWWy6HSXed8hEe5trTvd3?si=e9ac9ac41a734590\" target=\"_blank\" rel=\"noopener\">Ora\u00e7\u00e3o Pra Ela<\/a>&#8216;<\/em>.\u00a0 No \u00e2mbito mel\u00f3dico, a faixa dialoga com o pop e o jazz enquanto flerta com aspectos da m\u00fasica eletr\u00f4nica.<\/p><div id=\"beatf-943654302\" class=\"beatf-conteudo_2 beatf-entity-placement\"><script async src=\"\/\/pagead2.googlesyndication.com\/pagead\/js\/adsbygoogle.js?client=ca-pub-5262797664076819\" crossorigin=\"anonymous\"><\/script><ins class=\"adsbygoogle\" style=\"display:block; text-align:center;\" data-ad-client=\"ca-pub-5262797664076819\" \ndata-ad-slot=\"8185743757\" \ndata-ad-layout=\"in-article\"\ndata-ad-format=\"fluid\"><\/ins>\n<script> \n(adsbygoogle = window.adsbygoogle || []).push({}); \n<\/script>\n<\/div>\n<p>Este \u00e9 o segundo lan\u00e7amento que os artistas divulgam em conjunto neste ano. Anteriormente, <em>Gabriel Thes<\/em> e <em>Gabe.Sx<\/em> disponibilizaram o single &#8216;<em>Vento&#8217;<\/em>. Ambas as faixas ainda utilizam nuances de bossa nova para frisar o sentimentalismo e a uni\u00e3o da dupla. Para o produtor, &#8216;<em>Ora\u00e7\u00e3o Pra Ela&#8217;<\/em> tem uma din\u00e2mica simples.<\/p>\n<blockquote><p>\u201c<em>Propositalmente, inclui poucas partes percussivas. Assim, deixamos toda a tens\u00e3o por conta do viol\u00e3o, da voz e do baixo. Isso faz com que o ouvinte d\u00ea mais aten\u00e7\u00e3o para a mensagem da m\u00fasica<\/em>\u201d, explicou <em>Gabe.Sx<\/em>.<\/p><\/blockquote>\n<p><em>Thes<\/em>, por sua vez, destaca a melancolia da letra.<\/p>\n<blockquote><p>\u201c<em>Os versos foram escritos literalmente no formato de uma prece. Por isso, vejo a letra como uma esp\u00e9cie de pedido de socorro em prol de um relacionamento. Mais do que isso, tamb\u00e9m \u00e9 uma dedicat\u00f3ria<\/em>\u201d.<\/p><\/blockquote>\n<p>Vale pontuar que o single <em>Ora\u00e7\u00e3o Pra Ela<\/em> dever\u00e1 integrar o setlist do pr\u00f3ximo \u00e1lbum de est\u00fadio de <em>Gabe.Sx<\/em>. Natural de Santos, S\u00e3o Paulo, o artista j\u00e1 colaborou com diversos nomes internacionais. Em 2018, por exemplo, trabalhou em parceria com\u00a0 <em>Cxsinesis<\/em> (M\u00e9xico), <em>Gary O\u2019Neill<\/em> (Irlanda) e <em>Dreamalot<\/em> (Canad\u00e1) no debute <em>Vancouver Sessions<\/em>.<\/p>\n<p>Gabriel Thes \u00e9 proveniente de Belo Horizonte, Minas Gerais. Por\u00e9m, reside em Cubat\u00e3o. O cantor e letrista tamb\u00e9m conta com novos lan\u00e7amentos autorais em desenvolvimento.<\/p>\n<p>Escute &#8216;<em>Ora\u00e7\u00e3o Pra Ela&#8217;<\/em> via Spotify:<\/p>\n<p><iframe title=\"Spotify Embed: Ora\u00e7\u00e3o pra Ela\" style=\"border-radius: 12px\" width=\"100%\" height=\"352\" frameborder=\"0\" allowfullscreen allow=\"autoplay; clipboard-write; encrypted-media; fullscreen; picture-in-picture\" data-src=\"https:\/\/open.spotify.com\/embed\/album\/59qpXR9Jeq9ax6Wn14K0FS?si=LvEW7OcuREKqFzm0i9oTPg&#038;nd=1&#038;utm_source=oembed\" src=\"data:image\/svg+xml;base64,PHN2ZyB3aWR0aD0iMSIgaGVpZ2h0PSIxIiB4bWxucz0iaHR0cDovL3d3dy53My5vcmcvMjAwMC9zdmciPjwvc3ZnPg==\" class=\"lazyload\" data-load-mode=\"1\"><\/iframe><\/p>\n","protected":false},"excerpt":{"rendered":"Dialogando com pop, jazz, flertando com m\u00fasica eletr\u00f4nica e nuances de bossa nova, Gabriel Thes e Gabe.Sx lan\u00e7am&hellip;","protected":false},"author":2,"featured_media":28041,"comment_status":"closed","ping_status":"open","sticky":false,"template":"","format":"standard","meta":{"_monsterinsights_skip_tracking":false,"_monsterinsights_sitenote_active":false,"_monsterinsights_sitenote_note":"","_monsterinsights_sitenote_category":0,"csco_display_header_overlay":false,"csco_singular_sidebar":"","csco_page_header_type":"","csco_page_load_nextpost":"","csco_post_video_location":[],"csco_post_video_location_hash":"","csco_post_video_url":"","csco_post_video_bg_start_time":0,"csco_post_video_bg_end_time":0,"footnotes":""},"categories":[7938],"tags":[9974,53,9976,9945,9944,9975,147,9946,9977,9973],"class_list":{"0":"post-28040","1":"post","2":"type-post","3":"status-publish","4":"format-standard","5":"has-post-thumbnail","7":"category-lancamentos","8":"tag-cxsinesis","9":"tag-dj","10":"tag-dreamalot","11":"tag-gabe-sx","12":"tag-gabril-thes","13":"tag-gary-oneill","14":"tag-lancamento","15":"tag-oracao-pra-ela","16":"tag-vancouver-sessions","17":"tag-vento","18":"cs-entry","19":"cs-video-wrap"},"yoast_head":"<!-- This site is optimized with the Yoast SEO plugin v27.4 - https:\/\/yoast.com\/product\/yoast-seo-wordpress\/ -->\n<title>Gabriel Thes e Gabe.Sx apresentam o single &#039;Ora\u00e7\u00e3o Pra Ela&#039;<\/title>\n<meta name=\"description\" content=\"\u00a0Dialogando com pop, jazz, flertando com m\u00fasica eletr\u00f4nica e nuances de bossa nova, Gabriel Thes e Gabe.Sx lan\u00e7am &#039;Ora\u00e7\u00e3o Pra Ela&#039;.\" \/>\n<meta name=\"robots\" content=\"index, follow, max-snippet:-1, max-image-preview:large, max-video-preview:-1\" \/>\n<link rel=\"canonical\" href=\"https:\/\/beatforbeat.com.br\/site\/gabriel-thes-gabe-sx-oracao-pra-ela\/\" \/>\n<meta property=\"og:locale\" content=\"pt_BR\" \/>\n<meta property=\"og:type\" content=\"article\" \/>\n<meta property=\"og:title\" content=\"Gabriel Thes e Gabe.Sx apresentam o single &#039;Ora\u00e7\u00e3o Pra Ela&#039;\" \/>\n<meta property=\"og:description\" content=\"\u00a0Dialogando com pop, jazz, flertando com m\u00fasica eletr\u00f4nica e nuances de bossa nova, Gabriel Thes e Gabe.Sx lan\u00e7am &#039;Ora\u00e7\u00e3o Pra Ela&#039;.\" \/>\n<meta property=\"og:url\" content=\"https:\/\/beatforbeat.com.br\/site\/gabriel-thes-gabe-sx-oracao-pra-ela\/\" \/>\n<meta property=\"og:site_name\" content=\"Beat for Beat\" \/>\n<meta property=\"article:author\" content=\"https:\/\/www.facebook.com\/viktoraphael\" \/>\n<meta property=\"article:published_time\" content=\"2021-05-26T19:54:21+00:00\" \/>\n<meta property=\"article:modified_time\" content=\"2021-05-26T20:07:28+00:00\" \/>\n<meta property=\"og:image\" content=\"https:\/\/beatforbeat.com.br\/site\/wp-content\/uploads\/2021\/05\/Design-sem-nome-93.jpg\" \/>\n\t<meta property=\"og:image:width\" content=\"1200\" \/>\n\t<meta property=\"og:image:height\" content=\"800\" \/>\n\t<meta property=\"og:image:type\" content=\"image\/jpeg\" \/>\n<meta name=\"author\" content=\"Viktor Raphael\" \/>\n<meta name=\"twitter:card\" content=\"summary_large_image\" \/>\n<meta name=\"twitter:creator\" content=\"@djviktorraphael\" \/>\n<meta name=\"twitter:label1\" content=\"Escrito por\" \/>\n\t<meta name=\"twitter:data1\" content=\"Viktor Raphael\" \/>\n\t<meta name=\"twitter:label2\" content=\"Est. tempo de leitura\" \/>\n\t<meta name=\"twitter:data2\" content=\"2 minutos\" \/>\n<script type=\"application\/ld+json\" class=\"yoast-schema-graph\">{\"@context\":\"https:\\\/\\\/schema.org\",\"@graph\":[{\"@type\":\"Article\",\"@id\":\"https:\\\/\\\/beatforbeat.com.br\\\/site\\\/gabriel-thes-gabe-sx-oracao-pra-ela\\\/#article\",\"isPartOf\":{\"@id\":\"https:\\\/\\\/beatforbeat.com.br\\\/site\\\/gabriel-thes-gabe-sx-oracao-pra-ela\\\/\"},\"author\":{\"name\":\"Viktor Raphael\",\"@id\":\"https:\\\/\\\/beatforbeat.com.br\\\/site\\\/#\\\/schema\\\/person\\\/561e4cc997e993fd5dd84e6b5c9dc306\"},\"headline\":\"Gabriel Thes e Gabe.Sx apresentam o single &#8216;Ora\u00e7\u00e3o Pra Ela&#8217;\",\"datePublished\":\"2021-05-26T19:54:21+00:00\",\"dateModified\":\"2021-05-26T20:07:28+00:00\",\"mainEntityOfPage\":{\"@id\":\"https:\\\/\\\/beatforbeat.com.br\\\/site\\\/gabriel-thes-gabe-sx-oracao-pra-ela\\\/\"},\"wordCount\":347,\"publisher\":{\"@id\":\"https:\\\/\\\/beatforbeat.com.br\\\/site\\\/#organization\"},\"image\":{\"@id\":\"https:\\\/\\\/beatforbeat.com.br\\\/site\\\/gabriel-thes-gabe-sx-oracao-pra-ela\\\/#primaryimage\"},\"thumbnailUrl\":\"https:\\\/\\\/beatforbeat.com.br\\\/site\\\/wp-content\\\/uploads\\\/2021\\\/05\\\/Design-sem-nome-93.jpg\",\"keywords\":[\"Cxsinesis\",\"DJ\",\"Dreamalot\",\"Gabe.Sx\",\"Gabril Thes\",\"Gary O\u2019Neill\",\"lan\u00e7amento\",\"Ora\u00e7\u00e3o Pra Ela\",\"Vancouver Sessions\",\"Vento\"],\"articleSection\":[\"Lan\u00e7amentos\"],\"inLanguage\":\"pt-BR\"},{\"@type\":\"WebPage\",\"@id\":\"https:\\\/\\\/beatforbeat.com.br\\\/site\\\/gabriel-thes-gabe-sx-oracao-pra-ela\\\/\",\"url\":\"https:\\\/\\\/beatforbeat.com.br\\\/site\\\/gabriel-thes-gabe-sx-oracao-pra-ela\\\/\",\"name\":\"Gabriel Thes e Gabe.Sx apresentam o single 'Ora\u00e7\u00e3o Pra Ela'\",\"isPartOf\":{\"@id\":\"https:\\\/\\\/beatforbeat.com.br\\\/site\\\/#website\"},\"primaryImageOfPage\":{\"@id\":\"https:\\\/\\\/beatforbeat.com.br\\\/site\\\/gabriel-thes-gabe-sx-oracao-pra-ela\\\/#primaryimage\"},\"image\":{\"@id\":\"https:\\\/\\\/beatforbeat.com.br\\\/site\\\/gabriel-thes-gabe-sx-oracao-pra-ela\\\/#primaryimage\"},\"thumbnailUrl\":\"https:\\\/\\\/beatforbeat.com.br\\\/site\\\/wp-content\\\/uploads\\\/2021\\\/05\\\/Design-sem-nome-93.jpg\",\"datePublished\":\"2021-05-26T19:54:21+00:00\",\"dateModified\":\"2021-05-26T20:07:28+00:00\",\"description\":\"\u00a0Dialogando com pop, jazz, flertando com m\u00fasica eletr\u00f4nica e nuances de bossa nova, Gabriel Thes e Gabe.Sx lan\u00e7am 'Ora\u00e7\u00e3o Pra Ela'.\",\"breadcrumb\":{\"@id\":\"https:\\\/\\\/beatforbeat.com.br\\\/site\\\/gabriel-thes-gabe-sx-oracao-pra-ela\\\/#breadcrumb\"},\"inLanguage\":\"pt-BR\",\"potentialAction\":[{\"@type\":\"ReadAction\",\"target\":[\"https:\\\/\\\/beatforbeat.com.br\\\/site\\\/gabriel-thes-gabe-sx-oracao-pra-ela\\\/\"]}]},{\"@type\":\"ImageObject\",\"inLanguage\":\"pt-BR\",\"@id\":\"https:\\\/\\\/beatforbeat.com.br\\\/site\\\/gabriel-thes-gabe-sx-oracao-pra-ela\\\/#primaryimage\",\"url\":\"https:\\\/\\\/beatforbeat.com.br\\\/site\\\/wp-content\\\/uploads\\\/2021\\\/05\\\/Design-sem-nome-93.jpg\",\"contentUrl\":\"https:\\\/\\\/beatforbeat.com.br\\\/site\\\/wp-content\\\/uploads\\\/2021\\\/05\\\/Design-sem-nome-93.jpg\",\"width\":1200,\"height\":800,\"caption\":\"Gabriel Thes e Gabe.Sx\"},{\"@type\":\"BreadcrumbList\",\"@id\":\"https:\\\/\\\/beatforbeat.com.br\\\/site\\\/gabriel-thes-gabe-sx-oracao-pra-ela\\\/#breadcrumb\",\"itemListElement\":[{\"@type\":\"ListItem\",\"position\":1,\"name\":\"In\u00edcio\",\"item\":\"https:\\\/\\\/beatforbeat.com.br\\\/site\\\/\"},{\"@type\":\"ListItem\",\"position\":2,\"name\":\"Gabriel Thes e Gabe.Sx apresentam o single &#8216;Ora\u00e7\u00e3o Pra Ela&#8217;\"}]},{\"@type\":\"WebSite\",\"@id\":\"https:\\\/\\\/beatforbeat.com.br\\\/site\\\/#website\",\"url\":\"https:\\\/\\\/beatforbeat.com.br\\\/site\\\/\",\"name\":\"Beat for Beat\",\"description\":\"M\u00fasica \u00e9 a Resposta\",\"publisher\":{\"@id\":\"https:\\\/\\\/beatforbeat.com.br\\\/site\\\/#organization\"},\"potentialAction\":[{\"@type\":\"SearchAction\",\"target\":{\"@type\":\"EntryPoint\",\"urlTemplate\":\"https:\\\/\\\/beatforbeat.com.br\\\/site\\\/?s={search_term_string}\"},\"query-input\":{\"@type\":\"PropertyValueSpecification\",\"valueRequired\":true,\"valueName\":\"search_term_string\"}}],\"inLanguage\":\"pt-BR\"},{\"@type\":\"Organization\",\"@id\":\"https:\\\/\\\/beatforbeat.com.br\\\/site\\\/#organization\",\"name\":\"Beat for Beat\",\"url\":\"https:\\\/\\\/beatforbeat.com.br\\\/site\\\/\",\"logo\":{\"@type\":\"ImageObject\",\"inLanguage\":\"pt-BR\",\"@id\":\"https:\\\/\\\/beatforbeat.com.br\\\/site\\\/#\\\/schema\\\/logo\\\/image\\\/\",\"url\":\"https:\\\/\\\/beatforbeat.com.br\\\/site\\\/wp-content\\\/uploads\\\/2020\\\/05\\\/Logo-Site-600@2x.png\",\"contentUrl\":\"https:\\\/\\\/beatforbeat.com.br\\\/site\\\/wp-content\\\/uploads\\\/2020\\\/05\\\/Logo-Site-600@2x.png\",\"width\":1200,\"height\":1200,\"caption\":\"Beat for Beat\"},\"image\":{\"@id\":\"https:\\\/\\\/beatforbeat.com.br\\\/site\\\/#\\\/schema\\\/logo\\\/image\\\/\"}},{\"@type\":\"Person\",\"@id\":\"https:\\\/\\\/beatforbeat.com.br\\\/site\\\/#\\\/schema\\\/person\\\/561e4cc997e993fd5dd84e6b5c9dc306\",\"name\":\"Viktor Raphael\",\"image\":{\"@type\":\"ImageObject\",\"inLanguage\":\"pt-BR\",\"@id\":\"https:\\\/\\\/secure.gravatar.com\\\/avatar\\\/a6eade5aeded37bd5ee2c073682b2a295287aeb61ca43d85c06a0fa10b4bf7e9?s=96&d=mm&r=g\",\"url\":\"https:\\\/\\\/secure.gravatar.com\\\/avatar\\\/a6eade5aeded37bd5ee2c073682b2a295287aeb61ca43d85c06a0fa10b4bf7e9?s=96&d=mm&r=g\",\"contentUrl\":\"https:\\\/\\\/secure.gravatar.com\\\/avatar\\\/a6eade5aeded37bd5ee2c073682b2a295287aeb61ca43d85c06a0fa10b4bf7e9?s=96&d=mm&r=g\",\"caption\":\"Viktor Raphael\"},\"description\":\"DJ, Produtor, Redator, Libriano e Sonhador. Trance para amar e Techno para dan\u00e7ar, com uma ta\u00e7a de Gin para acompanhar. Onde \u00e9 o after?\",\"sameAs\":[\"https:\\\/\\\/www.facebook.com\\\/viktoraphael\",\"https:\\\/\\\/www.instagram.com\\\/vicraphael_\\\/\",\"https:\\\/\\\/x.com\\\/djviktorraphael\"],\"url\":\"https:\\\/\\\/beatforbeat.com.br\\\/site\\\/author\\\/viktor\\\/\"}]}<\/script>\n<!-- \/ Yoast SEO plugin. -->","yoast_head_json":{"title":"Gabriel Thes e Gabe.Sx apresentam o single 'Ora\u00e7\u00e3o Pra Ela'","description":"\u00a0Dialogando com pop, jazz, flertando com m\u00fasica eletr\u00f4nica e nuances de bossa nova, Gabriel Thes e Gabe.Sx lan\u00e7am 'Ora\u00e7\u00e3o Pra Ela'.","robots":{"index":"index","follow":"follow","max-snippet":"max-snippet:-1","max-image-preview":"max-image-preview:large","max-video-preview":"max-video-preview:-1"},"canonical":"https:\/\/beatforbeat.com.br\/site\/gabriel-thes-gabe-sx-oracao-pra-ela\/","og_locale":"pt_BR","og_type":"article","og_title":"Gabriel Thes e Gabe.Sx apresentam o single 'Ora\u00e7\u00e3o Pra Ela'","og_description":"\u00a0Dialogando com pop, jazz, flertando com m\u00fasica eletr\u00f4nica e nuances de bossa nova, Gabriel Thes e Gabe.Sx lan\u00e7am 'Ora\u00e7\u00e3o Pra Ela'.","og_url":"https:\/\/beatforbeat.com.br\/site\/gabriel-thes-gabe-sx-oracao-pra-ela\/","og_site_name":"Beat for Beat","article_author":"https:\/\/www.facebook.com\/viktoraphael","article_published_time":"2021-05-26T19:54:21+00:00","article_modified_time":"2021-05-26T20:07:28+00:00","og_image":[{"width":1200,"height":800,"url":"https:\/\/beatforbeat.com.br\/site\/wp-content\/uploads\/2021\/05\/Design-sem-nome-93.jpg","type":"image\/jpeg"}],"author":"Viktor Raphael","twitter_card":"summary_large_image","twitter_creator":"@djviktorraphael","twitter_misc":{"Escrito por":"Viktor Raphael","Est. tempo de leitura":"2 minutos"},"schema":{"@context":"https:\/\/schema.org","@graph":[{"@type":"Article","@id":"https:\/\/beatforbeat.com.br\/site\/gabriel-thes-gabe-sx-oracao-pra-ela\/#article","isPartOf":{"@id":"https:\/\/beatforbeat.com.br\/site\/gabriel-thes-gabe-sx-oracao-pra-ela\/"},"author":{"name":"Viktor Raphael","@id":"https:\/\/beatforbeat.com.br\/site\/#\/schema\/person\/561e4cc997e993fd5dd84e6b5c9dc306"},"headline":"Gabriel Thes e Gabe.Sx apresentam o single &#8216;Ora\u00e7\u00e3o Pra Ela&#8217;","datePublished":"2021-05-26T19:54:21+00:00","dateModified":"2021-05-26T20:07:28+00:00","mainEntityOfPage":{"@id":"https:\/\/beatforbeat.com.br\/site\/gabriel-thes-gabe-sx-oracao-pra-ela\/"},"wordCount":347,"publisher":{"@id":"https:\/\/beatforbeat.com.br\/site\/#organization"},"image":{"@id":"https:\/\/beatforbeat.com.br\/site\/gabriel-thes-gabe-sx-oracao-pra-ela\/#primaryimage"},"thumbnailUrl":"https:\/\/beatforbeat.com.br\/site\/wp-content\/uploads\/2021\/05\/Design-sem-nome-93.jpg","keywords":["Cxsinesis","DJ","Dreamalot","Gabe.Sx","Gabril Thes","Gary O\u2019Neill","lan\u00e7amento","Ora\u00e7\u00e3o Pra Ela","Vancouver Sessions","Vento"],"articleSection":["Lan\u00e7amentos"],"inLanguage":"pt-BR"},{"@type":"WebPage","@id":"https:\/\/beatforbeat.com.br\/site\/gabriel-thes-gabe-sx-oracao-pra-ela\/","url":"https:\/\/beatforbeat.com.br\/site\/gabriel-thes-gabe-sx-oracao-pra-ela\/","name":"Gabriel Thes e Gabe.Sx apresentam o single 'Ora\u00e7\u00e3o Pra Ela'","isPartOf":{"@id":"https:\/\/beatforbeat.com.br\/site\/#website"},"primaryImageOfPage":{"@id":"https:\/\/beatforbeat.com.br\/site\/gabriel-thes-gabe-sx-oracao-pra-ela\/#primaryimage"},"image":{"@id":"https:\/\/beatforbeat.com.br\/site\/gabriel-thes-gabe-sx-oracao-pra-ela\/#primaryimage"},"thumbnailUrl":"https:\/\/beatforbeat.com.br\/site\/wp-content\/uploads\/2021\/05\/Design-sem-nome-93.jpg","datePublished":"2021-05-26T19:54:21+00:00","dateModified":"2021-05-26T20:07:28+00:00","description":"\u00a0Dialogando com pop, jazz, flertando com m\u00fasica eletr\u00f4nica e nuances de bossa nova, Gabriel Thes e Gabe.Sx lan\u00e7am 'Ora\u00e7\u00e3o Pra Ela'.","breadcrumb":{"@id":"https:\/\/beatforbeat.com.br\/site\/gabriel-thes-gabe-sx-oracao-pra-ela\/#breadcrumb"},"inLanguage":"pt-BR","potentialAction":[{"@type":"ReadAction","target":["https:\/\/beatforbeat.com.br\/site\/gabriel-thes-gabe-sx-oracao-pra-ela\/"]}]},{"@type":"ImageObject","inLanguage":"pt-BR","@id":"https:\/\/beatforbeat.com.br\/site\/gabriel-thes-gabe-sx-oracao-pra-ela\/#primaryimage","url":"https:\/\/beatforbeat.com.br\/site\/wp-content\/uploads\/2021\/05\/Design-sem-nome-93.jpg","contentUrl":"https:\/\/beatforbeat.com.br\/site\/wp-content\/uploads\/2021\/05\/Design-sem-nome-93.jpg","width":1200,"height":800,"caption":"Gabriel Thes e Gabe.Sx"},{"@type":"BreadcrumbList","@id":"https:\/\/beatforbeat.com.br\/site\/gabriel-thes-gabe-sx-oracao-pra-ela\/#breadcrumb","itemListElement":[{"@type":"ListItem","position":1,"name":"In\u00edcio","item":"https:\/\/beatforbeat.com.br\/site\/"},{"@type":"ListItem","position":2,"name":"Gabriel Thes e Gabe.Sx apresentam o single &#8216;Ora\u00e7\u00e3o Pra Ela&#8217;"}]},{"@type":"WebSite","@id":"https:\/\/beatforbeat.com.br\/site\/#website","url":"https:\/\/beatforbeat.com.br\/site\/","name":"Beat for Beat","description":"M\u00fasica \u00e9 a Resposta","publisher":{"@id":"https:\/\/beatforbeat.com.br\/site\/#organization"},"potentialAction":[{"@type":"SearchAction","target":{"@type":"EntryPoint","urlTemplate":"https:\/\/beatforbeat.com.br\/site\/?s={search_term_string}"},"query-input":{"@type":"PropertyValueSpecification","valueRequired":true,"valueName":"search_term_string"}}],"inLanguage":"pt-BR"},{"@type":"Organization","@id":"https:\/\/beatforbeat.com.br\/site\/#organization","name":"Beat for Beat","url":"https:\/\/beatforbeat.com.br\/site\/","logo":{"@type":"ImageObject","inLanguage":"pt-BR","@id":"https:\/\/beatforbeat.com.br\/site\/#\/schema\/logo\/image\/","url":"https:\/\/beatforbeat.com.br\/site\/wp-content\/uploads\/2020\/05\/Logo-Site-600@2x.png","contentUrl":"https:\/\/beatforbeat.com.br\/site\/wp-content\/uploads\/2020\/05\/Logo-Site-600@2x.png","width":1200,"height":1200,"caption":"Beat for Beat"},"image":{"@id":"https:\/\/beatforbeat.com.br\/site\/#\/schema\/logo\/image\/"}},{"@type":"Person","@id":"https:\/\/beatforbeat.com.br\/site\/#\/schema\/person\/561e4cc997e993fd5dd84e6b5c9dc306","name":"Viktor Raphael","image":{"@type":"ImageObject","inLanguage":"pt-BR","@id":"https:\/\/secure.gravatar.com\/avatar\/a6eade5aeded37bd5ee2c073682b2a295287aeb61ca43d85c06a0fa10b4bf7e9?s=96&d=mm&r=g","url":"https:\/\/secure.gravatar.com\/avatar\/a6eade5aeded37bd5ee2c073682b2a295287aeb61ca43d85c06a0fa10b4bf7e9?s=96&d=mm&r=g","contentUrl":"https:\/\/secure.gravatar.com\/avatar\/a6eade5aeded37bd5ee2c073682b2a295287aeb61ca43d85c06a0fa10b4bf7e9?s=96&d=mm&r=g","caption":"Viktor Raphael"},"description":"DJ, Produtor, Redator, Libriano e Sonhador. Trance para amar e Techno para dan\u00e7ar, com uma ta\u00e7a de Gin para acompanhar. Onde \u00e9 o after?","sameAs":["https:\/\/www.facebook.com\/viktoraphael","https:\/\/www.instagram.com\/vicraphael_\/","https:\/\/x.com\/djviktorraphael"],"url":"https:\/\/beatforbeat.com.br\/site\/author\/viktor\/"}]}},"amp_enabled":true,"_links":{"self":[{"href":"https:\/\/beatforbeat.com.br\/site\/wp-json\/wp\/v2\/posts\/28040","targetHints":{"allow":["GET"]}}],"collection":[{"href":"https:\/\/beatforbeat.com.br\/site\/wp-json\/wp\/v2\/posts"}],"about":[{"href":"https:\/\/beatforbeat.com.br\/site\/wp-json\/wp\/v2\/types\/post"}],"author":[{"embeddable":true,"href":"https:\/\/beatforbeat.com.br\/site\/wp-json\/wp\/v2\/users\/2"}],"replies":[{"embeddable":true,"href":"https:\/\/beatforbeat.com.br\/site\/wp-json\/wp\/v2\/comments?post=28040"}],"version-history":[{"count":0,"href":"https:\/\/beatforbeat.com.br\/site\/wp-json\/wp\/v2\/posts\/28040\/revisions"}],"wp:featuredmedia":[{"embeddable":true,"href":"https:\/\/beatforbeat.com.br\/site\/wp-json\/wp\/v2\/media\/28041"}],"wp:attachment":[{"href":"https:\/\/beatforbeat.com.br\/site\/wp-json\/wp\/v2\/media?parent=28040"}],"wp:term":[{"taxonomy":"category","embeddable":true,"href":"https:\/\/beatforbeat.com.br\/site\/wp-json\/wp\/v2\/categories?post=28040"},{"taxonomy":"post_tag","embeddable":true,"href":"https:\/\/beatforbeat.com.br\/site\/wp-json\/wp\/v2\/tags?post=28040"}],"curies":[{"name":"wp","href":"https:\/\/api.w.org\/{rel}","templated":true}]}}