{"id":29997,"date":"2021-11-11T11:50:27","date_gmt":"2021-11-11T14:50:27","guid":{"rendered":"https:\/\/beatforbeat.com.br\/site\/?p=29997"},"modified":"2021-11-11T11:50:27","modified_gmt":"2021-11-11T14:50:27","slug":"marina-diniz-dani-vellocet-a-fuego-lento","status":"publish","type":"post","link":"https:\/\/beatforbeat.com.br\/site\/marina-diniz-dani-vellocet-a-fuego-lento\/","title":{"rendered":"Marina Diniz e Dani Vellocet fazem releitura do cl\u00e1ssico &#8216;A Fuego Lento&#8217;"},"content":{"rendered":"<p>Apresentando uma nova vers\u00e3o do cl\u00e1ssico &#8216;A Fuego Lento&#8217;, de Rosana Arbelo, Marina Diniz e Dani Vellocet entregam um remix nost\u00e1lgico.<\/p>\n<p><a href=\"https:\/\/beatforbeat.com.br\/site\/wp-content\/uploads\/2021\/11\/Facetune_18-11-2020-10-17-57-scaled-e1636642150779.jpg\"><img decoding=\"async\" class=\"aligncenter wp-image-29999 lazyload\" data-src=\"https:\/\/beatforbeat.com.br\/site\/wp-content\/uploads\/2021\/11\/Facetune_18-11-2020-10-17-57-scaled-e1636642150779.jpg\" alt=\"Marina Diniz e Dani Vellocet\" width=\"630\" height=\"436\" data-srcset=\"https:\/\/beatforbeat.com.br\/site\/wp-content\/uploads\/2021\/11\/Facetune_18-11-2020-10-17-57-scaled-e1636642150779.jpg 1705w, https:\/\/beatforbeat.com.br\/site\/wp-content\/uploads\/2021\/11\/Facetune_18-11-2020-10-17-57-scaled-e1636642150779-300x208.jpg 300w, https:\/\/beatforbeat.com.br\/site\/wp-content\/uploads\/2021\/11\/Facetune_18-11-2020-10-17-57-scaled-e1636642150779-1024x709.jpg 1024w, https:\/\/beatforbeat.com.br\/site\/wp-content\/uploads\/2021\/11\/Facetune_18-11-2020-10-17-57-scaled-e1636642150779-768x532.jpg 768w, https:\/\/beatforbeat.com.br\/site\/wp-content\/uploads\/2021\/11\/Facetune_18-11-2020-10-17-57-scaled-e1636642150779-1536x1064.jpg 1536w\" data-sizes=\"(max-width: 630px) 100vw, 630px\" src=\"data:image\/svg+xml;base64,PHN2ZyB3aWR0aD0iMSIgaGVpZ2h0PSIxIiB4bWxucz0iaHR0cDovL3d3dy53My5vcmcvMjAwMC9zdmciPjwvc3ZnPg==\" style=\"--smush-placeholder-width: 630px; --smush-placeholder-aspect-ratio: 630\/436;\" \/><\/a><\/p>\n<p>Essa n\u00e3o \u00e9 a primeira vez que <strong>Marina Diniz<\/strong> e <strong>Dani Vellocet<\/strong> se unem para produzirem uma vers\u00e3o nost\u00e1lgica de algum grande sucesso. No in\u00edcio do ano, as duas apostaram na releitura do hit &#8216;<em><a href=\"https:\/\/open.spotify.com\/album\/0LiTVon72QAGgBH7lkteB3\" target=\"_blank\" rel=\"noopener\">The Promise<\/a><\/em>&#8216;, da banda When In Rome!. Assim como na produ\u00e7\u00e3o de &#8216;<em>The Promise<\/em>&#8216;, Dani Vellocet tamb\u00e9m emprestou sua voz para produzir a releitura de &#8216;<a href=\"https:\/\/open.spotify.com\/album\/3PTD8hvzsG2S1fNCsI1xgJ\" target=\"_blank\" rel=\"noopener\"><em>A Fuego Lento<\/em><\/a>&#8216;, cl\u00e1ssico da cantora espanhola <strong>Rosana Arbelo<\/strong>, que fez muito sucesso nas baladas aqui do Brasil no come\u00e7o dos anos 2000!<\/p><div id=\"beatf-1119419569\" class=\"beatf-conteudo_2 beatf-entity-placement\"><script async src=\"\/\/pagead2.googlesyndication.com\/pagead\/js\/adsbygoogle.js?client=ca-pub-5262797664076819\" crossorigin=\"anonymous\"><\/script><ins class=\"adsbygoogle\" style=\"display:block; text-align:center;\" data-ad-client=\"ca-pub-5262797664076819\" \ndata-ad-slot=\"8185743757\" \ndata-ad-layout=\"in-article\"\ndata-ad-format=\"fluid\"><\/ins>\n<script> \n(adsbygoogle = window.adsbygoogle || []).push({}); \n<\/script>\n<\/div>\n<p>Marina e Dani contam que &#8216;<em>A Fuego Lento<\/em>&#8216; vem com um beat percussivo viciante e vocal impactante, pronta para embalar o ver\u00e3o que se aproxima e as pistas, que agora encontram-se liberadas para 100% da capacidade de p\u00fablico!<\/p>\n<p>\u201c<em>Somos apaixonadas pelos mesmos hits e temos uma grande afinidade sonora. Produzir essa m\u00fasica, em particular, ao lado da Marina, foi al\u00e9m de tudo, muito divertido. A cada nova audi\u00e7\u00e3o da m\u00fasica, a gente trocava v\u00e1rios \u00e1udios empolgados sobre como a m\u00fasica estava ficando, imaginando todo mundo na pista! Est\u00e1vamos ansiosas, esperando o momento certo para lan\u00e7\u00e1-la. A hora chegou e a pista vai literalmente pegar fogo\u2026 e acho que n\u00e3o ser\u00e1 lento!<\/em>\u201d conta Dani Vellocet<\/p>\n<p>\u201c<em>Desde o in\u00edcio da minha carreira, aos 16 anos, \u201cA Fuego Lento\u201d j\u00e1 fazia parte do meu repert\u00f3rio de DJ e funcionava super bem nas pistas tanto em Ribeir\u00e3o Preto, minha cidade natal, como em S\u00e3o Paulo. Mas eu nunca achava um remix legal, sempre tocava a vers\u00e3o original que tem uma batida de fundo bem leve. Entre um papo e outro, a Dani me contou sobre a \u00e9poca que ela cantava, em Santos, e ela falou sobre &#8216;A Fuego Lento&#8217;, que ela era conhecida por cantar essa m\u00fasica. A partir da\u00ed, n\u00e3o pensamos duas vezes, resolvemos fazer um remix com uma vers\u00e3o mais contempor\u00e2nea.<\/em>\u201d explica Marina Diniz<\/p>\n<p>Inspiradas pela House Music com uma pegada bem bale\u00e1rica e percussiva. Marina e Dani ainda envolveram outros artistas na produ\u00e7\u00e3o do remix, como a percussionista baiana N\u00eaga Santos, que reside em Nova York e as linhas de guitarra por conta de Michele Cordeiro e Filippe Dias. Ou\u00e7a agora &#8216;<a href=\"https:\/\/open.spotify.com\/album\/3PTD8hvzsG2S1fNCsI1xgJ\" target=\"_blank\" rel=\"noopener\">A Fuego Lento<\/a>&#8216; em todas as plataformas digitais.<\/p>\n<p><iframe title=\"Spotify Embed: A Fuego Lento\" style=\"border-radius: 12px\" width=\"100%\" height=\"352\" frameborder=\"0\" allowfullscreen allow=\"autoplay; clipboard-write; encrypted-media; fullscreen; picture-in-picture\" data-src=\"https:\/\/open.spotify.com\/embed\/album\/3PTD8hvzsG2S1fNCsI1xgJ?utm_source=oembed\" src=\"data:image\/svg+xml;base64,PHN2ZyB3aWR0aD0iMSIgaGVpZ2h0PSIxIiB4bWxucz0iaHR0cDovL3d3dy53My5vcmcvMjAwMC9zdmciPjwvc3ZnPg==\" class=\"lazyload\" data-load-mode=\"1\"><\/iframe><\/p>\n","protected":false},"excerpt":{"rendered":"Apresentando uma nova vers\u00e3o do cl\u00e1ssico &#8216;A Fuego Lento&#8217;, de Rosana Arbelo, Marina Diniz e Dani Vellocet entregam&hellip;","protected":false},"author":2,"featured_media":29999,"comment_status":"closed","ping_status":"open","sticky":false,"template":"","format":"standard","meta":{"_monsterinsights_skip_tracking":false,"_monsterinsights_sitenote_active":false,"_monsterinsights_sitenote_note":"","_monsterinsights_sitenote_category":0,"csco_display_header_overlay":false,"csco_singular_sidebar":"","csco_page_header_type":"","csco_page_load_nextpost":"","csco_post_video_location":[],"csco_post_video_location_hash":"","csco_post_video_url":"","csco_post_video_bg_start_time":0,"csco_post_video_bg_end_time":0,"footnotes":""},"categories":[7938],"tags":[10738,9011,53,147,9010,10737],"class_list":{"0":"post-29997","1":"post","2":"type-post","3":"status-publish","4":"format-standard","5":"has-post-thumbnail","7":"category-lancamentos","8":"tag-a-fuego-lento","9":"tag-dani-vellocet","10":"tag-dj","11":"tag-lancamento","12":"tag-marina-diniz","13":"tag-rosana-arbelo","14":"cs-entry","15":"cs-video-wrap"},"yoast_head":"<!-- This site is optimized with the Yoast SEO plugin v27.4 - https:\/\/yoast.com\/product\/yoast-seo-wordpress\/ -->\n<title>Marina Diniz e Dani Vellocet fazem releitura do cl\u00e1ssico &#039;A Fuego Lento&#039;<\/title>\n<meta name=\"description\" content=\"Apresentando uma nova vers\u00e3o do cl\u00e1ssico &#039;A Fuego Lento&#039;, de Rosana Arbelo, Marina Diniz e Dani Vellocet entregam um remix nost\u00e1lgico.\" \/>\n<meta name=\"robots\" content=\"index, follow, max-snippet:-1, max-image-preview:large, max-video-preview:-1\" \/>\n<link rel=\"canonical\" href=\"https:\/\/beatforbeat.com.br\/site\/marina-diniz-dani-vellocet-a-fuego-lento\/\" \/>\n<meta property=\"og:locale\" content=\"pt_BR\" \/>\n<meta property=\"og:type\" content=\"article\" \/>\n<meta property=\"og:title\" content=\"Marina Diniz e Dani Vellocet fazem releitura do cl\u00e1ssico &#039;A Fuego Lento&#039;\" \/>\n<meta property=\"og:description\" content=\"Apresentando uma nova vers\u00e3o do cl\u00e1ssico &#039;A Fuego Lento&#039;, de Rosana Arbelo, Marina Diniz e Dani Vellocet entregam um remix nost\u00e1lgico.\" \/>\n<meta property=\"og:url\" content=\"https:\/\/beatforbeat.com.br\/site\/marina-diniz-dani-vellocet-a-fuego-lento\/\" \/>\n<meta property=\"og:site_name\" content=\"Beat for Beat\" \/>\n<meta property=\"article:author\" content=\"https:\/\/www.facebook.com\/viktoraphael\" \/>\n<meta property=\"article:published_time\" content=\"2021-11-11T14:50:27+00:00\" \/>\n<meta property=\"og:image\" content=\"https:\/\/beatforbeat.com.br\/site\/wp-content\/uploads\/2021\/11\/Facetune_18-11-2020-10-17-57-scaled-e1636642150779.jpg\" \/>\n\t<meta property=\"og:image:width\" content=\"1705\" \/>\n\t<meta property=\"og:image:height\" content=\"1181\" \/>\n\t<meta property=\"og:image:type\" content=\"image\/jpeg\" \/>\n<meta name=\"author\" content=\"Viktor Raphael\" \/>\n<meta name=\"twitter:card\" content=\"summary_large_image\" \/>\n<meta name=\"twitter:creator\" content=\"@djviktorraphael\" \/>\n<meta name=\"twitter:label1\" content=\"Escrito por\" \/>\n\t<meta name=\"twitter:data1\" content=\"Viktor Raphael\" \/>\n\t<meta name=\"twitter:label2\" content=\"Est. tempo de leitura\" \/>\n\t<meta name=\"twitter:data2\" content=\"2 minutos\" \/>\n<script type=\"application\/ld+json\" class=\"yoast-schema-graph\">{\"@context\":\"https:\\\/\\\/schema.org\",\"@graph\":[{\"@type\":\"Article\",\"@id\":\"https:\\\/\\\/beatforbeat.com.br\\\/site\\\/marina-diniz-dani-vellocet-a-fuego-lento\\\/#article\",\"isPartOf\":{\"@id\":\"https:\\\/\\\/beatforbeat.com.br\\\/site\\\/marina-diniz-dani-vellocet-a-fuego-lento\\\/\"},\"author\":{\"name\":\"Viktor Raphael\",\"@id\":\"https:\\\/\\\/beatforbeat.com.br\\\/site\\\/#\\\/schema\\\/person\\\/561e4cc997e993fd5dd84e6b5c9dc306\"},\"headline\":\"Marina Diniz e Dani Vellocet fazem releitura do cl\u00e1ssico &#8216;A Fuego Lento&#8217;\",\"datePublished\":\"2021-11-11T14:50:27+00:00\",\"mainEntityOfPage\":{\"@id\":\"https:\\\/\\\/beatforbeat.com.br\\\/site\\\/marina-diniz-dani-vellocet-a-fuego-lento\\\/\"},\"wordCount\":435,\"publisher\":{\"@id\":\"https:\\\/\\\/beatforbeat.com.br\\\/site\\\/#organization\"},\"image\":{\"@id\":\"https:\\\/\\\/beatforbeat.com.br\\\/site\\\/marina-diniz-dani-vellocet-a-fuego-lento\\\/#primaryimage\"},\"thumbnailUrl\":\"https:\\\/\\\/beatforbeat.com.br\\\/site\\\/wp-content\\\/uploads\\\/2021\\\/11\\\/Facetune_18-11-2020-10-17-57-scaled-e1636642150779.jpg\",\"keywords\":[\"A Fuego Lento\",\"Dani Vellocet\",\"DJ\",\"lan\u00e7amento\",\"Marina Diniz\",\"Rosana Arbelo\"],\"articleSection\":[\"Lan\u00e7amentos\"],\"inLanguage\":\"pt-BR\"},{\"@type\":\"WebPage\",\"@id\":\"https:\\\/\\\/beatforbeat.com.br\\\/site\\\/marina-diniz-dani-vellocet-a-fuego-lento\\\/\",\"url\":\"https:\\\/\\\/beatforbeat.com.br\\\/site\\\/marina-diniz-dani-vellocet-a-fuego-lento\\\/\",\"name\":\"Marina Diniz e Dani Vellocet fazem releitura do cl\u00e1ssico 'A Fuego Lento'\",\"isPartOf\":{\"@id\":\"https:\\\/\\\/beatforbeat.com.br\\\/site\\\/#website\"},\"primaryImageOfPage\":{\"@id\":\"https:\\\/\\\/beatforbeat.com.br\\\/site\\\/marina-diniz-dani-vellocet-a-fuego-lento\\\/#primaryimage\"},\"image\":{\"@id\":\"https:\\\/\\\/beatforbeat.com.br\\\/site\\\/marina-diniz-dani-vellocet-a-fuego-lento\\\/#primaryimage\"},\"thumbnailUrl\":\"https:\\\/\\\/beatforbeat.com.br\\\/site\\\/wp-content\\\/uploads\\\/2021\\\/11\\\/Facetune_18-11-2020-10-17-57-scaled-e1636642150779.jpg\",\"datePublished\":\"2021-11-11T14:50:27+00:00\",\"description\":\"Apresentando uma nova vers\u00e3o do cl\u00e1ssico 'A Fuego Lento', de Rosana Arbelo, Marina Diniz e Dani Vellocet entregam um remix nost\u00e1lgico.\",\"breadcrumb\":{\"@id\":\"https:\\\/\\\/beatforbeat.com.br\\\/site\\\/marina-diniz-dani-vellocet-a-fuego-lento\\\/#breadcrumb\"},\"inLanguage\":\"pt-BR\",\"potentialAction\":[{\"@type\":\"ReadAction\",\"target\":[\"https:\\\/\\\/beatforbeat.com.br\\\/site\\\/marina-diniz-dani-vellocet-a-fuego-lento\\\/\"]}]},{\"@type\":\"ImageObject\",\"inLanguage\":\"pt-BR\",\"@id\":\"https:\\\/\\\/beatforbeat.com.br\\\/site\\\/marina-diniz-dani-vellocet-a-fuego-lento\\\/#primaryimage\",\"url\":\"https:\\\/\\\/beatforbeat.com.br\\\/site\\\/wp-content\\\/uploads\\\/2021\\\/11\\\/Facetune_18-11-2020-10-17-57-scaled-e1636642150779.jpg\",\"contentUrl\":\"https:\\\/\\\/beatforbeat.com.br\\\/site\\\/wp-content\\\/uploads\\\/2021\\\/11\\\/Facetune_18-11-2020-10-17-57-scaled-e1636642150779.jpg\",\"width\":1705,\"height\":1181,\"caption\":\"Marina Diniz e Dani Vellocet\"},{\"@type\":\"BreadcrumbList\",\"@id\":\"https:\\\/\\\/beatforbeat.com.br\\\/site\\\/marina-diniz-dani-vellocet-a-fuego-lento\\\/#breadcrumb\",\"itemListElement\":[{\"@type\":\"ListItem\",\"position\":1,\"name\":\"In\u00edcio\",\"item\":\"https:\\\/\\\/beatforbeat.com.br\\\/site\\\/\"},{\"@type\":\"ListItem\",\"position\":2,\"name\":\"Marina Diniz e Dani Vellocet fazem releitura do cl\u00e1ssico &#8216;A Fuego Lento&#8217;\"}]},{\"@type\":\"WebSite\",\"@id\":\"https:\\\/\\\/beatforbeat.com.br\\\/site\\\/#website\",\"url\":\"https:\\\/\\\/beatforbeat.com.br\\\/site\\\/\",\"name\":\"Beat for Beat\",\"description\":\"M\u00fasica \u00e9 a Resposta\",\"publisher\":{\"@id\":\"https:\\\/\\\/beatforbeat.com.br\\\/site\\\/#organization\"},\"potentialAction\":[{\"@type\":\"SearchAction\",\"target\":{\"@type\":\"EntryPoint\",\"urlTemplate\":\"https:\\\/\\\/beatforbeat.com.br\\\/site\\\/?s={search_term_string}\"},\"query-input\":{\"@type\":\"PropertyValueSpecification\",\"valueRequired\":true,\"valueName\":\"search_term_string\"}}],\"inLanguage\":\"pt-BR\"},{\"@type\":\"Organization\",\"@id\":\"https:\\\/\\\/beatforbeat.com.br\\\/site\\\/#organization\",\"name\":\"Beat for Beat\",\"url\":\"https:\\\/\\\/beatforbeat.com.br\\\/site\\\/\",\"logo\":{\"@type\":\"ImageObject\",\"inLanguage\":\"pt-BR\",\"@id\":\"https:\\\/\\\/beatforbeat.com.br\\\/site\\\/#\\\/schema\\\/logo\\\/image\\\/\",\"url\":\"https:\\\/\\\/beatforbeat.com.br\\\/site\\\/wp-content\\\/uploads\\\/2020\\\/05\\\/Logo-Site-600@2x.png\",\"contentUrl\":\"https:\\\/\\\/beatforbeat.com.br\\\/site\\\/wp-content\\\/uploads\\\/2020\\\/05\\\/Logo-Site-600@2x.png\",\"width\":1200,\"height\":1200,\"caption\":\"Beat for Beat\"},\"image\":{\"@id\":\"https:\\\/\\\/beatforbeat.com.br\\\/site\\\/#\\\/schema\\\/logo\\\/image\\\/\"}},{\"@type\":\"Person\",\"@id\":\"https:\\\/\\\/beatforbeat.com.br\\\/site\\\/#\\\/schema\\\/person\\\/561e4cc997e993fd5dd84e6b5c9dc306\",\"name\":\"Viktor Raphael\",\"image\":{\"@type\":\"ImageObject\",\"inLanguage\":\"pt-BR\",\"@id\":\"https:\\\/\\\/secure.gravatar.com\\\/avatar\\\/a6eade5aeded37bd5ee2c073682b2a295287aeb61ca43d85c06a0fa10b4bf7e9?s=96&d=mm&r=g\",\"url\":\"https:\\\/\\\/secure.gravatar.com\\\/avatar\\\/a6eade5aeded37bd5ee2c073682b2a295287aeb61ca43d85c06a0fa10b4bf7e9?s=96&d=mm&r=g\",\"contentUrl\":\"https:\\\/\\\/secure.gravatar.com\\\/avatar\\\/a6eade5aeded37bd5ee2c073682b2a295287aeb61ca43d85c06a0fa10b4bf7e9?s=96&d=mm&r=g\",\"caption\":\"Viktor Raphael\"},\"description\":\"DJ, Produtor, Redator, Libriano e Sonhador. Trance para amar e Techno para dan\u00e7ar, com uma ta\u00e7a de Gin para acompanhar. Onde \u00e9 o after?\",\"sameAs\":[\"https:\\\/\\\/www.facebook.com\\\/viktoraphael\",\"https:\\\/\\\/www.instagram.com\\\/vicraphael_\\\/\",\"https:\\\/\\\/x.com\\\/djviktorraphael\"],\"url\":\"https:\\\/\\\/beatforbeat.com.br\\\/site\\\/author\\\/viktor\\\/\"}]}<\/script>\n<!-- \/ Yoast SEO plugin. -->","yoast_head_json":{"title":"Marina Diniz e Dani Vellocet fazem releitura do cl\u00e1ssico 'A Fuego Lento'","description":"Apresentando uma nova vers\u00e3o do cl\u00e1ssico 'A Fuego Lento', de Rosana Arbelo, Marina Diniz e Dani Vellocet entregam um remix nost\u00e1lgico.","robots":{"index":"index","follow":"follow","max-snippet":"max-snippet:-1","max-image-preview":"max-image-preview:large","max-video-preview":"max-video-preview:-1"},"canonical":"https:\/\/beatforbeat.com.br\/site\/marina-diniz-dani-vellocet-a-fuego-lento\/","og_locale":"pt_BR","og_type":"article","og_title":"Marina Diniz e Dani Vellocet fazem releitura do cl\u00e1ssico 'A Fuego Lento'","og_description":"Apresentando uma nova vers\u00e3o do cl\u00e1ssico 'A Fuego Lento', de Rosana Arbelo, Marina Diniz e Dani Vellocet entregam um remix nost\u00e1lgico.","og_url":"https:\/\/beatforbeat.com.br\/site\/marina-diniz-dani-vellocet-a-fuego-lento\/","og_site_name":"Beat for Beat","article_author":"https:\/\/www.facebook.com\/viktoraphael","article_published_time":"2021-11-11T14:50:27+00:00","og_image":[{"width":1705,"height":1181,"url":"https:\/\/beatforbeat.com.br\/site\/wp-content\/uploads\/2021\/11\/Facetune_18-11-2020-10-17-57-scaled-e1636642150779.jpg","type":"image\/jpeg"}],"author":"Viktor Raphael","twitter_card":"summary_large_image","twitter_creator":"@djviktorraphael","twitter_misc":{"Escrito por":"Viktor Raphael","Est. tempo de leitura":"2 minutos"},"schema":{"@context":"https:\/\/schema.org","@graph":[{"@type":"Article","@id":"https:\/\/beatforbeat.com.br\/site\/marina-diniz-dani-vellocet-a-fuego-lento\/#article","isPartOf":{"@id":"https:\/\/beatforbeat.com.br\/site\/marina-diniz-dani-vellocet-a-fuego-lento\/"},"author":{"name":"Viktor Raphael","@id":"https:\/\/beatforbeat.com.br\/site\/#\/schema\/person\/561e4cc997e993fd5dd84e6b5c9dc306"},"headline":"Marina Diniz e Dani Vellocet fazem releitura do cl\u00e1ssico &#8216;A Fuego Lento&#8217;","datePublished":"2021-11-11T14:50:27+00:00","mainEntityOfPage":{"@id":"https:\/\/beatforbeat.com.br\/site\/marina-diniz-dani-vellocet-a-fuego-lento\/"},"wordCount":435,"publisher":{"@id":"https:\/\/beatforbeat.com.br\/site\/#organization"},"image":{"@id":"https:\/\/beatforbeat.com.br\/site\/marina-diniz-dani-vellocet-a-fuego-lento\/#primaryimage"},"thumbnailUrl":"https:\/\/beatforbeat.com.br\/site\/wp-content\/uploads\/2021\/11\/Facetune_18-11-2020-10-17-57-scaled-e1636642150779.jpg","keywords":["A Fuego Lento","Dani Vellocet","DJ","lan\u00e7amento","Marina Diniz","Rosana Arbelo"],"articleSection":["Lan\u00e7amentos"],"inLanguage":"pt-BR"},{"@type":"WebPage","@id":"https:\/\/beatforbeat.com.br\/site\/marina-diniz-dani-vellocet-a-fuego-lento\/","url":"https:\/\/beatforbeat.com.br\/site\/marina-diniz-dani-vellocet-a-fuego-lento\/","name":"Marina Diniz e Dani Vellocet fazem releitura do cl\u00e1ssico 'A Fuego Lento'","isPartOf":{"@id":"https:\/\/beatforbeat.com.br\/site\/#website"},"primaryImageOfPage":{"@id":"https:\/\/beatforbeat.com.br\/site\/marina-diniz-dani-vellocet-a-fuego-lento\/#primaryimage"},"image":{"@id":"https:\/\/beatforbeat.com.br\/site\/marina-diniz-dani-vellocet-a-fuego-lento\/#primaryimage"},"thumbnailUrl":"https:\/\/beatforbeat.com.br\/site\/wp-content\/uploads\/2021\/11\/Facetune_18-11-2020-10-17-57-scaled-e1636642150779.jpg","datePublished":"2021-11-11T14:50:27+00:00","description":"Apresentando uma nova vers\u00e3o do cl\u00e1ssico 'A Fuego Lento', de Rosana Arbelo, Marina Diniz e Dani Vellocet entregam um remix nost\u00e1lgico.","breadcrumb":{"@id":"https:\/\/beatforbeat.com.br\/site\/marina-diniz-dani-vellocet-a-fuego-lento\/#breadcrumb"},"inLanguage":"pt-BR","potentialAction":[{"@type":"ReadAction","target":["https:\/\/beatforbeat.com.br\/site\/marina-diniz-dani-vellocet-a-fuego-lento\/"]}]},{"@type":"ImageObject","inLanguage":"pt-BR","@id":"https:\/\/beatforbeat.com.br\/site\/marina-diniz-dani-vellocet-a-fuego-lento\/#primaryimage","url":"https:\/\/beatforbeat.com.br\/site\/wp-content\/uploads\/2021\/11\/Facetune_18-11-2020-10-17-57-scaled-e1636642150779.jpg","contentUrl":"https:\/\/beatforbeat.com.br\/site\/wp-content\/uploads\/2021\/11\/Facetune_18-11-2020-10-17-57-scaled-e1636642150779.jpg","width":1705,"height":1181,"caption":"Marina Diniz e Dani Vellocet"},{"@type":"BreadcrumbList","@id":"https:\/\/beatforbeat.com.br\/site\/marina-diniz-dani-vellocet-a-fuego-lento\/#breadcrumb","itemListElement":[{"@type":"ListItem","position":1,"name":"In\u00edcio","item":"https:\/\/beatforbeat.com.br\/site\/"},{"@type":"ListItem","position":2,"name":"Marina Diniz e Dani Vellocet fazem releitura do cl\u00e1ssico &#8216;A Fuego Lento&#8217;"}]},{"@type":"WebSite","@id":"https:\/\/beatforbeat.com.br\/site\/#website","url":"https:\/\/beatforbeat.com.br\/site\/","name":"Beat for Beat","description":"M\u00fasica \u00e9 a Resposta","publisher":{"@id":"https:\/\/beatforbeat.com.br\/site\/#organization"},"potentialAction":[{"@type":"SearchAction","target":{"@type":"EntryPoint","urlTemplate":"https:\/\/beatforbeat.com.br\/site\/?s={search_term_string}"},"query-input":{"@type":"PropertyValueSpecification","valueRequired":true,"valueName":"search_term_string"}}],"inLanguage":"pt-BR"},{"@type":"Organization","@id":"https:\/\/beatforbeat.com.br\/site\/#organization","name":"Beat for Beat","url":"https:\/\/beatforbeat.com.br\/site\/","logo":{"@type":"ImageObject","inLanguage":"pt-BR","@id":"https:\/\/beatforbeat.com.br\/site\/#\/schema\/logo\/image\/","url":"https:\/\/beatforbeat.com.br\/site\/wp-content\/uploads\/2020\/05\/Logo-Site-600@2x.png","contentUrl":"https:\/\/beatforbeat.com.br\/site\/wp-content\/uploads\/2020\/05\/Logo-Site-600@2x.png","width":1200,"height":1200,"caption":"Beat for Beat"},"image":{"@id":"https:\/\/beatforbeat.com.br\/site\/#\/schema\/logo\/image\/"}},{"@type":"Person","@id":"https:\/\/beatforbeat.com.br\/site\/#\/schema\/person\/561e4cc997e993fd5dd84e6b5c9dc306","name":"Viktor Raphael","image":{"@type":"ImageObject","inLanguage":"pt-BR","@id":"https:\/\/secure.gravatar.com\/avatar\/a6eade5aeded37bd5ee2c073682b2a295287aeb61ca43d85c06a0fa10b4bf7e9?s=96&d=mm&r=g","url":"https:\/\/secure.gravatar.com\/avatar\/a6eade5aeded37bd5ee2c073682b2a295287aeb61ca43d85c06a0fa10b4bf7e9?s=96&d=mm&r=g","contentUrl":"https:\/\/secure.gravatar.com\/avatar\/a6eade5aeded37bd5ee2c073682b2a295287aeb61ca43d85c06a0fa10b4bf7e9?s=96&d=mm&r=g","caption":"Viktor Raphael"},"description":"DJ, Produtor, Redator, Libriano e Sonhador. Trance para amar e Techno para dan\u00e7ar, com uma ta\u00e7a de Gin para acompanhar. Onde \u00e9 o after?","sameAs":["https:\/\/www.facebook.com\/viktoraphael","https:\/\/www.instagram.com\/vicraphael_\/","https:\/\/x.com\/djviktorraphael"],"url":"https:\/\/beatforbeat.com.br\/site\/author\/viktor\/"}]}},"amp_enabled":true,"_links":{"self":[{"href":"https:\/\/beatforbeat.com.br\/site\/wp-json\/wp\/v2\/posts\/29997","targetHints":{"allow":["GET"]}}],"collection":[{"href":"https:\/\/beatforbeat.com.br\/site\/wp-json\/wp\/v2\/posts"}],"about":[{"href":"https:\/\/beatforbeat.com.br\/site\/wp-json\/wp\/v2\/types\/post"}],"author":[{"embeddable":true,"href":"https:\/\/beatforbeat.com.br\/site\/wp-json\/wp\/v2\/users\/2"}],"replies":[{"embeddable":true,"href":"https:\/\/beatforbeat.com.br\/site\/wp-json\/wp\/v2\/comments?post=29997"}],"version-history":[{"count":0,"href":"https:\/\/beatforbeat.com.br\/site\/wp-json\/wp\/v2\/posts\/29997\/revisions"}],"wp:featuredmedia":[{"embeddable":true,"href":"https:\/\/beatforbeat.com.br\/site\/wp-json\/wp\/v2\/media\/29999"}],"wp:attachment":[{"href":"https:\/\/beatforbeat.com.br\/site\/wp-json\/wp\/v2\/media?parent=29997"}],"wp:term":[{"taxonomy":"category","embeddable":true,"href":"https:\/\/beatforbeat.com.br\/site\/wp-json\/wp\/v2\/categories?post=29997"},{"taxonomy":"post_tag","embeddable":true,"href":"https:\/\/beatforbeat.com.br\/site\/wp-json\/wp\/v2\/tags?post=29997"}],"curies":[{"name":"wp","href":"https:\/\/api.w.org\/{rel}","templated":true}]}}