{"id":36462,"date":"2023-04-13T09:27:59","date_gmt":"2023-04-13T12:27:59","guid":{"rendered":"https:\/\/beatforbeat.com.br\/site\/?p=36462"},"modified":"2023-04-13T09:27:59","modified_gmt":"2023-04-13T12:27:59","slug":"thewinter-faz-electro-industrial-estilo-trilha-sonora-em-thebrave","status":"publish","type":"post","link":"https:\/\/beatforbeat.com.br\/site\/thewinter-faz-electro-industrial-estilo-trilha-sonora-em-thebrave\/","title":{"rendered":"TheWinter faz electro-industrial estilo trilha sonora em &#8216;TheBrave&#8217;"},"content":{"rendered":"<p>A faixa &#8216;TheBrave&#8217;, do projeto TheWinter, faz parte de projeto transmedia &#8220;TheOdyssey&#8221;. Escute agora e experimente uma nova sonoridade.<\/p>\n<figure id=\"attachment_36463\" aria-describedby=\"caption-attachment-36463\" style=\"width: 630px\" class=\"wp-caption aligncenter\"><a href=\"https:\/\/beatforbeat.com.br\/site\/wp-content\/uploads\/2023\/04\/Untitled.jpg\"><img decoding=\"async\" class=\"wp-image-36463 lazyload\" data-src=\"https:\/\/beatforbeat.com.br\/site\/wp-content\/uploads\/2023\/04\/Untitled-e1681388819877.jpg\" alt=\"TheWinter\" width=\"630\" height=\"426\" data-srcset=\"https:\/\/beatforbeat.com.br\/site\/wp-content\/uploads\/2023\/04\/Untitled-e1681388819877.jpg 1064w, https:\/\/beatforbeat.com.br\/site\/wp-content\/uploads\/2023\/04\/Untitled-e1681388819877-300x203.jpg 300w, https:\/\/beatforbeat.com.br\/site\/wp-content\/uploads\/2023\/04\/Untitled-e1681388819877-1024x693.jpg 1024w, https:\/\/beatforbeat.com.br\/site\/wp-content\/uploads\/2023\/04\/Untitled-e1681388819877-768x520.jpg 768w\" data-sizes=\"(max-width: 630px) 100vw, 630px\" src=\"data:image\/svg+xml;base64,PHN2ZyB3aWR0aD0iMSIgaGVpZ2h0PSIxIiB4bWxucz0iaHR0cDovL3d3dy53My5vcmcvMjAwMC9zdmciPjwvc3ZnPg==\" style=\"--smush-placeholder-width: 630px; --smush-placeholder-aspect-ratio: 630\/426;\" \/><\/a><figcaption id=\"caption-attachment-36463\" class=\"wp-caption-text\">TheWinter | Foto: Pino Gomes<\/figcaption><\/figure>\n<p>Camadas sonoras clim\u00e1ticas que caminham entre o eletr\u00f4nico, o industrial, um quarteto de cordas e muitas guitarras marcam <a href=\"https:\/\/ingrv.es\/thebrave-ke4-c\" target=\"_blank\" rel=\"noopener\">&#8216;<em>TheBrave&#8217;<\/em><\/a>, novo single de <strong>TheWinter<\/strong>. A cantora, compositora e produtora musical se reinventa em uma can\u00e7\u00e3o com clima de trilha sonora que est\u00e1 dispon\u00edvel em todas as <a href=\"https:\/\/ingrv.es\/thebrave-ke4-c\" target=\"_blank\" rel=\"noopener\">plataformas de m\u00fasica<\/a>.<\/p><div id=\"beatf-2162762909\" class=\"beatf-conteudo_2 beatf-entity-placement\"><script async src=\"\/\/pagead2.googlesyndication.com\/pagead\/js\/adsbygoogle.js?client=ca-pub-5262797664076819\" crossorigin=\"anonymous\"><\/script><ins class=\"adsbygoogle\" style=\"display:block; text-align:center;\" data-ad-client=\"ca-pub-5262797664076819\" \ndata-ad-slot=\"8185743757\" \ndata-ad-layout=\"in-article\"\ndata-ad-format=\"fluid\"><\/ins>\n<script> \n(adsbygoogle = window.adsbygoogle || []).push({}); \n<\/script>\n<\/div>\n<p>TheWinter \u00e9 uma artista inquieta que desde a inf\u00e2ncia se dedica \u00e0 arte mas foi com o mergulho que fez na m\u00fasica eletr\u00f4nica nos \u00faltimos anos que seu universo se expandiu. Guiada pelos synths e beats, ela se consolidou como um nome marcante de diversas festas do underground e tem trabalhado em seus lan\u00e7amentos recentes com o produtor musical <strong>Andr\u00e9 Paix\u00e3o<\/strong>, conhecido por projetos como <em>Nervoso e os Calmantes, Acabou la Tequila<\/em> e <em>Tripa Seca<\/em>.<\/p>\n<p>\u00c9 dele a guitarra marcante em <em>&#8216;TheBrave&#8217;<\/em>. A faixa conta ainda com um quarteto de cordas, representando uma parte do projeto comunit\u00e1rio <strong>Orquestra de Rua<\/strong>, que ensina m\u00fasica a moradores de comunidades e faz apresenta\u00e7\u00f5es nesses espa\u00e7os com pouca acessibilidade.<\/p>\n<blockquote><p><em>&#8220;Unir a m\u00fasica eletr\u00f4nica e a cl\u00e1ssica na mesma composi\u00e7\u00e3o, foi um desafio prazeroso para todos n\u00f3s. \u00c9 sempre interessante trazer m\u00fasicos com essa vertente mais erudita para um ambiente sonoro com o qual n\u00e3o est\u00e3o habituados. As ideias surgem de forma espont\u00e2nea, sem levar em conta certos padr\u00f5es&#8221;<\/em>, conta TheWinter.<\/p><\/blockquote>\n<p>A artista tem explorado essas can\u00e7\u00f5es, pensadas originalmente de modo solo, em outro ambiente, com banda completa nos palcos. Nele ela surge ao lado de Andr\u00e9 Paix\u00e3o e acompanhada pelo baixista Godinho e pelo guitarrista Albert Cruz, num caldeir\u00e3o sonoro que passa pelas trilhas de filmes e s\u00e9ries junto de elementos eletr\u00f4nicos e clim\u00e1ticos.<\/p>\n<p>A primeira amostra desta nova fase \u00e9 &#8216;TheBrave&#8217;. A faixa integra um projeto em andamento criado pela artista intitulado &#8216;<em>TheOdyssey&#8217;<\/em>, que envolve m\u00fasica, arte e hist\u00f3rias em quadrinhos em um universo transmidi\u00e1tico. Escute agora!<\/p>\n<p><iframe title=\"Spotify Embed: TheBrave\" style=\"border-radius: 12px\" width=\"100%\" height=\"352\" frameborder=\"0\" allowfullscreen allow=\"autoplay; clipboard-write; encrypted-media; fullscreen; picture-in-picture\" data-src=\"https:\/\/open.spotify.com\/embed\/album\/1YaTFbftmhoIZdoxhX2cBW?si=JKZorytISR-4hC7mZPt_6Q&#038;utm_source=oembed\" src=\"data:image\/svg+xml;base64,PHN2ZyB3aWR0aD0iMSIgaGVpZ2h0PSIxIiB4bWxucz0iaHR0cDovL3d3dy53My5vcmcvMjAwMC9zdmciPjwvc3ZnPg==\" class=\"lazyload\" data-load-mode=\"1\"><\/iframe><\/p>\n","protected":false},"excerpt":{"rendered":"A faixa &#8216;TheBrave&#8217;, do projeto TheWinter, faz parte de projeto transmedia &#8220;TheOdyssey&#8221;. Escute agora e experimente uma nova&hellip;","protected":false},"author":2,"featured_media":36463,"comment_status":"closed","ping_status":"open","sticky":false,"template":"","format":"standard","meta":{"_monsterinsights_skip_tracking":false,"_monsterinsights_sitenote_active":false,"_monsterinsights_sitenote_note":"","_monsterinsights_sitenote_category":0,"csco_display_header_overlay":false,"csco_singular_sidebar":"","csco_page_header_type":"","csco_page_load_nextpost":"","csco_post_video_location":[],"csco_post_video_location_hash":"","csco_post_video_url":"","csco_post_video_bg_start_time":0,"csco_post_video_bg_end_time":0,"footnotes":""},"categories":[7938],"tags":[12595,53,147,12597,12598,12596],"class_list":{"0":"post-36462","1":"post","2":"type-post","3":"status-publish","4":"format-standard","5":"has-post-thumbnail","7":"category-lancamentos","8":"tag-andre-paixao","9":"tag-dj","10":"tag-lancamento","11":"tag-thebrave","12":"tag-theodyssey","13":"tag-thewinter","14":"cs-entry","15":"cs-video-wrap"},"yoast_head":"<!-- This site is optimized with the Yoast SEO plugin v27.4 - https:\/\/yoast.com\/product\/yoast-seo-wordpress\/ -->\n<title>TheWinter faz electro-industrial estilo trilha sonora em &#039;TheBrave&#039;<\/title>\n<meta name=\"description\" content=\"A faixa &#039;TheBrave&#039;, do projeto TheWinter, faz parte de projeto transmedia &quot;TheOdyssey&quot;. Escute agora e experimente uma nova sonoridade.\" \/>\n<meta name=\"robots\" content=\"index, follow, max-snippet:-1, max-image-preview:large, max-video-preview:-1\" \/>\n<link rel=\"canonical\" href=\"https:\/\/beatforbeat.com.br\/site\/thewinter-faz-electro-industrial-estilo-trilha-sonora-em-thebrave\/\" \/>\n<meta property=\"og:locale\" content=\"pt_BR\" \/>\n<meta property=\"og:type\" content=\"article\" \/>\n<meta property=\"og:title\" content=\"TheWinter faz electro-industrial estilo trilha sonora em &#039;TheBrave&#039;\" \/>\n<meta property=\"og:description\" content=\"A faixa &#039;TheBrave&#039;, do projeto TheWinter, faz parte de projeto transmedia &quot;TheOdyssey&quot;. Escute agora e experimente uma nova sonoridade.\" \/>\n<meta property=\"og:url\" content=\"https:\/\/beatforbeat.com.br\/site\/thewinter-faz-electro-industrial-estilo-trilha-sonora-em-thebrave\/\" \/>\n<meta property=\"og:site_name\" content=\"Beat for Beat\" \/>\n<meta property=\"article:author\" content=\"https:\/\/www.facebook.com\/viktoraphael\" \/>\n<meta property=\"article:published_time\" content=\"2023-04-13T12:27:59+00:00\" \/>\n<meta property=\"og:image\" content=\"https:\/\/beatforbeat.com.br\/site\/wp-content\/uploads\/2023\/04\/Untitled-e1681388819877.jpg\" \/>\n\t<meta property=\"og:image:width\" content=\"1064\" \/>\n\t<meta property=\"og:image:height\" content=\"720\" \/>\n\t<meta property=\"og:image:type\" content=\"image\/jpeg\" \/>\n<meta name=\"author\" content=\"Viktor Raphael\" \/>\n<meta name=\"twitter:card\" content=\"summary_large_image\" \/>\n<meta name=\"twitter:creator\" content=\"@djviktorraphael\" \/>\n<meta name=\"twitter:label1\" content=\"Escrito por\" \/>\n\t<meta name=\"twitter:data1\" content=\"Viktor Raphael\" \/>\n\t<meta name=\"twitter:label2\" content=\"Est. tempo de leitura\" \/>\n\t<meta name=\"twitter:data2\" content=\"3 minutos\" \/>\n<script type=\"application\/ld+json\" class=\"yoast-schema-graph\">{\"@context\":\"https:\\\/\\\/schema.org\",\"@graph\":[{\"@type\":\"Article\",\"@id\":\"https:\\\/\\\/beatforbeat.com.br\\\/site\\\/thewinter-faz-electro-industrial-estilo-trilha-sonora-em-thebrave\\\/#article\",\"isPartOf\":{\"@id\":\"https:\\\/\\\/beatforbeat.com.br\\\/site\\\/thewinter-faz-electro-industrial-estilo-trilha-sonora-em-thebrave\\\/\"},\"author\":{\"name\":\"Viktor Raphael\",\"@id\":\"https:\\\/\\\/beatforbeat.com.br\\\/site\\\/#\\\/schema\\\/person\\\/561e4cc997e993fd5dd84e6b5c9dc306\"},\"headline\":\"TheWinter faz electro-industrial estilo trilha sonora em &#8216;TheBrave&#8217;\",\"datePublished\":\"2023-04-13T12:27:59+00:00\",\"mainEntityOfPage\":{\"@id\":\"https:\\\/\\\/beatforbeat.com.br\\\/site\\\/thewinter-faz-electro-industrial-estilo-trilha-sonora-em-thebrave\\\/\"},\"wordCount\":380,\"publisher\":{\"@id\":\"https:\\\/\\\/beatforbeat.com.br\\\/site\\\/#organization\"},\"image\":{\"@id\":\"https:\\\/\\\/beatforbeat.com.br\\\/site\\\/thewinter-faz-electro-industrial-estilo-trilha-sonora-em-thebrave\\\/#primaryimage\"},\"thumbnailUrl\":\"https:\\\/\\\/beatforbeat.com.br\\\/site\\\/wp-content\\\/uploads\\\/2023\\\/04\\\/Untitled-e1681388819877.jpg\",\"keywords\":[\"Andr\u00e9 Paix\u00e3o\",\"DJ\",\"lan\u00e7amento\",\"TheBrave\",\"TheOdyssey\",\"TheWinter\"],\"articleSection\":[\"Lan\u00e7amentos\"],\"inLanguage\":\"pt-BR\"},{\"@type\":\"WebPage\",\"@id\":\"https:\\\/\\\/beatforbeat.com.br\\\/site\\\/thewinter-faz-electro-industrial-estilo-trilha-sonora-em-thebrave\\\/\",\"url\":\"https:\\\/\\\/beatforbeat.com.br\\\/site\\\/thewinter-faz-electro-industrial-estilo-trilha-sonora-em-thebrave\\\/\",\"name\":\"TheWinter faz electro-industrial estilo trilha sonora em 'TheBrave'\",\"isPartOf\":{\"@id\":\"https:\\\/\\\/beatforbeat.com.br\\\/site\\\/#website\"},\"primaryImageOfPage\":{\"@id\":\"https:\\\/\\\/beatforbeat.com.br\\\/site\\\/thewinter-faz-electro-industrial-estilo-trilha-sonora-em-thebrave\\\/#primaryimage\"},\"image\":{\"@id\":\"https:\\\/\\\/beatforbeat.com.br\\\/site\\\/thewinter-faz-electro-industrial-estilo-trilha-sonora-em-thebrave\\\/#primaryimage\"},\"thumbnailUrl\":\"https:\\\/\\\/beatforbeat.com.br\\\/site\\\/wp-content\\\/uploads\\\/2023\\\/04\\\/Untitled-e1681388819877.jpg\",\"datePublished\":\"2023-04-13T12:27:59+00:00\",\"description\":\"A faixa 'TheBrave', do projeto TheWinter, faz parte de projeto transmedia \\\"TheOdyssey\\\". Escute agora e experimente uma nova sonoridade.\",\"breadcrumb\":{\"@id\":\"https:\\\/\\\/beatforbeat.com.br\\\/site\\\/thewinter-faz-electro-industrial-estilo-trilha-sonora-em-thebrave\\\/#breadcrumb\"},\"inLanguage\":\"pt-BR\",\"potentialAction\":[{\"@type\":\"ReadAction\",\"target\":[\"https:\\\/\\\/beatforbeat.com.br\\\/site\\\/thewinter-faz-electro-industrial-estilo-trilha-sonora-em-thebrave\\\/\"]}]},{\"@type\":\"ImageObject\",\"inLanguage\":\"pt-BR\",\"@id\":\"https:\\\/\\\/beatforbeat.com.br\\\/site\\\/thewinter-faz-electro-industrial-estilo-trilha-sonora-em-thebrave\\\/#primaryimage\",\"url\":\"https:\\\/\\\/beatforbeat.com.br\\\/site\\\/wp-content\\\/uploads\\\/2023\\\/04\\\/Untitled-e1681388819877.jpg\",\"contentUrl\":\"https:\\\/\\\/beatforbeat.com.br\\\/site\\\/wp-content\\\/uploads\\\/2023\\\/04\\\/Untitled-e1681388819877.jpg\",\"width\":1064,\"height\":720,\"caption\":\"TheWinter | Foto: Pino Gomes\"},{\"@type\":\"BreadcrumbList\",\"@id\":\"https:\\\/\\\/beatforbeat.com.br\\\/site\\\/thewinter-faz-electro-industrial-estilo-trilha-sonora-em-thebrave\\\/#breadcrumb\",\"itemListElement\":[{\"@type\":\"ListItem\",\"position\":1,\"name\":\"In\u00edcio\",\"item\":\"https:\\\/\\\/beatforbeat.com.br\\\/site\\\/\"},{\"@type\":\"ListItem\",\"position\":2,\"name\":\"TheWinter faz electro-industrial estilo trilha sonora em &#8216;TheBrave&#8217;\"}]},{\"@type\":\"WebSite\",\"@id\":\"https:\\\/\\\/beatforbeat.com.br\\\/site\\\/#website\",\"url\":\"https:\\\/\\\/beatforbeat.com.br\\\/site\\\/\",\"name\":\"Beat for Beat\",\"description\":\"M\u00fasica \u00e9 a Resposta\",\"publisher\":{\"@id\":\"https:\\\/\\\/beatforbeat.com.br\\\/site\\\/#organization\"},\"potentialAction\":[{\"@type\":\"SearchAction\",\"target\":{\"@type\":\"EntryPoint\",\"urlTemplate\":\"https:\\\/\\\/beatforbeat.com.br\\\/site\\\/?s={search_term_string}\"},\"query-input\":{\"@type\":\"PropertyValueSpecification\",\"valueRequired\":true,\"valueName\":\"search_term_string\"}}],\"inLanguage\":\"pt-BR\"},{\"@type\":\"Organization\",\"@id\":\"https:\\\/\\\/beatforbeat.com.br\\\/site\\\/#organization\",\"name\":\"Beat for Beat\",\"url\":\"https:\\\/\\\/beatforbeat.com.br\\\/site\\\/\",\"logo\":{\"@type\":\"ImageObject\",\"inLanguage\":\"pt-BR\",\"@id\":\"https:\\\/\\\/beatforbeat.com.br\\\/site\\\/#\\\/schema\\\/logo\\\/image\\\/\",\"url\":\"https:\\\/\\\/beatforbeat.com.br\\\/site\\\/wp-content\\\/uploads\\\/2020\\\/05\\\/Logo-Site-600@2x.png\",\"contentUrl\":\"https:\\\/\\\/beatforbeat.com.br\\\/site\\\/wp-content\\\/uploads\\\/2020\\\/05\\\/Logo-Site-600@2x.png\",\"width\":1200,\"height\":1200,\"caption\":\"Beat for Beat\"},\"image\":{\"@id\":\"https:\\\/\\\/beatforbeat.com.br\\\/site\\\/#\\\/schema\\\/logo\\\/image\\\/\"}},{\"@type\":\"Person\",\"@id\":\"https:\\\/\\\/beatforbeat.com.br\\\/site\\\/#\\\/schema\\\/person\\\/561e4cc997e993fd5dd84e6b5c9dc306\",\"name\":\"Viktor Raphael\",\"image\":{\"@type\":\"ImageObject\",\"inLanguage\":\"pt-BR\",\"@id\":\"https:\\\/\\\/secure.gravatar.com\\\/avatar\\\/a6eade5aeded37bd5ee2c073682b2a295287aeb61ca43d85c06a0fa10b4bf7e9?s=96&d=mm&r=g\",\"url\":\"https:\\\/\\\/secure.gravatar.com\\\/avatar\\\/a6eade5aeded37bd5ee2c073682b2a295287aeb61ca43d85c06a0fa10b4bf7e9?s=96&d=mm&r=g\",\"contentUrl\":\"https:\\\/\\\/secure.gravatar.com\\\/avatar\\\/a6eade5aeded37bd5ee2c073682b2a295287aeb61ca43d85c06a0fa10b4bf7e9?s=96&d=mm&r=g\",\"caption\":\"Viktor Raphael\"},\"description\":\"DJ, Produtor, Redator, Libriano e Sonhador. Trance para amar e Techno para dan\u00e7ar, com uma ta\u00e7a de Gin para acompanhar. Onde \u00e9 o after?\",\"sameAs\":[\"https:\\\/\\\/www.facebook.com\\\/viktoraphael\",\"https:\\\/\\\/www.instagram.com\\\/vicraphael_\\\/\",\"https:\\\/\\\/x.com\\\/djviktorraphael\"],\"url\":\"https:\\\/\\\/beatforbeat.com.br\\\/site\\\/author\\\/viktor\\\/\"}]}<\/script>\n<!-- \/ Yoast SEO plugin. -->","yoast_head_json":{"title":"TheWinter faz electro-industrial estilo trilha sonora em 'TheBrave'","description":"A faixa 'TheBrave', do projeto TheWinter, faz parte de projeto transmedia \"TheOdyssey\". Escute agora e experimente uma nova sonoridade.","robots":{"index":"index","follow":"follow","max-snippet":"max-snippet:-1","max-image-preview":"max-image-preview:large","max-video-preview":"max-video-preview:-1"},"canonical":"https:\/\/beatforbeat.com.br\/site\/thewinter-faz-electro-industrial-estilo-trilha-sonora-em-thebrave\/","og_locale":"pt_BR","og_type":"article","og_title":"TheWinter faz electro-industrial estilo trilha sonora em 'TheBrave'","og_description":"A faixa 'TheBrave', do projeto TheWinter, faz parte de projeto transmedia \"TheOdyssey\". Escute agora e experimente uma nova sonoridade.","og_url":"https:\/\/beatforbeat.com.br\/site\/thewinter-faz-electro-industrial-estilo-trilha-sonora-em-thebrave\/","og_site_name":"Beat for Beat","article_author":"https:\/\/www.facebook.com\/viktoraphael","article_published_time":"2023-04-13T12:27:59+00:00","og_image":[{"width":1064,"height":720,"url":"https:\/\/beatforbeat.com.br\/site\/wp-content\/uploads\/2023\/04\/Untitled-e1681388819877.jpg","type":"image\/jpeg"}],"author":"Viktor Raphael","twitter_card":"summary_large_image","twitter_creator":"@djviktorraphael","twitter_misc":{"Escrito por":"Viktor Raphael","Est. tempo de leitura":"3 minutos"},"schema":{"@context":"https:\/\/schema.org","@graph":[{"@type":"Article","@id":"https:\/\/beatforbeat.com.br\/site\/thewinter-faz-electro-industrial-estilo-trilha-sonora-em-thebrave\/#article","isPartOf":{"@id":"https:\/\/beatforbeat.com.br\/site\/thewinter-faz-electro-industrial-estilo-trilha-sonora-em-thebrave\/"},"author":{"name":"Viktor Raphael","@id":"https:\/\/beatforbeat.com.br\/site\/#\/schema\/person\/561e4cc997e993fd5dd84e6b5c9dc306"},"headline":"TheWinter faz electro-industrial estilo trilha sonora em &#8216;TheBrave&#8217;","datePublished":"2023-04-13T12:27:59+00:00","mainEntityOfPage":{"@id":"https:\/\/beatforbeat.com.br\/site\/thewinter-faz-electro-industrial-estilo-trilha-sonora-em-thebrave\/"},"wordCount":380,"publisher":{"@id":"https:\/\/beatforbeat.com.br\/site\/#organization"},"image":{"@id":"https:\/\/beatforbeat.com.br\/site\/thewinter-faz-electro-industrial-estilo-trilha-sonora-em-thebrave\/#primaryimage"},"thumbnailUrl":"https:\/\/beatforbeat.com.br\/site\/wp-content\/uploads\/2023\/04\/Untitled-e1681388819877.jpg","keywords":["Andr\u00e9 Paix\u00e3o","DJ","lan\u00e7amento","TheBrave","TheOdyssey","TheWinter"],"articleSection":["Lan\u00e7amentos"],"inLanguage":"pt-BR"},{"@type":"WebPage","@id":"https:\/\/beatforbeat.com.br\/site\/thewinter-faz-electro-industrial-estilo-trilha-sonora-em-thebrave\/","url":"https:\/\/beatforbeat.com.br\/site\/thewinter-faz-electro-industrial-estilo-trilha-sonora-em-thebrave\/","name":"TheWinter faz electro-industrial estilo trilha sonora em 'TheBrave'","isPartOf":{"@id":"https:\/\/beatforbeat.com.br\/site\/#website"},"primaryImageOfPage":{"@id":"https:\/\/beatforbeat.com.br\/site\/thewinter-faz-electro-industrial-estilo-trilha-sonora-em-thebrave\/#primaryimage"},"image":{"@id":"https:\/\/beatforbeat.com.br\/site\/thewinter-faz-electro-industrial-estilo-trilha-sonora-em-thebrave\/#primaryimage"},"thumbnailUrl":"https:\/\/beatforbeat.com.br\/site\/wp-content\/uploads\/2023\/04\/Untitled-e1681388819877.jpg","datePublished":"2023-04-13T12:27:59+00:00","description":"A faixa 'TheBrave', do projeto TheWinter, faz parte de projeto transmedia \"TheOdyssey\". Escute agora e experimente uma nova sonoridade.","breadcrumb":{"@id":"https:\/\/beatforbeat.com.br\/site\/thewinter-faz-electro-industrial-estilo-trilha-sonora-em-thebrave\/#breadcrumb"},"inLanguage":"pt-BR","potentialAction":[{"@type":"ReadAction","target":["https:\/\/beatforbeat.com.br\/site\/thewinter-faz-electro-industrial-estilo-trilha-sonora-em-thebrave\/"]}]},{"@type":"ImageObject","inLanguage":"pt-BR","@id":"https:\/\/beatforbeat.com.br\/site\/thewinter-faz-electro-industrial-estilo-trilha-sonora-em-thebrave\/#primaryimage","url":"https:\/\/beatforbeat.com.br\/site\/wp-content\/uploads\/2023\/04\/Untitled-e1681388819877.jpg","contentUrl":"https:\/\/beatforbeat.com.br\/site\/wp-content\/uploads\/2023\/04\/Untitled-e1681388819877.jpg","width":1064,"height":720,"caption":"TheWinter | Foto: Pino Gomes"},{"@type":"BreadcrumbList","@id":"https:\/\/beatforbeat.com.br\/site\/thewinter-faz-electro-industrial-estilo-trilha-sonora-em-thebrave\/#breadcrumb","itemListElement":[{"@type":"ListItem","position":1,"name":"In\u00edcio","item":"https:\/\/beatforbeat.com.br\/site\/"},{"@type":"ListItem","position":2,"name":"TheWinter faz electro-industrial estilo trilha sonora em &#8216;TheBrave&#8217;"}]},{"@type":"WebSite","@id":"https:\/\/beatforbeat.com.br\/site\/#website","url":"https:\/\/beatforbeat.com.br\/site\/","name":"Beat for Beat","description":"M\u00fasica \u00e9 a Resposta","publisher":{"@id":"https:\/\/beatforbeat.com.br\/site\/#organization"},"potentialAction":[{"@type":"SearchAction","target":{"@type":"EntryPoint","urlTemplate":"https:\/\/beatforbeat.com.br\/site\/?s={search_term_string}"},"query-input":{"@type":"PropertyValueSpecification","valueRequired":true,"valueName":"search_term_string"}}],"inLanguage":"pt-BR"},{"@type":"Organization","@id":"https:\/\/beatforbeat.com.br\/site\/#organization","name":"Beat for Beat","url":"https:\/\/beatforbeat.com.br\/site\/","logo":{"@type":"ImageObject","inLanguage":"pt-BR","@id":"https:\/\/beatforbeat.com.br\/site\/#\/schema\/logo\/image\/","url":"https:\/\/beatforbeat.com.br\/site\/wp-content\/uploads\/2020\/05\/Logo-Site-600@2x.png","contentUrl":"https:\/\/beatforbeat.com.br\/site\/wp-content\/uploads\/2020\/05\/Logo-Site-600@2x.png","width":1200,"height":1200,"caption":"Beat for Beat"},"image":{"@id":"https:\/\/beatforbeat.com.br\/site\/#\/schema\/logo\/image\/"}},{"@type":"Person","@id":"https:\/\/beatforbeat.com.br\/site\/#\/schema\/person\/561e4cc997e993fd5dd84e6b5c9dc306","name":"Viktor Raphael","image":{"@type":"ImageObject","inLanguage":"pt-BR","@id":"https:\/\/secure.gravatar.com\/avatar\/a6eade5aeded37bd5ee2c073682b2a295287aeb61ca43d85c06a0fa10b4bf7e9?s=96&d=mm&r=g","url":"https:\/\/secure.gravatar.com\/avatar\/a6eade5aeded37bd5ee2c073682b2a295287aeb61ca43d85c06a0fa10b4bf7e9?s=96&d=mm&r=g","contentUrl":"https:\/\/secure.gravatar.com\/avatar\/a6eade5aeded37bd5ee2c073682b2a295287aeb61ca43d85c06a0fa10b4bf7e9?s=96&d=mm&r=g","caption":"Viktor Raphael"},"description":"DJ, Produtor, Redator, Libriano e Sonhador. Trance para amar e Techno para dan\u00e7ar, com uma ta\u00e7a de Gin para acompanhar. Onde \u00e9 o after?","sameAs":["https:\/\/www.facebook.com\/viktoraphael","https:\/\/www.instagram.com\/vicraphael_\/","https:\/\/x.com\/djviktorraphael"],"url":"https:\/\/beatforbeat.com.br\/site\/author\/viktor\/"}]}},"amp_enabled":true,"_links":{"self":[{"href":"https:\/\/beatforbeat.com.br\/site\/wp-json\/wp\/v2\/posts\/36462","targetHints":{"allow":["GET"]}}],"collection":[{"href":"https:\/\/beatforbeat.com.br\/site\/wp-json\/wp\/v2\/posts"}],"about":[{"href":"https:\/\/beatforbeat.com.br\/site\/wp-json\/wp\/v2\/types\/post"}],"author":[{"embeddable":true,"href":"https:\/\/beatforbeat.com.br\/site\/wp-json\/wp\/v2\/users\/2"}],"replies":[{"embeddable":true,"href":"https:\/\/beatforbeat.com.br\/site\/wp-json\/wp\/v2\/comments?post=36462"}],"version-history":[{"count":1,"href":"https:\/\/beatforbeat.com.br\/site\/wp-json\/wp\/v2\/posts\/36462\/revisions"}],"predecessor-version":[{"id":36464,"href":"https:\/\/beatforbeat.com.br\/site\/wp-json\/wp\/v2\/posts\/36462\/revisions\/36464"}],"wp:featuredmedia":[{"embeddable":true,"href":"https:\/\/beatforbeat.com.br\/site\/wp-json\/wp\/v2\/media\/36463"}],"wp:attachment":[{"href":"https:\/\/beatforbeat.com.br\/site\/wp-json\/wp\/v2\/media?parent=36462"}],"wp:term":[{"taxonomy":"category","embeddable":true,"href":"https:\/\/beatforbeat.com.br\/site\/wp-json\/wp\/v2\/categories?post=36462"},{"taxonomy":"post_tag","embeddable":true,"href":"https:\/\/beatforbeat.com.br\/site\/wp-json\/wp\/v2\/tags?post=36462"}],"curies":[{"name":"wp","href":"https:\/\/api.w.org\/{rel}","templated":true}]}}