{"id":37139,"date":"2023-06-07T13:50:03","date_gmt":"2023-06-07T16:50:03","guid":{"rendered":"https:\/\/beatforbeat.com.br\/site\/?p=37139"},"modified":"2023-06-07T13:50:03","modified_gmt":"2023-06-07T16:50:03","slug":"johannes-schuster-leva-sua-essencia-no-remix-de-catch-the-vibe","status":"publish","type":"post","link":"https:\/\/beatforbeat.com.br\/site\/johannes-schuster-leva-sua-essencia-no-remix-de-catch-the-vibe\/","title":{"rendered":"Johannes Schuster leva sua ess\u00eancia no remix de &#8216;Catch The Vibe&#8217;"},"content":{"rendered":"<p>Vers\u00e3o do produtor alem\u00e3o Johannes Schuster para track do EP de AERT, mistura som underground e industrial. Escute agora o resultado.<\/p>\n<figure id=\"attachment_37140\" aria-describedby=\"caption-attachment-37140\" style=\"width: 630px\" class=\"wp-caption aligncenter\"><a href=\"https:\/\/beatforbeat.com.br\/site\/wp-content\/uploads\/2023\/06\/Press-Photo-Johannes-Schuster-01-\u220f-Le-Hai-Linh.jpg\"><img decoding=\"async\" class=\"wp-image-37140 lazyload\" data-src=\"https:\/\/beatforbeat.com.br\/site\/wp-content\/uploads\/2023\/06\/Press-Photo-Johannes-Schuster-01-\u220f-Le-Hai-Linh.jpg\" alt=\"Johannes Schuster\" width=\"630\" height=\"420\" data-srcset=\"https:\/\/beatforbeat.com.br\/site\/wp-content\/uploads\/2023\/06\/Press-Photo-Johannes-Schuster-01-\u220f-Le-Hai-Linh.jpg 1600w, https:\/\/beatforbeat.com.br\/site\/wp-content\/uploads\/2023\/06\/Press-Photo-Johannes-Schuster-01-\u220f-Le-Hai-Linh-300x200.jpg 300w, https:\/\/beatforbeat.com.br\/site\/wp-content\/uploads\/2023\/06\/Press-Photo-Johannes-Schuster-01-\u220f-Le-Hai-Linh-1024x683.jpg 1024w, https:\/\/beatforbeat.com.br\/site\/wp-content\/uploads\/2023\/06\/Press-Photo-Johannes-Schuster-01-\u220f-Le-Hai-Linh-768x512.jpg 768w, https:\/\/beatforbeat.com.br\/site\/wp-content\/uploads\/2023\/06\/Press-Photo-Johannes-Schuster-01-\u220f-Le-Hai-Linh-1536x1024.jpg 1536w\" data-sizes=\"(max-width: 630px) 100vw, 630px\" src=\"data:image\/svg+xml;base64,PHN2ZyB3aWR0aD0iMSIgaGVpZ2h0PSIxIiB4bWxucz0iaHR0cDovL3d3dy53My5vcmcvMjAwMC9zdmciPjwvc3ZnPg==\" style=\"--smush-placeholder-width: 630px; --smush-placeholder-aspect-ratio: 630\/420;\" \/><\/a><figcaption id=\"caption-attachment-37140\" class=\"wp-caption-text\">Johannes Schuster | Foto: divulga\u00e7\u00e3o<\/figcaption><\/figure>\n<p>Sinta a Vibe! Pela <strong>Gomboc Records<\/strong>, <strong>AERT<\/strong> estreia o poderoso EP <i><a href=\"https:\/\/open.spotify.com\/album\/7ski64BulwWsEXnzI2ye7U?si=UA2bFCBUQHawf-6yLDUwOQ\" target=\"_blank\" rel=\"noopener noreferrer\">&#8216;Catch The Vibe&#8217;<\/a><\/i>, com\u00a0duas tracks originais de batidas envolventes, grooves contagiantes e percuss\u00e3o marcante, acompanhadas por vocais intensos. O EP, inclusive, conta com o remix da faixa hom\u00f4nima feito por\u00a0<b>Johannes Schuster<\/b>, conhecido por levar muita intensidade para seus lan\u00e7amentos. Sua contribui\u00e7\u00e3o em <a href=\"https:\/\/open.spotify.com\/track\/4UR5GmubbKN69JfviQGL9r?si=cda25324c5f5436e\" target=\"_blank\" rel=\"noopener noreferrer\"><i>&#8216;Catch The Vibe&#8217;<\/i><\/a>\u00a0leva 5min10s de m\u00fasica que, com certeza, eleva a energia de qualquer pessoa.<\/p><div id=\"beatf-1742859577\" class=\"beatf-conteudo_2 beatf-entity-placement\"><script async src=\"\/\/pagead2.googlesyndication.com\/pagead\/js\/adsbygoogle.js?client=ca-pub-5262797664076819\" crossorigin=\"anonymous\"><\/script><ins class=\"adsbygoogle\" style=\"display:block; text-align:center;\" data-ad-client=\"ca-pub-5262797664076819\" \ndata-ad-slot=\"8185743757\" \ndata-ad-layout=\"in-article\"\ndata-ad-format=\"fluid\"><\/ins>\n<script> \n(adsbygoogle = window.adsbygoogle || []).push({}); \n<\/script>\n<\/div>\n<p><b>Johannes Schuster<\/b>\u00a0come\u00e7ou sua carreira com algumas m\u00fasicas de House com apenas 15 anos, na regi\u00e3o de sua cidade natal, perto do Lago de Constan\u00e7a, na fronteira da Alemanha com a Su\u00ed\u00e7a. Ele imediatamente se interessou por vinil e logo estabeleceu uma cole\u00e7\u00e3o, que o levou para suas primeiras produ\u00e7\u00f5es.<\/p>\n<p>Com o passar dos anos, sua paix\u00e3o e estilo se desenvolveram para o Techno. Ao se mudar para Col\u00f4nia em 2014, seu foco musical se intensificou e foi definido. Seu estilo agora pode ser visto como uma mistura precisa de m\u00fasicas mais undergrounds e industriais, que variam desde o Acid a grooves antigos, chegando a 150 BPM!<\/p>\n<blockquote><p><em>&#8220;A ideia do meu remix era combinar a atmosfera das duas faixas originais do EP (&#8216;City Boy&#8217; e &#8216;Catch the Vibe&#8217;). O resultado \u00e9 um remix inspirado na velha escola, com uma vibe positiva ao longo de toda a dura\u00e7\u00e3o&#8221;<\/em>, conta\u00a0<b>Johannes<\/b><\/p><\/blockquote>\n<p>O lan\u00e7amento do\u00a0<a href=\"https:\/\/open.spotify.com\/track\/4UR5GmubbKN69JfviQGL9r?si=cda25324c5f5436e\" target=\"_blank\" rel=\"noopener noreferrer\">remix<\/a>\u00a0foi no dia\u00a026 de maio, ent\u00e3o n\u00e3o deixe de conferir as plataformas digitais do artista para ouvir em primeira m\u00e3o, e, claro, o acompanhe em suas\u00a0<a href=\"https:\/\/www.instagram.com\/johannesschuster_official\/\" target=\"_blank\" rel=\"noopener noreferrer\">redes sociais<\/a>\u00a0para n\u00e3o perder nenhuma novidade que vem por a\u00ed.<\/p>\n<p><iframe title=\"Spotify Embed: Catch The Vibe - Johannes Schuster Rave Remix\" style=\"border-radius: 12px\" width=\"100%\" height=\"152\" frameborder=\"0\" allowfullscreen allow=\"autoplay; clipboard-write; encrypted-media; fullscreen; picture-in-picture\" data-src=\"https:\/\/open.spotify.com\/embed\/track\/4UR5GmubbKN69JfviQGL9r?si=31e1cf287427419f&#038;utm_source=oembed\" src=\"data:image\/svg+xml;base64,PHN2ZyB3aWR0aD0iMSIgaGVpZ2h0PSIxIiB4bWxucz0iaHR0cDovL3d3dy53My5vcmcvMjAwMC9zdmciPjwvc3ZnPg==\" class=\"lazyload\" data-load-mode=\"1\"><\/iframe><\/p>\n","protected":false},"excerpt":{"rendered":"Vers\u00e3o do produtor alem\u00e3o Johannes Schuster para track do EP de AERT, mistura som underground e industrial. Escute&hellip;","protected":false},"author":2,"featured_media":37140,"comment_status":"closed","ping_status":"open","sticky":false,"template":"","format":"standard","meta":{"_monsterinsights_skip_tracking":false,"_monsterinsights_sitenote_active":false,"_monsterinsights_sitenote_note":"","_monsterinsights_sitenote_category":0,"csco_display_header_overlay":false,"csco_singular_sidebar":"","csco_page_header_type":"","csco_page_load_nextpost":"","csco_post_video_location":[],"csco_post_video_location_hash":"","csco_post_video_url":"","csco_post_video_bg_start_time":0,"csco_post_video_bg_end_time":0,"footnotes":""},"categories":[7938],"tags":[12986,12988,53,12985,12987,147,80],"class_list":{"0":"post-37139","1":"post","2":"type-post","3":"status-publish","4":"format-standard","5":"has-post-thumbnail","7":"category-lancamentos","8":"tag-aert","9":"tag-catch-the-vibe","10":"tag-dj","11":"tag-gomboc-records","12":"tag-johannes-schuster","13":"tag-lancamento","14":"tag-remix","15":"cs-entry","16":"cs-video-wrap"},"yoast_head":"<!-- This site is optimized with the Yoast SEO plugin v27.4 - https:\/\/yoast.com\/product\/yoast-seo-wordpress\/ -->\n<title>Johannes Schuster leva sua ess\u00eancia no remix de &#039;Catch The Vibe&#039;<\/title>\n<meta name=\"description\" content=\"Vers\u00e3o do produtor alem\u00e3o Johannes Schuster para track do EP de AERT, mistura som underground e industrial. Escute agora o resultado.\" \/>\n<meta name=\"robots\" content=\"index, follow, max-snippet:-1, max-image-preview:large, max-video-preview:-1\" \/>\n<link rel=\"canonical\" href=\"https:\/\/beatforbeat.com.br\/site\/johannes-schuster-leva-sua-essencia-no-remix-de-catch-the-vibe\/\" \/>\n<meta property=\"og:locale\" content=\"pt_BR\" \/>\n<meta property=\"og:type\" content=\"article\" \/>\n<meta property=\"og:title\" content=\"Johannes Schuster leva sua ess\u00eancia no remix de &#039;Catch The Vibe&#039;\" \/>\n<meta property=\"og:description\" content=\"Vers\u00e3o do produtor alem\u00e3o Johannes Schuster para track do EP de AERT, mistura som underground e industrial. Escute agora o resultado.\" \/>\n<meta property=\"og:url\" content=\"https:\/\/beatforbeat.com.br\/site\/johannes-schuster-leva-sua-essencia-no-remix-de-catch-the-vibe\/\" \/>\n<meta property=\"og:site_name\" content=\"Beat for Beat\" \/>\n<meta property=\"article:author\" content=\"https:\/\/www.facebook.com\/viktoraphael\" \/>\n<meta property=\"article:published_time\" content=\"2023-06-07T16:50:03+00:00\" \/>\n<meta property=\"og:image\" content=\"https:\/\/beatforbeat.com.br\/site\/wp-content\/uploads\/2023\/06\/Press-Photo-Johannes-Schuster-01-\u220f-Le-Hai-Linh.jpg\" \/>\n\t<meta property=\"og:image:width\" content=\"1600\" \/>\n\t<meta property=\"og:image:height\" content=\"1067\" \/>\n\t<meta property=\"og:image:type\" content=\"image\/jpeg\" \/>\n<meta name=\"author\" content=\"Viktor Raphael\" \/>\n<meta name=\"twitter:card\" content=\"summary_large_image\" \/>\n<meta name=\"twitter:creator\" content=\"@djviktorraphael\" \/>\n<meta name=\"twitter:label1\" content=\"Escrito por\" \/>\n\t<meta name=\"twitter:data1\" content=\"Viktor Raphael\" \/>\n\t<meta name=\"twitter:label2\" content=\"Est. tempo de leitura\" \/>\n\t<meta name=\"twitter:data2\" content=\"2 minutos\" \/>\n<script type=\"application\/ld+json\" class=\"yoast-schema-graph\">{\"@context\":\"https:\\\/\\\/schema.org\",\"@graph\":[{\"@type\":\"Article\",\"@id\":\"https:\\\/\\\/beatforbeat.com.br\\\/site\\\/johannes-schuster-leva-sua-essencia-no-remix-de-catch-the-vibe\\\/#article\",\"isPartOf\":{\"@id\":\"https:\\\/\\\/beatforbeat.com.br\\\/site\\\/johannes-schuster-leva-sua-essencia-no-remix-de-catch-the-vibe\\\/\"},\"author\":{\"name\":\"Viktor Raphael\",\"@id\":\"https:\\\/\\\/beatforbeat.com.br\\\/site\\\/#\\\/schema\\\/person\\\/561e4cc997e993fd5dd84e6b5c9dc306\"},\"headline\":\"Johannes Schuster leva sua ess\u00eancia no remix de &#8216;Catch The Vibe&#8217;\",\"datePublished\":\"2023-06-07T16:50:03+00:00\",\"mainEntityOfPage\":{\"@id\":\"https:\\\/\\\/beatforbeat.com.br\\\/site\\\/johannes-schuster-leva-sua-essencia-no-remix-de-catch-the-vibe\\\/\"},\"wordCount\":340,\"publisher\":{\"@id\":\"https:\\\/\\\/beatforbeat.com.br\\\/site\\\/#organization\"},\"image\":{\"@id\":\"https:\\\/\\\/beatforbeat.com.br\\\/site\\\/johannes-schuster-leva-sua-essencia-no-remix-de-catch-the-vibe\\\/#primaryimage\"},\"thumbnailUrl\":\"https:\\\/\\\/beatforbeat.com.br\\\/site\\\/wp-content\\\/uploads\\\/2023\\\/06\\\/Press-Photo-Johannes-Schuster-01-\u220f-Le-Hai-Linh.jpg\",\"keywords\":[\"AERT\",\"Catch The Vibe\",\"DJ\",\"Gomboc Records\",\"Johannes Schuster\",\"lan\u00e7amento\",\"remix\"],\"articleSection\":[\"Lan\u00e7amentos\"],\"inLanguage\":\"pt-BR\"},{\"@type\":\"WebPage\",\"@id\":\"https:\\\/\\\/beatforbeat.com.br\\\/site\\\/johannes-schuster-leva-sua-essencia-no-remix-de-catch-the-vibe\\\/\",\"url\":\"https:\\\/\\\/beatforbeat.com.br\\\/site\\\/johannes-schuster-leva-sua-essencia-no-remix-de-catch-the-vibe\\\/\",\"name\":\"Johannes Schuster leva sua ess\u00eancia no remix de 'Catch The Vibe'\",\"isPartOf\":{\"@id\":\"https:\\\/\\\/beatforbeat.com.br\\\/site\\\/#website\"},\"primaryImageOfPage\":{\"@id\":\"https:\\\/\\\/beatforbeat.com.br\\\/site\\\/johannes-schuster-leva-sua-essencia-no-remix-de-catch-the-vibe\\\/#primaryimage\"},\"image\":{\"@id\":\"https:\\\/\\\/beatforbeat.com.br\\\/site\\\/johannes-schuster-leva-sua-essencia-no-remix-de-catch-the-vibe\\\/#primaryimage\"},\"thumbnailUrl\":\"https:\\\/\\\/beatforbeat.com.br\\\/site\\\/wp-content\\\/uploads\\\/2023\\\/06\\\/Press-Photo-Johannes-Schuster-01-\u220f-Le-Hai-Linh.jpg\",\"datePublished\":\"2023-06-07T16:50:03+00:00\",\"description\":\"Vers\u00e3o do produtor alem\u00e3o Johannes Schuster para track do EP de AERT, mistura som underground e industrial. Escute agora o resultado.\",\"breadcrumb\":{\"@id\":\"https:\\\/\\\/beatforbeat.com.br\\\/site\\\/johannes-schuster-leva-sua-essencia-no-remix-de-catch-the-vibe\\\/#breadcrumb\"},\"inLanguage\":\"pt-BR\",\"potentialAction\":[{\"@type\":\"ReadAction\",\"target\":[\"https:\\\/\\\/beatforbeat.com.br\\\/site\\\/johannes-schuster-leva-sua-essencia-no-remix-de-catch-the-vibe\\\/\"]}]},{\"@type\":\"ImageObject\",\"inLanguage\":\"pt-BR\",\"@id\":\"https:\\\/\\\/beatforbeat.com.br\\\/site\\\/johannes-schuster-leva-sua-essencia-no-remix-de-catch-the-vibe\\\/#primaryimage\",\"url\":\"https:\\\/\\\/beatforbeat.com.br\\\/site\\\/wp-content\\\/uploads\\\/2023\\\/06\\\/Press-Photo-Johannes-Schuster-01-\u220f-Le-Hai-Linh.jpg\",\"contentUrl\":\"https:\\\/\\\/beatforbeat.com.br\\\/site\\\/wp-content\\\/uploads\\\/2023\\\/06\\\/Press-Photo-Johannes-Schuster-01-\u220f-Le-Hai-Linh.jpg\",\"width\":1600,\"height\":1067,\"caption\":\"Johannes Schuster | Foto: divulga\u00e7\u00e3o\"},{\"@type\":\"BreadcrumbList\",\"@id\":\"https:\\\/\\\/beatforbeat.com.br\\\/site\\\/johannes-schuster-leva-sua-essencia-no-remix-de-catch-the-vibe\\\/#breadcrumb\",\"itemListElement\":[{\"@type\":\"ListItem\",\"position\":1,\"name\":\"In\u00edcio\",\"item\":\"https:\\\/\\\/beatforbeat.com.br\\\/site\\\/\"},{\"@type\":\"ListItem\",\"position\":2,\"name\":\"Johannes Schuster leva sua ess\u00eancia no remix de &#8216;Catch The Vibe&#8217;\"}]},{\"@type\":\"WebSite\",\"@id\":\"https:\\\/\\\/beatforbeat.com.br\\\/site\\\/#website\",\"url\":\"https:\\\/\\\/beatforbeat.com.br\\\/site\\\/\",\"name\":\"Beat for Beat\",\"description\":\"M\u00fasica \u00e9 a Resposta\",\"publisher\":{\"@id\":\"https:\\\/\\\/beatforbeat.com.br\\\/site\\\/#organization\"},\"potentialAction\":[{\"@type\":\"SearchAction\",\"target\":{\"@type\":\"EntryPoint\",\"urlTemplate\":\"https:\\\/\\\/beatforbeat.com.br\\\/site\\\/?s={search_term_string}\"},\"query-input\":{\"@type\":\"PropertyValueSpecification\",\"valueRequired\":true,\"valueName\":\"search_term_string\"}}],\"inLanguage\":\"pt-BR\"},{\"@type\":\"Organization\",\"@id\":\"https:\\\/\\\/beatforbeat.com.br\\\/site\\\/#organization\",\"name\":\"Beat for Beat\",\"url\":\"https:\\\/\\\/beatforbeat.com.br\\\/site\\\/\",\"logo\":{\"@type\":\"ImageObject\",\"inLanguage\":\"pt-BR\",\"@id\":\"https:\\\/\\\/beatforbeat.com.br\\\/site\\\/#\\\/schema\\\/logo\\\/image\\\/\",\"url\":\"https:\\\/\\\/beatforbeat.com.br\\\/site\\\/wp-content\\\/uploads\\\/2020\\\/05\\\/Logo-Site-600@2x.png\",\"contentUrl\":\"https:\\\/\\\/beatforbeat.com.br\\\/site\\\/wp-content\\\/uploads\\\/2020\\\/05\\\/Logo-Site-600@2x.png\",\"width\":1200,\"height\":1200,\"caption\":\"Beat for Beat\"},\"image\":{\"@id\":\"https:\\\/\\\/beatforbeat.com.br\\\/site\\\/#\\\/schema\\\/logo\\\/image\\\/\"}},{\"@type\":\"Person\",\"@id\":\"https:\\\/\\\/beatforbeat.com.br\\\/site\\\/#\\\/schema\\\/person\\\/561e4cc997e993fd5dd84e6b5c9dc306\",\"name\":\"Viktor Raphael\",\"image\":{\"@type\":\"ImageObject\",\"inLanguage\":\"pt-BR\",\"@id\":\"https:\\\/\\\/secure.gravatar.com\\\/avatar\\\/a6eade5aeded37bd5ee2c073682b2a295287aeb61ca43d85c06a0fa10b4bf7e9?s=96&d=mm&r=g\",\"url\":\"https:\\\/\\\/secure.gravatar.com\\\/avatar\\\/a6eade5aeded37bd5ee2c073682b2a295287aeb61ca43d85c06a0fa10b4bf7e9?s=96&d=mm&r=g\",\"contentUrl\":\"https:\\\/\\\/secure.gravatar.com\\\/avatar\\\/a6eade5aeded37bd5ee2c073682b2a295287aeb61ca43d85c06a0fa10b4bf7e9?s=96&d=mm&r=g\",\"caption\":\"Viktor Raphael\"},\"description\":\"DJ, Produtor, Redator, Libriano e Sonhador. Trance para amar e Techno para dan\u00e7ar, com uma ta\u00e7a de Gin para acompanhar. Onde \u00e9 o after?\",\"sameAs\":[\"https:\\\/\\\/www.facebook.com\\\/viktoraphael\",\"https:\\\/\\\/www.instagram.com\\\/vicraphael_\\\/\",\"https:\\\/\\\/x.com\\\/djviktorraphael\"],\"url\":\"https:\\\/\\\/beatforbeat.com.br\\\/site\\\/author\\\/viktor\\\/\"}]}<\/script>\n<!-- \/ Yoast SEO plugin. -->","yoast_head_json":{"title":"Johannes Schuster leva sua ess\u00eancia no remix de 'Catch The Vibe'","description":"Vers\u00e3o do produtor alem\u00e3o Johannes Schuster para track do EP de AERT, mistura som underground e industrial. Escute agora o resultado.","robots":{"index":"index","follow":"follow","max-snippet":"max-snippet:-1","max-image-preview":"max-image-preview:large","max-video-preview":"max-video-preview:-1"},"canonical":"https:\/\/beatforbeat.com.br\/site\/johannes-schuster-leva-sua-essencia-no-remix-de-catch-the-vibe\/","og_locale":"pt_BR","og_type":"article","og_title":"Johannes Schuster leva sua ess\u00eancia no remix de 'Catch The Vibe'","og_description":"Vers\u00e3o do produtor alem\u00e3o Johannes Schuster para track do EP de AERT, mistura som underground e industrial. Escute agora o resultado.","og_url":"https:\/\/beatforbeat.com.br\/site\/johannes-schuster-leva-sua-essencia-no-remix-de-catch-the-vibe\/","og_site_name":"Beat for Beat","article_author":"https:\/\/www.facebook.com\/viktoraphael","article_published_time":"2023-06-07T16:50:03+00:00","og_image":[{"width":1600,"height":1067,"url":"https:\/\/beatforbeat.com.br\/site\/wp-content\/uploads\/2023\/06\/Press-Photo-Johannes-Schuster-01-\u220f-Le-Hai-Linh.jpg","type":"image\/jpeg"}],"author":"Viktor Raphael","twitter_card":"summary_large_image","twitter_creator":"@djviktorraphael","twitter_misc":{"Escrito por":"Viktor Raphael","Est. tempo de leitura":"2 minutos"},"schema":{"@context":"https:\/\/schema.org","@graph":[{"@type":"Article","@id":"https:\/\/beatforbeat.com.br\/site\/johannes-schuster-leva-sua-essencia-no-remix-de-catch-the-vibe\/#article","isPartOf":{"@id":"https:\/\/beatforbeat.com.br\/site\/johannes-schuster-leva-sua-essencia-no-remix-de-catch-the-vibe\/"},"author":{"name":"Viktor Raphael","@id":"https:\/\/beatforbeat.com.br\/site\/#\/schema\/person\/561e4cc997e993fd5dd84e6b5c9dc306"},"headline":"Johannes Schuster leva sua ess\u00eancia no remix de &#8216;Catch The Vibe&#8217;","datePublished":"2023-06-07T16:50:03+00:00","mainEntityOfPage":{"@id":"https:\/\/beatforbeat.com.br\/site\/johannes-schuster-leva-sua-essencia-no-remix-de-catch-the-vibe\/"},"wordCount":340,"publisher":{"@id":"https:\/\/beatforbeat.com.br\/site\/#organization"},"image":{"@id":"https:\/\/beatforbeat.com.br\/site\/johannes-schuster-leva-sua-essencia-no-remix-de-catch-the-vibe\/#primaryimage"},"thumbnailUrl":"https:\/\/beatforbeat.com.br\/site\/wp-content\/uploads\/2023\/06\/Press-Photo-Johannes-Schuster-01-\u220f-Le-Hai-Linh.jpg","keywords":["AERT","Catch The Vibe","DJ","Gomboc Records","Johannes Schuster","lan\u00e7amento","remix"],"articleSection":["Lan\u00e7amentos"],"inLanguage":"pt-BR"},{"@type":"WebPage","@id":"https:\/\/beatforbeat.com.br\/site\/johannes-schuster-leva-sua-essencia-no-remix-de-catch-the-vibe\/","url":"https:\/\/beatforbeat.com.br\/site\/johannes-schuster-leva-sua-essencia-no-remix-de-catch-the-vibe\/","name":"Johannes Schuster leva sua ess\u00eancia no remix de 'Catch The Vibe'","isPartOf":{"@id":"https:\/\/beatforbeat.com.br\/site\/#website"},"primaryImageOfPage":{"@id":"https:\/\/beatforbeat.com.br\/site\/johannes-schuster-leva-sua-essencia-no-remix-de-catch-the-vibe\/#primaryimage"},"image":{"@id":"https:\/\/beatforbeat.com.br\/site\/johannes-schuster-leva-sua-essencia-no-remix-de-catch-the-vibe\/#primaryimage"},"thumbnailUrl":"https:\/\/beatforbeat.com.br\/site\/wp-content\/uploads\/2023\/06\/Press-Photo-Johannes-Schuster-01-\u220f-Le-Hai-Linh.jpg","datePublished":"2023-06-07T16:50:03+00:00","description":"Vers\u00e3o do produtor alem\u00e3o Johannes Schuster para track do EP de AERT, mistura som underground e industrial. Escute agora o resultado.","breadcrumb":{"@id":"https:\/\/beatforbeat.com.br\/site\/johannes-schuster-leva-sua-essencia-no-remix-de-catch-the-vibe\/#breadcrumb"},"inLanguage":"pt-BR","potentialAction":[{"@type":"ReadAction","target":["https:\/\/beatforbeat.com.br\/site\/johannes-schuster-leva-sua-essencia-no-remix-de-catch-the-vibe\/"]}]},{"@type":"ImageObject","inLanguage":"pt-BR","@id":"https:\/\/beatforbeat.com.br\/site\/johannes-schuster-leva-sua-essencia-no-remix-de-catch-the-vibe\/#primaryimage","url":"https:\/\/beatforbeat.com.br\/site\/wp-content\/uploads\/2023\/06\/Press-Photo-Johannes-Schuster-01-\u220f-Le-Hai-Linh.jpg","contentUrl":"https:\/\/beatforbeat.com.br\/site\/wp-content\/uploads\/2023\/06\/Press-Photo-Johannes-Schuster-01-\u220f-Le-Hai-Linh.jpg","width":1600,"height":1067,"caption":"Johannes Schuster | Foto: divulga\u00e7\u00e3o"},{"@type":"BreadcrumbList","@id":"https:\/\/beatforbeat.com.br\/site\/johannes-schuster-leva-sua-essencia-no-remix-de-catch-the-vibe\/#breadcrumb","itemListElement":[{"@type":"ListItem","position":1,"name":"In\u00edcio","item":"https:\/\/beatforbeat.com.br\/site\/"},{"@type":"ListItem","position":2,"name":"Johannes Schuster leva sua ess\u00eancia no remix de &#8216;Catch The Vibe&#8217;"}]},{"@type":"WebSite","@id":"https:\/\/beatforbeat.com.br\/site\/#website","url":"https:\/\/beatforbeat.com.br\/site\/","name":"Beat for Beat","description":"M\u00fasica \u00e9 a Resposta","publisher":{"@id":"https:\/\/beatforbeat.com.br\/site\/#organization"},"potentialAction":[{"@type":"SearchAction","target":{"@type":"EntryPoint","urlTemplate":"https:\/\/beatforbeat.com.br\/site\/?s={search_term_string}"},"query-input":{"@type":"PropertyValueSpecification","valueRequired":true,"valueName":"search_term_string"}}],"inLanguage":"pt-BR"},{"@type":"Organization","@id":"https:\/\/beatforbeat.com.br\/site\/#organization","name":"Beat for Beat","url":"https:\/\/beatforbeat.com.br\/site\/","logo":{"@type":"ImageObject","inLanguage":"pt-BR","@id":"https:\/\/beatforbeat.com.br\/site\/#\/schema\/logo\/image\/","url":"https:\/\/beatforbeat.com.br\/site\/wp-content\/uploads\/2020\/05\/Logo-Site-600@2x.png","contentUrl":"https:\/\/beatforbeat.com.br\/site\/wp-content\/uploads\/2020\/05\/Logo-Site-600@2x.png","width":1200,"height":1200,"caption":"Beat for Beat"},"image":{"@id":"https:\/\/beatforbeat.com.br\/site\/#\/schema\/logo\/image\/"}},{"@type":"Person","@id":"https:\/\/beatforbeat.com.br\/site\/#\/schema\/person\/561e4cc997e993fd5dd84e6b5c9dc306","name":"Viktor Raphael","image":{"@type":"ImageObject","inLanguage":"pt-BR","@id":"https:\/\/secure.gravatar.com\/avatar\/a6eade5aeded37bd5ee2c073682b2a295287aeb61ca43d85c06a0fa10b4bf7e9?s=96&d=mm&r=g","url":"https:\/\/secure.gravatar.com\/avatar\/a6eade5aeded37bd5ee2c073682b2a295287aeb61ca43d85c06a0fa10b4bf7e9?s=96&d=mm&r=g","contentUrl":"https:\/\/secure.gravatar.com\/avatar\/a6eade5aeded37bd5ee2c073682b2a295287aeb61ca43d85c06a0fa10b4bf7e9?s=96&d=mm&r=g","caption":"Viktor Raphael"},"description":"DJ, Produtor, Redator, Libriano e Sonhador. Trance para amar e Techno para dan\u00e7ar, com uma ta\u00e7a de Gin para acompanhar. Onde \u00e9 o after?","sameAs":["https:\/\/www.facebook.com\/viktoraphael","https:\/\/www.instagram.com\/vicraphael_\/","https:\/\/x.com\/djviktorraphael"],"url":"https:\/\/beatforbeat.com.br\/site\/author\/viktor\/"}]}},"amp_enabled":true,"_links":{"self":[{"href":"https:\/\/beatforbeat.com.br\/site\/wp-json\/wp\/v2\/posts\/37139","targetHints":{"allow":["GET"]}}],"collection":[{"href":"https:\/\/beatforbeat.com.br\/site\/wp-json\/wp\/v2\/posts"}],"about":[{"href":"https:\/\/beatforbeat.com.br\/site\/wp-json\/wp\/v2\/types\/post"}],"author":[{"embeddable":true,"href":"https:\/\/beatforbeat.com.br\/site\/wp-json\/wp\/v2\/users\/2"}],"replies":[{"embeddable":true,"href":"https:\/\/beatforbeat.com.br\/site\/wp-json\/wp\/v2\/comments?post=37139"}],"version-history":[{"count":1,"href":"https:\/\/beatforbeat.com.br\/site\/wp-json\/wp\/v2\/posts\/37139\/revisions"}],"predecessor-version":[{"id":37141,"href":"https:\/\/beatforbeat.com.br\/site\/wp-json\/wp\/v2\/posts\/37139\/revisions\/37141"}],"wp:featuredmedia":[{"embeddable":true,"href":"https:\/\/beatforbeat.com.br\/site\/wp-json\/wp\/v2\/media\/37140"}],"wp:attachment":[{"href":"https:\/\/beatforbeat.com.br\/site\/wp-json\/wp\/v2\/media?parent=37139"}],"wp:term":[{"taxonomy":"category","embeddable":true,"href":"https:\/\/beatforbeat.com.br\/site\/wp-json\/wp\/v2\/categories?post=37139"},{"taxonomy":"post_tag","embeddable":true,"href":"https:\/\/beatforbeat.com.br\/site\/wp-json\/wp\/v2\/tags?post=37139"}],"curies":[{"name":"wp","href":"https:\/\/api.w.org\/{rel}","templated":true}]}}