{"id":37434,"date":"2023-06-22T16:05:15","date_gmt":"2023-06-22T19:05:15","guid":{"rendered":"https:\/\/beatforbeat.com.br\/site\/?p=37434"},"modified":"2023-06-28T16:45:18","modified_gmt":"2023-06-28T19:45:18","slug":"yannick-mostra-seu-lado-melodico-e-progressivo-em-the-parade","status":"publish","type":"post","link":"https:\/\/beatforbeat.com.br\/site\/yannick-mostra-seu-lado-melodico-e-progressivo-em-the-parade\/","title":{"rendered":"Yannick Mueller mostra lado mel\u00f3dico no single &#8216;The Parade&#8217;"},"content":{"rendered":"<p>Mostrando uma sonoridade que brinca com o mel\u00f3dico e o progressive house, Yannick lan\u00e7a sua nova m\u00fasica, &#8216;The Parade&#8217;. Escute agora!<\/p>\n<p><a href=\"https:\/\/beatforbeat.com.br\/site\/wp-content\/uploads\/2023\/06\/instasave_instagram-post-from-yannick.muller-1687460546-e1687460631746.jpg\"><img decoding=\"async\" class=\"aligncenter wp-image-37435 lazyload\" data-src=\"https:\/\/beatforbeat.com.br\/site\/wp-content\/uploads\/2023\/06\/instasave_instagram-post-from-yannick.muller-1687460546-e1687460631746.jpg\" alt=\"Yannick\" width=\"630\" height=\"471\" data-srcset=\"https:\/\/beatforbeat.com.br\/site\/wp-content\/uploads\/2023\/06\/instasave_instagram-post-from-yannick.muller-1687460546-e1687460631746.jpg 1080w, https:\/\/beatforbeat.com.br\/site\/wp-content\/uploads\/2023\/06\/instasave_instagram-post-from-yannick.muller-1687460546-e1687460631746-300x224.jpg 300w, https:\/\/beatforbeat.com.br\/site\/wp-content\/uploads\/2023\/06\/instasave_instagram-post-from-yannick.muller-1687460546-e1687460631746-1024x765.jpg 1024w, https:\/\/beatforbeat.com.br\/site\/wp-content\/uploads\/2023\/06\/instasave_instagram-post-from-yannick.muller-1687460546-e1687460631746-768x574.jpg 768w\" data-sizes=\"(max-width: 630px) 100vw, 630px\" src=\"data:image\/svg+xml;base64,PHN2ZyB3aWR0aD0iMSIgaGVpZ2h0PSIxIiB4bWxucz0iaHR0cDovL3d3dy53My5vcmcvMjAwMC9zdmciPjwvc3ZnPg==\" style=\"--smush-placeholder-width: 630px; --smush-placeholder-aspect-ratio: 630\/471;\" \/><\/a><\/p>\n<p>Quando dizemos que o passado de uma pessoa, pode moldar muito o que ela ser\u00e1 no futuro, n\u00e3o estamos exagerando e no caso de <strong>Yannick<\/strong>, todas as suas experi\u00eancias quando adolescente, fazem parte tamb\u00e9m daquilo que constr\u00f3i sua sonoridade. O artista, que sempre foi contra a mar\u00e9 e fugia da normalidade, hoje traduz isso em suas m\u00fasicas, tentando n\u00e3o se limitar por conven\u00e7\u00f5es ou restringindo o que pensa, ou sente, a padr\u00f5es.<\/p><div id=\"beatf-1899545871\" class=\"beatf-conteudo_2 beatf-entity-placement\"><script async src=\"\/\/pagead2.googlesyndication.com\/pagead\/js\/adsbygoogle.js?client=ca-pub-5262797664076819\" crossorigin=\"anonymous\"><\/script><ins class=\"adsbygoogle\" style=\"display:block; text-align:center;\" data-ad-client=\"ca-pub-5262797664076819\" \ndata-ad-slot=\"8185743757\" \ndata-ad-layout=\"in-article\"\ndata-ad-format=\"fluid\"><\/ins>\n<script> \n(adsbygoogle = window.adsbygoogle || []).push({}); \n<\/script>\n<\/div>\n<p>Sua mais nova m\u00fasica, <em>&#8216;The Parade&#8217;<\/em>, captura a ess\u00eancia do artista mut\u00e1vel. A composi\u00e7\u00e3o, forte e impactante, traz melodias robustas, mas com elementos que fogem dos convencionais. A m\u00fasica \u00e9 envolvente e dan\u00e7ante, al\u00e9m de ter um vocal marcante e uma base de house bem presente. \u00c9 uma jun\u00e7\u00e3o de mundos, que no final, conversam muito bem entre si, entregando um resultado final extremamente excelente. Escute <a href=\"https:\/\/open.spotify.com\/intl-pt\/track\/41RvrGa5e3IhXm0RMs3ujq?si=a9e6016641fe454f\" target=\"_blank\" rel=\"noopener\">aqui<\/a>.<\/p>\n<p>Natural de Aarau, na Su\u00ed\u00e7a, Yannick tem no seu curr\u00edculo grandes feitos. Sua carreira, que come\u00e7ou em 2013, j\u00e1 ultrapassou fronteiras, com apresenta\u00e7\u00f5es em lugares como Dubai, Lisboa, Barcelona, \u200b\u200bZurique, Berlim, Hamburgo, Moscou, Lucerna, entre tantos outros. Levando consigo o progressive house, techno e disco, o artista mostra-se muito vers\u00e1til, capaz de capturar seus ouvidos e proporcional \u00f3timos momentos na pista de dan\u00e7a.<\/p>\n<p>Escute agora &#8216;<em>The Parade&#8217;<\/em>, novo single de Yannick:<\/p>\n<p><iframe title=\"Spotify Embed: The Parade\" style=\"border-radius: 12px\" width=\"100%\" height=\"152\" frameborder=\"0\" allowfullscreen allow=\"autoplay; clipboard-write; encrypted-media; fullscreen; picture-in-picture\" data-src=\"https:\/\/open.spotify.com\/embed\/track\/41RvrGa5e3IhXm0RMs3ujq?si=a9e6016641fe454f&#038;utm_source=oembed\" src=\"data:image\/svg+xml;base64,PHN2ZyB3aWR0aD0iMSIgaGVpZ2h0PSIxIiB4bWxucz0iaHR0cDovL3d3dy53My5vcmcvMjAwMC9zdmciPjwvc3ZnPg==\" class=\"lazyload\" data-load-mode=\"1\"><\/iframe><\/p>\n","protected":false},"excerpt":{"rendered":"Mostrando uma sonoridade que brinca com o mel\u00f3dico e o progressive house, Yannick lan\u00e7a sua nova m\u00fasica, &#8216;The&hellip;","protected":false},"author":2,"featured_media":37435,"comment_status":"closed","ping_status":"open","sticky":false,"template":"","format":"standard","meta":{"_monsterinsights_skip_tracking":false,"_monsterinsights_sitenote_active":false,"_monsterinsights_sitenote_note":"","_monsterinsights_sitenote_category":0,"csco_display_header_overlay":false,"csco_singular_sidebar":"","csco_page_header_type":"","csco_page_load_nextpost":"","csco_post_video_location":[],"csco_post_video_location_hash":"","csco_post_video_url":"","csco_post_video_bg_start_time":0,"csco_post_video_bg_end_time":0,"footnotes":""},"categories":[7938],"tags":[53,147,13196,13195],"class_list":{"0":"post-37434","1":"post","2":"type-post","3":"status-publish","4":"format-standard","5":"has-post-thumbnail","7":"category-lancamentos","8":"tag-dj","9":"tag-lancamento","10":"tag-the-parade","11":"tag-yannick","12":"cs-entry","13":"cs-video-wrap"},"yoast_head":"<!-- This site is optimized with the Yoast SEO plugin v27.4 - https:\/\/yoast.com\/product\/yoast-seo-wordpress\/ -->\n<title>Yannick Mueller mostra lado mel\u00f3dico no single &#039;The Parade&#039;<\/title>\n<meta name=\"description\" content=\"Mostrando uma sonoridade que brinca com o mel\u00f3dico e o progressive house, Yannick lan\u00e7a sua nova m\u00fasica, &#039;The Parade&#039;. Escute agora!\" \/>\n<meta name=\"robots\" content=\"index, follow, max-snippet:-1, max-image-preview:large, max-video-preview:-1\" \/>\n<link rel=\"canonical\" href=\"https:\/\/beatforbeat.com.br\/site\/yannick-mostra-seu-lado-melodico-e-progressivo-em-the-parade\/\" \/>\n<meta property=\"og:locale\" content=\"pt_BR\" \/>\n<meta property=\"og:type\" content=\"article\" \/>\n<meta property=\"og:title\" content=\"Yannick Mueller mostra lado mel\u00f3dico no single &#039;The Parade&#039;\" \/>\n<meta property=\"og:description\" content=\"Mostrando uma sonoridade que brinca com o mel\u00f3dico e o progressive house, Yannick lan\u00e7a sua nova m\u00fasica, &#039;The Parade&#039;. Escute agora!\" \/>\n<meta property=\"og:url\" content=\"https:\/\/beatforbeat.com.br\/site\/yannick-mostra-seu-lado-melodico-e-progressivo-em-the-parade\/\" \/>\n<meta property=\"og:site_name\" content=\"Beat for Beat\" \/>\n<meta property=\"article:author\" content=\"https:\/\/www.facebook.com\/viktoraphael\" \/>\n<meta property=\"article:published_time\" content=\"2023-06-22T19:05:15+00:00\" \/>\n<meta property=\"article:modified_time\" content=\"2023-06-28T19:45:18+00:00\" \/>\n<meta property=\"og:image\" content=\"https:\/\/beatforbeat.com.br\/site\/wp-content\/uploads\/2023\/06\/instasave_instagram-post-from-yannick.muller-1687460546-e1687460631746.jpg\" \/>\n\t<meta property=\"og:image:width\" content=\"1080\" \/>\n\t<meta property=\"og:image:height\" content=\"807\" \/>\n\t<meta property=\"og:image:type\" content=\"image\/jpeg\" \/>\n<meta name=\"author\" content=\"Viktor Raphael\" \/>\n<meta name=\"twitter:card\" content=\"summary_large_image\" \/>\n<meta name=\"twitter:creator\" content=\"@djviktorraphael\" \/>\n<meta name=\"twitter:label1\" content=\"Escrito por\" \/>\n\t<meta name=\"twitter:data1\" content=\"Viktor Raphael\" \/>\n\t<meta name=\"twitter:label2\" content=\"Est. tempo de leitura\" \/>\n\t<meta name=\"twitter:data2\" content=\"2 minutos\" \/>\n<script type=\"application\/ld+json\" class=\"yoast-schema-graph\">{\"@context\":\"https:\\\/\\\/schema.org\",\"@graph\":[{\"@type\":\"Article\",\"@id\":\"https:\\\/\\\/beatforbeat.com.br\\\/site\\\/yannick-mostra-seu-lado-melodico-e-progressivo-em-the-parade\\\/#article\",\"isPartOf\":{\"@id\":\"https:\\\/\\\/beatforbeat.com.br\\\/site\\\/yannick-mostra-seu-lado-melodico-e-progressivo-em-the-parade\\\/\"},\"author\":{\"name\":\"Viktor Raphael\",\"@id\":\"https:\\\/\\\/beatforbeat.com.br\\\/site\\\/#\\\/schema\\\/person\\\/561e4cc997e993fd5dd84e6b5c9dc306\"},\"headline\":\"Yannick Mueller mostra lado mel\u00f3dico no single &#8216;The Parade&#8217;\",\"datePublished\":\"2023-06-22T19:05:15+00:00\",\"dateModified\":\"2023-06-28T19:45:18+00:00\",\"mainEntityOfPage\":{\"@id\":\"https:\\\/\\\/beatforbeat.com.br\\\/site\\\/yannick-mostra-seu-lado-melodico-e-progressivo-em-the-parade\\\/\"},\"wordCount\":279,\"publisher\":{\"@id\":\"https:\\\/\\\/beatforbeat.com.br\\\/site\\\/#organization\"},\"image\":{\"@id\":\"https:\\\/\\\/beatforbeat.com.br\\\/site\\\/yannick-mostra-seu-lado-melodico-e-progressivo-em-the-parade\\\/#primaryimage\"},\"thumbnailUrl\":\"https:\\\/\\\/beatforbeat.com.br\\\/site\\\/wp-content\\\/uploads\\\/2023\\\/06\\\/instasave_instagram-post-from-yannick.muller-1687460546-e1687460631746.jpg\",\"keywords\":[\"DJ\",\"lan\u00e7amento\",\"The Parade\",\"Yannick\"],\"articleSection\":[\"Lan\u00e7amentos\"],\"inLanguage\":\"pt-BR\"},{\"@type\":\"WebPage\",\"@id\":\"https:\\\/\\\/beatforbeat.com.br\\\/site\\\/yannick-mostra-seu-lado-melodico-e-progressivo-em-the-parade\\\/\",\"url\":\"https:\\\/\\\/beatforbeat.com.br\\\/site\\\/yannick-mostra-seu-lado-melodico-e-progressivo-em-the-parade\\\/\",\"name\":\"Yannick Mueller mostra lado mel\u00f3dico no single 'The Parade'\",\"isPartOf\":{\"@id\":\"https:\\\/\\\/beatforbeat.com.br\\\/site\\\/#website\"},\"primaryImageOfPage\":{\"@id\":\"https:\\\/\\\/beatforbeat.com.br\\\/site\\\/yannick-mostra-seu-lado-melodico-e-progressivo-em-the-parade\\\/#primaryimage\"},\"image\":{\"@id\":\"https:\\\/\\\/beatforbeat.com.br\\\/site\\\/yannick-mostra-seu-lado-melodico-e-progressivo-em-the-parade\\\/#primaryimage\"},\"thumbnailUrl\":\"https:\\\/\\\/beatforbeat.com.br\\\/site\\\/wp-content\\\/uploads\\\/2023\\\/06\\\/instasave_instagram-post-from-yannick.muller-1687460546-e1687460631746.jpg\",\"datePublished\":\"2023-06-22T19:05:15+00:00\",\"dateModified\":\"2023-06-28T19:45:18+00:00\",\"description\":\"Mostrando uma sonoridade que brinca com o mel\u00f3dico e o progressive house, Yannick lan\u00e7a sua nova m\u00fasica, 'The Parade'. Escute agora!\",\"breadcrumb\":{\"@id\":\"https:\\\/\\\/beatforbeat.com.br\\\/site\\\/yannick-mostra-seu-lado-melodico-e-progressivo-em-the-parade\\\/#breadcrumb\"},\"inLanguage\":\"pt-BR\",\"potentialAction\":[{\"@type\":\"ReadAction\",\"target\":[\"https:\\\/\\\/beatforbeat.com.br\\\/site\\\/yannick-mostra-seu-lado-melodico-e-progressivo-em-the-parade\\\/\"]}]},{\"@type\":\"ImageObject\",\"inLanguage\":\"pt-BR\",\"@id\":\"https:\\\/\\\/beatforbeat.com.br\\\/site\\\/yannick-mostra-seu-lado-melodico-e-progressivo-em-the-parade\\\/#primaryimage\",\"url\":\"https:\\\/\\\/beatforbeat.com.br\\\/site\\\/wp-content\\\/uploads\\\/2023\\\/06\\\/instasave_instagram-post-from-yannick.muller-1687460546-e1687460631746.jpg\",\"contentUrl\":\"https:\\\/\\\/beatforbeat.com.br\\\/site\\\/wp-content\\\/uploads\\\/2023\\\/06\\\/instasave_instagram-post-from-yannick.muller-1687460546-e1687460631746.jpg\",\"width\":1080,\"height\":807,\"caption\":\"Yannick\"},{\"@type\":\"BreadcrumbList\",\"@id\":\"https:\\\/\\\/beatforbeat.com.br\\\/site\\\/yannick-mostra-seu-lado-melodico-e-progressivo-em-the-parade\\\/#breadcrumb\",\"itemListElement\":[{\"@type\":\"ListItem\",\"position\":1,\"name\":\"In\u00edcio\",\"item\":\"https:\\\/\\\/beatforbeat.com.br\\\/site\\\/\"},{\"@type\":\"ListItem\",\"position\":2,\"name\":\"Yannick Mueller mostra lado mel\u00f3dico no single &#8216;The Parade&#8217;\"}]},{\"@type\":\"WebSite\",\"@id\":\"https:\\\/\\\/beatforbeat.com.br\\\/site\\\/#website\",\"url\":\"https:\\\/\\\/beatforbeat.com.br\\\/site\\\/\",\"name\":\"Beat for Beat\",\"description\":\"M\u00fasica \u00e9 a Resposta\",\"publisher\":{\"@id\":\"https:\\\/\\\/beatforbeat.com.br\\\/site\\\/#organization\"},\"potentialAction\":[{\"@type\":\"SearchAction\",\"target\":{\"@type\":\"EntryPoint\",\"urlTemplate\":\"https:\\\/\\\/beatforbeat.com.br\\\/site\\\/?s={search_term_string}\"},\"query-input\":{\"@type\":\"PropertyValueSpecification\",\"valueRequired\":true,\"valueName\":\"search_term_string\"}}],\"inLanguage\":\"pt-BR\"},{\"@type\":\"Organization\",\"@id\":\"https:\\\/\\\/beatforbeat.com.br\\\/site\\\/#organization\",\"name\":\"Beat for Beat\",\"url\":\"https:\\\/\\\/beatforbeat.com.br\\\/site\\\/\",\"logo\":{\"@type\":\"ImageObject\",\"inLanguage\":\"pt-BR\",\"@id\":\"https:\\\/\\\/beatforbeat.com.br\\\/site\\\/#\\\/schema\\\/logo\\\/image\\\/\",\"url\":\"https:\\\/\\\/beatforbeat.com.br\\\/site\\\/wp-content\\\/uploads\\\/2020\\\/05\\\/Logo-Site-600@2x.png\",\"contentUrl\":\"https:\\\/\\\/beatforbeat.com.br\\\/site\\\/wp-content\\\/uploads\\\/2020\\\/05\\\/Logo-Site-600@2x.png\",\"width\":1200,\"height\":1200,\"caption\":\"Beat for Beat\"},\"image\":{\"@id\":\"https:\\\/\\\/beatforbeat.com.br\\\/site\\\/#\\\/schema\\\/logo\\\/image\\\/\"}},{\"@type\":\"Person\",\"@id\":\"https:\\\/\\\/beatforbeat.com.br\\\/site\\\/#\\\/schema\\\/person\\\/561e4cc997e993fd5dd84e6b5c9dc306\",\"name\":\"Viktor Raphael\",\"image\":{\"@type\":\"ImageObject\",\"inLanguage\":\"pt-BR\",\"@id\":\"https:\\\/\\\/secure.gravatar.com\\\/avatar\\\/a6eade5aeded37bd5ee2c073682b2a295287aeb61ca43d85c06a0fa10b4bf7e9?s=96&d=mm&r=g\",\"url\":\"https:\\\/\\\/secure.gravatar.com\\\/avatar\\\/a6eade5aeded37bd5ee2c073682b2a295287aeb61ca43d85c06a0fa10b4bf7e9?s=96&d=mm&r=g\",\"contentUrl\":\"https:\\\/\\\/secure.gravatar.com\\\/avatar\\\/a6eade5aeded37bd5ee2c073682b2a295287aeb61ca43d85c06a0fa10b4bf7e9?s=96&d=mm&r=g\",\"caption\":\"Viktor Raphael\"},\"description\":\"DJ, Produtor, Redator, Libriano e Sonhador. Trance para amar e Techno para dan\u00e7ar, com uma ta\u00e7a de Gin para acompanhar. Onde \u00e9 o after?\",\"sameAs\":[\"https:\\\/\\\/www.facebook.com\\\/viktoraphael\",\"https:\\\/\\\/www.instagram.com\\\/vicraphael_\\\/\",\"https:\\\/\\\/x.com\\\/djviktorraphael\"],\"url\":\"https:\\\/\\\/beatforbeat.com.br\\\/site\\\/author\\\/viktor\\\/\"}]}<\/script>\n<!-- \/ Yoast SEO plugin. -->","yoast_head_json":{"title":"Yannick Mueller mostra lado mel\u00f3dico no single 'The Parade'","description":"Mostrando uma sonoridade que brinca com o mel\u00f3dico e o progressive house, Yannick lan\u00e7a sua nova m\u00fasica, 'The Parade'. Escute agora!","robots":{"index":"index","follow":"follow","max-snippet":"max-snippet:-1","max-image-preview":"max-image-preview:large","max-video-preview":"max-video-preview:-1"},"canonical":"https:\/\/beatforbeat.com.br\/site\/yannick-mostra-seu-lado-melodico-e-progressivo-em-the-parade\/","og_locale":"pt_BR","og_type":"article","og_title":"Yannick Mueller mostra lado mel\u00f3dico no single 'The Parade'","og_description":"Mostrando uma sonoridade que brinca com o mel\u00f3dico e o progressive house, Yannick lan\u00e7a sua nova m\u00fasica, 'The Parade'. Escute agora!","og_url":"https:\/\/beatforbeat.com.br\/site\/yannick-mostra-seu-lado-melodico-e-progressivo-em-the-parade\/","og_site_name":"Beat for Beat","article_author":"https:\/\/www.facebook.com\/viktoraphael","article_published_time":"2023-06-22T19:05:15+00:00","article_modified_time":"2023-06-28T19:45:18+00:00","og_image":[{"width":1080,"height":807,"url":"https:\/\/beatforbeat.com.br\/site\/wp-content\/uploads\/2023\/06\/instasave_instagram-post-from-yannick.muller-1687460546-e1687460631746.jpg","type":"image\/jpeg"}],"author":"Viktor Raphael","twitter_card":"summary_large_image","twitter_creator":"@djviktorraphael","twitter_misc":{"Escrito por":"Viktor Raphael","Est. tempo de leitura":"2 minutos"},"schema":{"@context":"https:\/\/schema.org","@graph":[{"@type":"Article","@id":"https:\/\/beatforbeat.com.br\/site\/yannick-mostra-seu-lado-melodico-e-progressivo-em-the-parade\/#article","isPartOf":{"@id":"https:\/\/beatforbeat.com.br\/site\/yannick-mostra-seu-lado-melodico-e-progressivo-em-the-parade\/"},"author":{"name":"Viktor Raphael","@id":"https:\/\/beatforbeat.com.br\/site\/#\/schema\/person\/561e4cc997e993fd5dd84e6b5c9dc306"},"headline":"Yannick Mueller mostra lado mel\u00f3dico no single &#8216;The Parade&#8217;","datePublished":"2023-06-22T19:05:15+00:00","dateModified":"2023-06-28T19:45:18+00:00","mainEntityOfPage":{"@id":"https:\/\/beatforbeat.com.br\/site\/yannick-mostra-seu-lado-melodico-e-progressivo-em-the-parade\/"},"wordCount":279,"publisher":{"@id":"https:\/\/beatforbeat.com.br\/site\/#organization"},"image":{"@id":"https:\/\/beatforbeat.com.br\/site\/yannick-mostra-seu-lado-melodico-e-progressivo-em-the-parade\/#primaryimage"},"thumbnailUrl":"https:\/\/beatforbeat.com.br\/site\/wp-content\/uploads\/2023\/06\/instasave_instagram-post-from-yannick.muller-1687460546-e1687460631746.jpg","keywords":["DJ","lan\u00e7amento","The Parade","Yannick"],"articleSection":["Lan\u00e7amentos"],"inLanguage":"pt-BR"},{"@type":"WebPage","@id":"https:\/\/beatforbeat.com.br\/site\/yannick-mostra-seu-lado-melodico-e-progressivo-em-the-parade\/","url":"https:\/\/beatforbeat.com.br\/site\/yannick-mostra-seu-lado-melodico-e-progressivo-em-the-parade\/","name":"Yannick Mueller mostra lado mel\u00f3dico no single 'The Parade'","isPartOf":{"@id":"https:\/\/beatforbeat.com.br\/site\/#website"},"primaryImageOfPage":{"@id":"https:\/\/beatforbeat.com.br\/site\/yannick-mostra-seu-lado-melodico-e-progressivo-em-the-parade\/#primaryimage"},"image":{"@id":"https:\/\/beatforbeat.com.br\/site\/yannick-mostra-seu-lado-melodico-e-progressivo-em-the-parade\/#primaryimage"},"thumbnailUrl":"https:\/\/beatforbeat.com.br\/site\/wp-content\/uploads\/2023\/06\/instasave_instagram-post-from-yannick.muller-1687460546-e1687460631746.jpg","datePublished":"2023-06-22T19:05:15+00:00","dateModified":"2023-06-28T19:45:18+00:00","description":"Mostrando uma sonoridade que brinca com o mel\u00f3dico e o progressive house, Yannick lan\u00e7a sua nova m\u00fasica, 'The Parade'. Escute agora!","breadcrumb":{"@id":"https:\/\/beatforbeat.com.br\/site\/yannick-mostra-seu-lado-melodico-e-progressivo-em-the-parade\/#breadcrumb"},"inLanguage":"pt-BR","potentialAction":[{"@type":"ReadAction","target":["https:\/\/beatforbeat.com.br\/site\/yannick-mostra-seu-lado-melodico-e-progressivo-em-the-parade\/"]}]},{"@type":"ImageObject","inLanguage":"pt-BR","@id":"https:\/\/beatforbeat.com.br\/site\/yannick-mostra-seu-lado-melodico-e-progressivo-em-the-parade\/#primaryimage","url":"https:\/\/beatforbeat.com.br\/site\/wp-content\/uploads\/2023\/06\/instasave_instagram-post-from-yannick.muller-1687460546-e1687460631746.jpg","contentUrl":"https:\/\/beatforbeat.com.br\/site\/wp-content\/uploads\/2023\/06\/instasave_instagram-post-from-yannick.muller-1687460546-e1687460631746.jpg","width":1080,"height":807,"caption":"Yannick"},{"@type":"BreadcrumbList","@id":"https:\/\/beatforbeat.com.br\/site\/yannick-mostra-seu-lado-melodico-e-progressivo-em-the-parade\/#breadcrumb","itemListElement":[{"@type":"ListItem","position":1,"name":"In\u00edcio","item":"https:\/\/beatforbeat.com.br\/site\/"},{"@type":"ListItem","position":2,"name":"Yannick Mueller mostra lado mel\u00f3dico no single &#8216;The Parade&#8217;"}]},{"@type":"WebSite","@id":"https:\/\/beatforbeat.com.br\/site\/#website","url":"https:\/\/beatforbeat.com.br\/site\/","name":"Beat for Beat","description":"M\u00fasica \u00e9 a Resposta","publisher":{"@id":"https:\/\/beatforbeat.com.br\/site\/#organization"},"potentialAction":[{"@type":"SearchAction","target":{"@type":"EntryPoint","urlTemplate":"https:\/\/beatforbeat.com.br\/site\/?s={search_term_string}"},"query-input":{"@type":"PropertyValueSpecification","valueRequired":true,"valueName":"search_term_string"}}],"inLanguage":"pt-BR"},{"@type":"Organization","@id":"https:\/\/beatforbeat.com.br\/site\/#organization","name":"Beat for Beat","url":"https:\/\/beatforbeat.com.br\/site\/","logo":{"@type":"ImageObject","inLanguage":"pt-BR","@id":"https:\/\/beatforbeat.com.br\/site\/#\/schema\/logo\/image\/","url":"https:\/\/beatforbeat.com.br\/site\/wp-content\/uploads\/2020\/05\/Logo-Site-600@2x.png","contentUrl":"https:\/\/beatforbeat.com.br\/site\/wp-content\/uploads\/2020\/05\/Logo-Site-600@2x.png","width":1200,"height":1200,"caption":"Beat for Beat"},"image":{"@id":"https:\/\/beatforbeat.com.br\/site\/#\/schema\/logo\/image\/"}},{"@type":"Person","@id":"https:\/\/beatforbeat.com.br\/site\/#\/schema\/person\/561e4cc997e993fd5dd84e6b5c9dc306","name":"Viktor Raphael","image":{"@type":"ImageObject","inLanguage":"pt-BR","@id":"https:\/\/secure.gravatar.com\/avatar\/a6eade5aeded37bd5ee2c073682b2a295287aeb61ca43d85c06a0fa10b4bf7e9?s=96&d=mm&r=g","url":"https:\/\/secure.gravatar.com\/avatar\/a6eade5aeded37bd5ee2c073682b2a295287aeb61ca43d85c06a0fa10b4bf7e9?s=96&d=mm&r=g","contentUrl":"https:\/\/secure.gravatar.com\/avatar\/a6eade5aeded37bd5ee2c073682b2a295287aeb61ca43d85c06a0fa10b4bf7e9?s=96&d=mm&r=g","caption":"Viktor Raphael"},"description":"DJ, Produtor, Redator, Libriano e Sonhador. Trance para amar e Techno para dan\u00e7ar, com uma ta\u00e7a de Gin para acompanhar. Onde \u00e9 o after?","sameAs":["https:\/\/www.facebook.com\/viktoraphael","https:\/\/www.instagram.com\/vicraphael_\/","https:\/\/x.com\/djviktorraphael"],"url":"https:\/\/beatforbeat.com.br\/site\/author\/viktor\/"}]}},"amp_enabled":true,"_links":{"self":[{"href":"https:\/\/beatforbeat.com.br\/site\/wp-json\/wp\/v2\/posts\/37434","targetHints":{"allow":["GET"]}}],"collection":[{"href":"https:\/\/beatforbeat.com.br\/site\/wp-json\/wp\/v2\/posts"}],"about":[{"href":"https:\/\/beatforbeat.com.br\/site\/wp-json\/wp\/v2\/types\/post"}],"author":[{"embeddable":true,"href":"https:\/\/beatforbeat.com.br\/site\/wp-json\/wp\/v2\/users\/2"}],"replies":[{"embeddable":true,"href":"https:\/\/beatforbeat.com.br\/site\/wp-json\/wp\/v2\/comments?post=37434"}],"version-history":[{"count":3,"href":"https:\/\/beatforbeat.com.br\/site\/wp-json\/wp\/v2\/posts\/37434\/revisions"}],"predecessor-version":[{"id":37489,"href":"https:\/\/beatforbeat.com.br\/site\/wp-json\/wp\/v2\/posts\/37434\/revisions\/37489"}],"wp:featuredmedia":[{"embeddable":true,"href":"https:\/\/beatforbeat.com.br\/site\/wp-json\/wp\/v2\/media\/37435"}],"wp:attachment":[{"href":"https:\/\/beatforbeat.com.br\/site\/wp-json\/wp\/v2\/media?parent=37434"}],"wp:term":[{"taxonomy":"category","embeddable":true,"href":"https:\/\/beatforbeat.com.br\/site\/wp-json\/wp\/v2\/categories?post=37434"},{"taxonomy":"post_tag","embeddable":true,"href":"https:\/\/beatforbeat.com.br\/site\/wp-json\/wp\/v2\/tags?post=37434"}],"curies":[{"name":"wp","href":"https:\/\/api.w.org\/{rel}","templated":true}]}}