{"id":39914,"date":"2023-10-10T18:38:53","date_gmt":"2023-10-10T21:38:53","guid":{"rendered":"https:\/\/beatforbeat.com.br\/site\/?p=39914"},"modified":"2023-10-10T18:38:53","modified_gmt":"2023-10-10T21:38:53","slug":"mira-falkenstein-faz-um-convite-para-o-despertar-em-wake-up","status":"publish","type":"post","link":"https:\/\/beatforbeat.com.br\/site\/mira-falkenstein-faz-um-convite-para-o-despertar-em-wake-up\/","title":{"rendered":"Mira Falkenstein faz um convite para o despertar em &#8216;Wake Up&#8217;"},"content":{"rendered":"<p>Um chamado \u00e0 a\u00e7\u00e3o, um convite para despertar e enfrentar o mundo com for\u00e7a e determina\u00e7\u00e3o, \u00e9 o que define &#8216;Wake Up&#8217;, de Mira Falkenstein.<\/p>\n<p><a href=\"https:\/\/beatforbeat.com.br\/site\/wp-content\/uploads\/2023\/07\/ab6761610000e5eb22b50e96b4bce1efa1701abe-e1689613094254.jpg\"><img decoding=\"async\" class=\"aligncenter wp-image-37893 lazyload\" data-src=\"https:\/\/beatforbeat.com.br\/site\/wp-content\/uploads\/2023\/07\/ab6761610000e5eb22b50e96b4bce1efa1701abe-e1689613094254.jpg\" alt=\"Mira Falkenstein\" width=\"630\" height=\"481\" data-srcset=\"https:\/\/beatforbeat.com.br\/site\/wp-content\/uploads\/2023\/07\/ab6761610000e5eb22b50e96b4bce1efa1701abe-e1689613094254.jpg 640w, https:\/\/beatforbeat.com.br\/site\/wp-content\/uploads\/2023\/07\/ab6761610000e5eb22b50e96b4bce1efa1701abe-e1689613094254-300x229.jpg 300w\" data-sizes=\"(max-width: 630px) 100vw, 630px\" src=\"data:image\/svg+xml;base64,PHN2ZyB3aWR0aD0iMSIgaGVpZ2h0PSIxIiB4bWxucz0iaHR0cDovL3d3dy53My5vcmcvMjAwMC9zdmciPjwvc3ZnPg==\" style=\"--smush-placeholder-width: 630px; --smush-placeholder-aspect-ratio: 630\/481;\" \/><\/a><\/p>\n<p>A renomada artista<strong> Mira Falkenstein<\/strong> acaba de lan\u00e7ar sua mais recente obra-prima musical, <em>&#8216;Wake Up&#8217;<\/em>. A m\u00fasica \u00e9 uma ode ao despertar da consci\u00eancia mental, \u00e0 sintonia consigo mesmo e ao empoderamento que surge desse despertar. Com essa nova for\u00e7a, Mira nos convida a perceber tudo de forma mais consciente e a crescer al\u00e9m de n\u00f3s mesmos a partir da nossa pr\u00f3pria fortaleza. Voc\u00ea pode ouvir a m\u00fasica clicando <a href=\"https:\/\/open.spotify.com\/intl-de\/track\/1usscxw7QmQSeb4p8ikb9z\" target=\"_blank\" rel=\"noopener\">aqui<\/a>.<\/p><div id=\"beatf-369523903\" class=\"beatf-conteudo_2 beatf-entity-placement\"><script async src=\"\/\/pagead2.googlesyndication.com\/pagead\/js\/adsbygoogle.js?client=ca-pub-5262797664076819\" crossorigin=\"anonymous\"><\/script><ins class=\"adsbygoogle\" style=\"display:block; text-align:center;\" data-ad-client=\"ca-pub-5262797664076819\" \ndata-ad-slot=\"8185743757\" \ndata-ad-layout=\"in-article\"\ndata-ad-format=\"fluid\"><\/ins>\n<script> \n(adsbygoogle = window.adsbygoogle || []).push({}); \n<\/script>\n<\/div>\n<p>A energia que Mira Falkenstein imprime em sua produ\u00e7\u00e3o musical \u00e9 palp\u00e1vel e motiva o ouvinte de maneira poderosa. Durante seus sets de DJ repletos de techno \u00e1cido, mel\u00f3dico, profundo e pulsante, sua autenticidade e energia positiva levam as pessoas a uma onda de compaix\u00e3o, entrando em sintonia com o p\u00fablico de forma eletrizante. O momento em que descobriu seu amor pela m\u00fasica techno transformou completamente a energia de suas performances.<\/p>\n<p><em>&#8216;Wake Up&#8217;<\/em>, sua nova m\u00fasica, j\u00e1 est\u00e1 dispon\u00edvel em todas as principais plataformas de streaming. Esta m\u00fasica \u00e9 mais do que uma experi\u00eancia auditiva, \u00e9 um chamado \u00e0 a\u00e7\u00e3o, um convite para despertar e enfrentar o mundo com for\u00e7a e determina\u00e7\u00e3o.<\/p>\n<p>Escute agora:<\/p>\n<p><iframe title=\"Spotify Embed: Wake Up\" style=\"border-radius: 12px\" width=\"100%\" height=\"152\" frameborder=\"0\" allowfullscreen allow=\"autoplay; clipboard-write; encrypted-media; fullscreen; picture-in-picture\" data-src=\"https:\/\/open.spotify.com\/embed\/track\/1usscxw7QmQSeb4p8ikb9z?utm_source=oembed\" src=\"data:image\/svg+xml;base64,PHN2ZyB3aWR0aD0iMSIgaGVpZ2h0PSIxIiB4bWxucz0iaHR0cDovL3d3dy53My5vcmcvMjAwMC9zdmciPjwvc3ZnPg==\" class=\"lazyload\" data-load-mode=\"1\"><\/iframe><\/p>\n","protected":false},"excerpt":{"rendered":"Um chamado \u00e0 a\u00e7\u00e3o, um convite para despertar e enfrentar o mundo com for\u00e7a e determina\u00e7\u00e3o, \u00e9 o&hellip;","protected":false},"author":2,"featured_media":37893,"comment_status":"closed","ping_status":"open","sticky":false,"template":"","format":"standard","meta":{"_monsterinsights_skip_tracking":false,"_monsterinsights_sitenote_active":false,"_monsterinsights_sitenote_note":"","_monsterinsights_sitenote_category":0,"csco_display_header_overlay":false,"csco_singular_sidebar":"","csco_page_header_type":"","csco_page_load_nextpost":"","csco_post_video_location":[],"csco_post_video_location_hash":"","csco_post_video_url":"","csco_post_video_bg_start_time":0,"csco_post_video_bg_end_time":0,"footnotes":""},"categories":[7938],"tags":[13589,15619],"class_list":{"0":"post-39914","1":"post","2":"type-post","3":"status-publish","4":"format-standard","5":"has-post-thumbnail","7":"category-lancamentos","8":"tag-mira-falkenstein","9":"tag-wake-up","10":"cs-entry","11":"cs-video-wrap"},"yoast_head":"<!-- This site is optimized with the Yoast SEO plugin v27.4 - https:\/\/yoast.com\/product\/yoast-seo-wordpress\/ -->\n<title>Mira Falkenstein faz um convite para o despertar em &#039;Wake Up&#039;<\/title>\n<meta name=\"description\" content=\"Um chamado \u00e0 a\u00e7\u00e3o, um convite para despertar e enfrentar o mundo com for\u00e7a e determina\u00e7\u00e3o, \u00e9 o que define &#039;Wake Up&#039;, de Mira Falkenstein.\" \/>\n<meta name=\"robots\" content=\"index, follow, max-snippet:-1, max-image-preview:large, max-video-preview:-1\" \/>\n<link rel=\"canonical\" href=\"https:\/\/beatforbeat.com.br\/site\/mira-falkenstein-faz-um-convite-para-o-despertar-em-wake-up\/\" \/>\n<meta property=\"og:locale\" content=\"pt_BR\" \/>\n<meta property=\"og:type\" content=\"article\" \/>\n<meta property=\"og:title\" content=\"Mira Falkenstein faz um convite para o despertar em &#039;Wake Up&#039;\" \/>\n<meta property=\"og:description\" content=\"Um chamado \u00e0 a\u00e7\u00e3o, um convite para despertar e enfrentar o mundo com for\u00e7a e determina\u00e7\u00e3o, \u00e9 o que define &#039;Wake Up&#039;, de Mira Falkenstein.\" \/>\n<meta property=\"og:url\" content=\"https:\/\/beatforbeat.com.br\/site\/mira-falkenstein-faz-um-convite-para-o-despertar-em-wake-up\/\" \/>\n<meta property=\"og:site_name\" content=\"Beat for Beat\" \/>\n<meta property=\"article:author\" content=\"https:\/\/www.facebook.com\/viktoraphael\" \/>\n<meta property=\"article:published_time\" content=\"2023-10-10T21:38:53+00:00\" \/>\n<meta property=\"og:image\" content=\"https:\/\/beatforbeat.com.br\/site\/wp-content\/uploads\/2023\/07\/ab6761610000e5eb22b50e96b4bce1efa1701abe-e1689613094254.jpg\" \/>\n\t<meta property=\"og:image:width\" content=\"640\" \/>\n\t<meta property=\"og:image:height\" content=\"489\" \/>\n\t<meta property=\"og:image:type\" content=\"image\/jpeg\" \/>\n<meta name=\"author\" content=\"Viktor Raphael\" \/>\n<meta name=\"twitter:card\" content=\"summary_large_image\" \/>\n<meta name=\"twitter:creator\" content=\"@djviktorraphael\" \/>\n<meta name=\"twitter:label1\" content=\"Escrito por\" \/>\n\t<meta name=\"twitter:data1\" content=\"Viktor Raphael\" \/>\n\t<meta name=\"twitter:label2\" content=\"Est. tempo de leitura\" \/>\n\t<meta name=\"twitter:data2\" content=\"2 minutos\" \/>\n<script type=\"application\/ld+json\" class=\"yoast-schema-graph\">{\"@context\":\"https:\\\/\\\/schema.org\",\"@graph\":[{\"@type\":\"Article\",\"@id\":\"https:\\\/\\\/beatforbeat.com.br\\\/site\\\/mira-falkenstein-faz-um-convite-para-o-despertar-em-wake-up\\\/#article\",\"isPartOf\":{\"@id\":\"https:\\\/\\\/beatforbeat.com.br\\\/site\\\/mira-falkenstein-faz-um-convite-para-o-despertar-em-wake-up\\\/\"},\"author\":{\"name\":\"Viktor Raphael\",\"@id\":\"https:\\\/\\\/beatforbeat.com.br\\\/site\\\/#\\\/schema\\\/person\\\/561e4cc997e993fd5dd84e6b5c9dc306\"},\"headline\":\"Mira Falkenstein faz um convite para o despertar em &#8216;Wake Up&#8217;\",\"datePublished\":\"2023-10-10T21:38:53+00:00\",\"mainEntityOfPage\":{\"@id\":\"https:\\\/\\\/beatforbeat.com.br\\\/site\\\/mira-falkenstein-faz-um-convite-para-o-despertar-em-wake-up\\\/\"},\"wordCount\":247,\"publisher\":{\"@id\":\"https:\\\/\\\/beatforbeat.com.br\\\/site\\\/#organization\"},\"image\":{\"@id\":\"https:\\\/\\\/beatforbeat.com.br\\\/site\\\/mira-falkenstein-faz-um-convite-para-o-despertar-em-wake-up\\\/#primaryimage\"},\"thumbnailUrl\":\"https:\\\/\\\/beatforbeat.com.br\\\/site\\\/wp-content\\\/uploads\\\/2023\\\/07\\\/ab6761610000e5eb22b50e96b4bce1efa1701abe-e1689613094254.jpg\",\"keywords\":[\"Mira Falkenstein\",\"Wake Up\"],\"articleSection\":[\"Lan\u00e7amentos\"],\"inLanguage\":\"pt-BR\"},{\"@type\":\"WebPage\",\"@id\":\"https:\\\/\\\/beatforbeat.com.br\\\/site\\\/mira-falkenstein-faz-um-convite-para-o-despertar-em-wake-up\\\/\",\"url\":\"https:\\\/\\\/beatforbeat.com.br\\\/site\\\/mira-falkenstein-faz-um-convite-para-o-despertar-em-wake-up\\\/\",\"name\":\"Mira Falkenstein faz um convite para o despertar em 'Wake Up'\",\"isPartOf\":{\"@id\":\"https:\\\/\\\/beatforbeat.com.br\\\/site\\\/#website\"},\"primaryImageOfPage\":{\"@id\":\"https:\\\/\\\/beatforbeat.com.br\\\/site\\\/mira-falkenstein-faz-um-convite-para-o-despertar-em-wake-up\\\/#primaryimage\"},\"image\":{\"@id\":\"https:\\\/\\\/beatforbeat.com.br\\\/site\\\/mira-falkenstein-faz-um-convite-para-o-despertar-em-wake-up\\\/#primaryimage\"},\"thumbnailUrl\":\"https:\\\/\\\/beatforbeat.com.br\\\/site\\\/wp-content\\\/uploads\\\/2023\\\/07\\\/ab6761610000e5eb22b50e96b4bce1efa1701abe-e1689613094254.jpg\",\"datePublished\":\"2023-10-10T21:38:53+00:00\",\"description\":\"Um chamado \u00e0 a\u00e7\u00e3o, um convite para despertar e enfrentar o mundo com for\u00e7a e determina\u00e7\u00e3o, \u00e9 o que define 'Wake Up', de Mira Falkenstein.\",\"breadcrumb\":{\"@id\":\"https:\\\/\\\/beatforbeat.com.br\\\/site\\\/mira-falkenstein-faz-um-convite-para-o-despertar-em-wake-up\\\/#breadcrumb\"},\"inLanguage\":\"pt-BR\",\"potentialAction\":[{\"@type\":\"ReadAction\",\"target\":[\"https:\\\/\\\/beatforbeat.com.br\\\/site\\\/mira-falkenstein-faz-um-convite-para-o-despertar-em-wake-up\\\/\"]}]},{\"@type\":\"ImageObject\",\"inLanguage\":\"pt-BR\",\"@id\":\"https:\\\/\\\/beatforbeat.com.br\\\/site\\\/mira-falkenstein-faz-um-convite-para-o-despertar-em-wake-up\\\/#primaryimage\",\"url\":\"https:\\\/\\\/beatforbeat.com.br\\\/site\\\/wp-content\\\/uploads\\\/2023\\\/07\\\/ab6761610000e5eb22b50e96b4bce1efa1701abe-e1689613094254.jpg\",\"contentUrl\":\"https:\\\/\\\/beatforbeat.com.br\\\/site\\\/wp-content\\\/uploads\\\/2023\\\/07\\\/ab6761610000e5eb22b50e96b4bce1efa1701abe-e1689613094254.jpg\",\"width\":640,\"height\":489,\"caption\":\"Mira Falkenstein\"},{\"@type\":\"BreadcrumbList\",\"@id\":\"https:\\\/\\\/beatforbeat.com.br\\\/site\\\/mira-falkenstein-faz-um-convite-para-o-despertar-em-wake-up\\\/#breadcrumb\",\"itemListElement\":[{\"@type\":\"ListItem\",\"position\":1,\"name\":\"In\u00edcio\",\"item\":\"https:\\\/\\\/beatforbeat.com.br\\\/site\\\/\"},{\"@type\":\"ListItem\",\"position\":2,\"name\":\"Mira Falkenstein faz um convite para o despertar em &#8216;Wake Up&#8217;\"}]},{\"@type\":\"WebSite\",\"@id\":\"https:\\\/\\\/beatforbeat.com.br\\\/site\\\/#website\",\"url\":\"https:\\\/\\\/beatforbeat.com.br\\\/site\\\/\",\"name\":\"Beat for Beat\",\"description\":\"M\u00fasica \u00e9 a Resposta\",\"publisher\":{\"@id\":\"https:\\\/\\\/beatforbeat.com.br\\\/site\\\/#organization\"},\"potentialAction\":[{\"@type\":\"SearchAction\",\"target\":{\"@type\":\"EntryPoint\",\"urlTemplate\":\"https:\\\/\\\/beatforbeat.com.br\\\/site\\\/?s={search_term_string}\"},\"query-input\":{\"@type\":\"PropertyValueSpecification\",\"valueRequired\":true,\"valueName\":\"search_term_string\"}}],\"inLanguage\":\"pt-BR\"},{\"@type\":\"Organization\",\"@id\":\"https:\\\/\\\/beatforbeat.com.br\\\/site\\\/#organization\",\"name\":\"Beat for Beat\",\"url\":\"https:\\\/\\\/beatforbeat.com.br\\\/site\\\/\",\"logo\":{\"@type\":\"ImageObject\",\"inLanguage\":\"pt-BR\",\"@id\":\"https:\\\/\\\/beatforbeat.com.br\\\/site\\\/#\\\/schema\\\/logo\\\/image\\\/\",\"url\":\"https:\\\/\\\/beatforbeat.com.br\\\/site\\\/wp-content\\\/uploads\\\/2020\\\/05\\\/Logo-Site-600@2x.png\",\"contentUrl\":\"https:\\\/\\\/beatforbeat.com.br\\\/site\\\/wp-content\\\/uploads\\\/2020\\\/05\\\/Logo-Site-600@2x.png\",\"width\":1200,\"height\":1200,\"caption\":\"Beat for Beat\"},\"image\":{\"@id\":\"https:\\\/\\\/beatforbeat.com.br\\\/site\\\/#\\\/schema\\\/logo\\\/image\\\/\"}},{\"@type\":\"Person\",\"@id\":\"https:\\\/\\\/beatforbeat.com.br\\\/site\\\/#\\\/schema\\\/person\\\/561e4cc997e993fd5dd84e6b5c9dc306\",\"name\":\"Viktor Raphael\",\"image\":{\"@type\":\"ImageObject\",\"inLanguage\":\"pt-BR\",\"@id\":\"https:\\\/\\\/secure.gravatar.com\\\/avatar\\\/a6eade5aeded37bd5ee2c073682b2a295287aeb61ca43d85c06a0fa10b4bf7e9?s=96&d=mm&r=g\",\"url\":\"https:\\\/\\\/secure.gravatar.com\\\/avatar\\\/a6eade5aeded37bd5ee2c073682b2a295287aeb61ca43d85c06a0fa10b4bf7e9?s=96&d=mm&r=g\",\"contentUrl\":\"https:\\\/\\\/secure.gravatar.com\\\/avatar\\\/a6eade5aeded37bd5ee2c073682b2a295287aeb61ca43d85c06a0fa10b4bf7e9?s=96&d=mm&r=g\",\"caption\":\"Viktor Raphael\"},\"description\":\"DJ, Produtor, Redator, Libriano e Sonhador. Trance para amar e Techno para dan\u00e7ar, com uma ta\u00e7a de Gin para acompanhar. Onde \u00e9 o after?\",\"sameAs\":[\"https:\\\/\\\/www.facebook.com\\\/viktoraphael\",\"https:\\\/\\\/www.instagram.com\\\/vicraphael_\\\/\",\"https:\\\/\\\/x.com\\\/djviktorraphael\"],\"url\":\"https:\\\/\\\/beatforbeat.com.br\\\/site\\\/author\\\/viktor\\\/\"}]}<\/script>\n<!-- \/ Yoast SEO plugin. -->","yoast_head_json":{"title":"Mira Falkenstein faz um convite para o despertar em 'Wake Up'","description":"Um chamado \u00e0 a\u00e7\u00e3o, um convite para despertar e enfrentar o mundo com for\u00e7a e determina\u00e7\u00e3o, \u00e9 o que define 'Wake Up', de Mira Falkenstein.","robots":{"index":"index","follow":"follow","max-snippet":"max-snippet:-1","max-image-preview":"max-image-preview:large","max-video-preview":"max-video-preview:-1"},"canonical":"https:\/\/beatforbeat.com.br\/site\/mira-falkenstein-faz-um-convite-para-o-despertar-em-wake-up\/","og_locale":"pt_BR","og_type":"article","og_title":"Mira Falkenstein faz um convite para o despertar em 'Wake Up'","og_description":"Um chamado \u00e0 a\u00e7\u00e3o, um convite para despertar e enfrentar o mundo com for\u00e7a e determina\u00e7\u00e3o, \u00e9 o que define 'Wake Up', de Mira Falkenstein.","og_url":"https:\/\/beatforbeat.com.br\/site\/mira-falkenstein-faz-um-convite-para-o-despertar-em-wake-up\/","og_site_name":"Beat for Beat","article_author":"https:\/\/www.facebook.com\/viktoraphael","article_published_time":"2023-10-10T21:38:53+00:00","og_image":[{"width":640,"height":489,"url":"https:\/\/beatforbeat.com.br\/site\/wp-content\/uploads\/2023\/07\/ab6761610000e5eb22b50e96b4bce1efa1701abe-e1689613094254.jpg","type":"image\/jpeg"}],"author":"Viktor Raphael","twitter_card":"summary_large_image","twitter_creator":"@djviktorraphael","twitter_misc":{"Escrito por":"Viktor Raphael","Est. tempo de leitura":"2 minutos"},"schema":{"@context":"https:\/\/schema.org","@graph":[{"@type":"Article","@id":"https:\/\/beatforbeat.com.br\/site\/mira-falkenstein-faz-um-convite-para-o-despertar-em-wake-up\/#article","isPartOf":{"@id":"https:\/\/beatforbeat.com.br\/site\/mira-falkenstein-faz-um-convite-para-o-despertar-em-wake-up\/"},"author":{"name":"Viktor Raphael","@id":"https:\/\/beatforbeat.com.br\/site\/#\/schema\/person\/561e4cc997e993fd5dd84e6b5c9dc306"},"headline":"Mira Falkenstein faz um convite para o despertar em &#8216;Wake Up&#8217;","datePublished":"2023-10-10T21:38:53+00:00","mainEntityOfPage":{"@id":"https:\/\/beatforbeat.com.br\/site\/mira-falkenstein-faz-um-convite-para-o-despertar-em-wake-up\/"},"wordCount":247,"publisher":{"@id":"https:\/\/beatforbeat.com.br\/site\/#organization"},"image":{"@id":"https:\/\/beatforbeat.com.br\/site\/mira-falkenstein-faz-um-convite-para-o-despertar-em-wake-up\/#primaryimage"},"thumbnailUrl":"https:\/\/beatforbeat.com.br\/site\/wp-content\/uploads\/2023\/07\/ab6761610000e5eb22b50e96b4bce1efa1701abe-e1689613094254.jpg","keywords":["Mira Falkenstein","Wake Up"],"articleSection":["Lan\u00e7amentos"],"inLanguage":"pt-BR"},{"@type":"WebPage","@id":"https:\/\/beatforbeat.com.br\/site\/mira-falkenstein-faz-um-convite-para-o-despertar-em-wake-up\/","url":"https:\/\/beatforbeat.com.br\/site\/mira-falkenstein-faz-um-convite-para-o-despertar-em-wake-up\/","name":"Mira Falkenstein faz um convite para o despertar em 'Wake Up'","isPartOf":{"@id":"https:\/\/beatforbeat.com.br\/site\/#website"},"primaryImageOfPage":{"@id":"https:\/\/beatforbeat.com.br\/site\/mira-falkenstein-faz-um-convite-para-o-despertar-em-wake-up\/#primaryimage"},"image":{"@id":"https:\/\/beatforbeat.com.br\/site\/mira-falkenstein-faz-um-convite-para-o-despertar-em-wake-up\/#primaryimage"},"thumbnailUrl":"https:\/\/beatforbeat.com.br\/site\/wp-content\/uploads\/2023\/07\/ab6761610000e5eb22b50e96b4bce1efa1701abe-e1689613094254.jpg","datePublished":"2023-10-10T21:38:53+00:00","description":"Um chamado \u00e0 a\u00e7\u00e3o, um convite para despertar e enfrentar o mundo com for\u00e7a e determina\u00e7\u00e3o, \u00e9 o que define 'Wake Up', de Mira Falkenstein.","breadcrumb":{"@id":"https:\/\/beatforbeat.com.br\/site\/mira-falkenstein-faz-um-convite-para-o-despertar-em-wake-up\/#breadcrumb"},"inLanguage":"pt-BR","potentialAction":[{"@type":"ReadAction","target":["https:\/\/beatforbeat.com.br\/site\/mira-falkenstein-faz-um-convite-para-o-despertar-em-wake-up\/"]}]},{"@type":"ImageObject","inLanguage":"pt-BR","@id":"https:\/\/beatforbeat.com.br\/site\/mira-falkenstein-faz-um-convite-para-o-despertar-em-wake-up\/#primaryimage","url":"https:\/\/beatforbeat.com.br\/site\/wp-content\/uploads\/2023\/07\/ab6761610000e5eb22b50e96b4bce1efa1701abe-e1689613094254.jpg","contentUrl":"https:\/\/beatforbeat.com.br\/site\/wp-content\/uploads\/2023\/07\/ab6761610000e5eb22b50e96b4bce1efa1701abe-e1689613094254.jpg","width":640,"height":489,"caption":"Mira Falkenstein"},{"@type":"BreadcrumbList","@id":"https:\/\/beatforbeat.com.br\/site\/mira-falkenstein-faz-um-convite-para-o-despertar-em-wake-up\/#breadcrumb","itemListElement":[{"@type":"ListItem","position":1,"name":"In\u00edcio","item":"https:\/\/beatforbeat.com.br\/site\/"},{"@type":"ListItem","position":2,"name":"Mira Falkenstein faz um convite para o despertar em &#8216;Wake Up&#8217;"}]},{"@type":"WebSite","@id":"https:\/\/beatforbeat.com.br\/site\/#website","url":"https:\/\/beatforbeat.com.br\/site\/","name":"Beat for Beat","description":"M\u00fasica \u00e9 a Resposta","publisher":{"@id":"https:\/\/beatforbeat.com.br\/site\/#organization"},"potentialAction":[{"@type":"SearchAction","target":{"@type":"EntryPoint","urlTemplate":"https:\/\/beatforbeat.com.br\/site\/?s={search_term_string}"},"query-input":{"@type":"PropertyValueSpecification","valueRequired":true,"valueName":"search_term_string"}}],"inLanguage":"pt-BR"},{"@type":"Organization","@id":"https:\/\/beatforbeat.com.br\/site\/#organization","name":"Beat for Beat","url":"https:\/\/beatforbeat.com.br\/site\/","logo":{"@type":"ImageObject","inLanguage":"pt-BR","@id":"https:\/\/beatforbeat.com.br\/site\/#\/schema\/logo\/image\/","url":"https:\/\/beatforbeat.com.br\/site\/wp-content\/uploads\/2020\/05\/Logo-Site-600@2x.png","contentUrl":"https:\/\/beatforbeat.com.br\/site\/wp-content\/uploads\/2020\/05\/Logo-Site-600@2x.png","width":1200,"height":1200,"caption":"Beat for Beat"},"image":{"@id":"https:\/\/beatforbeat.com.br\/site\/#\/schema\/logo\/image\/"}},{"@type":"Person","@id":"https:\/\/beatforbeat.com.br\/site\/#\/schema\/person\/561e4cc997e993fd5dd84e6b5c9dc306","name":"Viktor Raphael","image":{"@type":"ImageObject","inLanguage":"pt-BR","@id":"https:\/\/secure.gravatar.com\/avatar\/a6eade5aeded37bd5ee2c073682b2a295287aeb61ca43d85c06a0fa10b4bf7e9?s=96&d=mm&r=g","url":"https:\/\/secure.gravatar.com\/avatar\/a6eade5aeded37bd5ee2c073682b2a295287aeb61ca43d85c06a0fa10b4bf7e9?s=96&d=mm&r=g","contentUrl":"https:\/\/secure.gravatar.com\/avatar\/a6eade5aeded37bd5ee2c073682b2a295287aeb61ca43d85c06a0fa10b4bf7e9?s=96&d=mm&r=g","caption":"Viktor Raphael"},"description":"DJ, Produtor, Redator, Libriano e Sonhador. Trance para amar e Techno para dan\u00e7ar, com uma ta\u00e7a de Gin para acompanhar. Onde \u00e9 o after?","sameAs":["https:\/\/www.facebook.com\/viktoraphael","https:\/\/www.instagram.com\/vicraphael_\/","https:\/\/x.com\/djviktorraphael"],"url":"https:\/\/beatforbeat.com.br\/site\/author\/viktor\/"}]}},"amp_enabled":true,"_links":{"self":[{"href":"https:\/\/beatforbeat.com.br\/site\/wp-json\/wp\/v2\/posts\/39914","targetHints":{"allow":["GET"]}}],"collection":[{"href":"https:\/\/beatforbeat.com.br\/site\/wp-json\/wp\/v2\/posts"}],"about":[{"href":"https:\/\/beatforbeat.com.br\/site\/wp-json\/wp\/v2\/types\/post"}],"author":[{"embeddable":true,"href":"https:\/\/beatforbeat.com.br\/site\/wp-json\/wp\/v2\/users\/2"}],"replies":[{"embeddable":true,"href":"https:\/\/beatforbeat.com.br\/site\/wp-json\/wp\/v2\/comments?post=39914"}],"version-history":[{"count":1,"href":"https:\/\/beatforbeat.com.br\/site\/wp-json\/wp\/v2\/posts\/39914\/revisions"}],"predecessor-version":[{"id":39915,"href":"https:\/\/beatforbeat.com.br\/site\/wp-json\/wp\/v2\/posts\/39914\/revisions\/39915"}],"wp:featuredmedia":[{"embeddable":true,"href":"https:\/\/beatforbeat.com.br\/site\/wp-json\/wp\/v2\/media\/37893"}],"wp:attachment":[{"href":"https:\/\/beatforbeat.com.br\/site\/wp-json\/wp\/v2\/media?parent=39914"}],"wp:term":[{"taxonomy":"category","embeddable":true,"href":"https:\/\/beatforbeat.com.br\/site\/wp-json\/wp\/v2\/categories?post=39914"},{"taxonomy":"post_tag","embeddable":true,"href":"https:\/\/beatforbeat.com.br\/site\/wp-json\/wp\/v2\/tags?post=39914"}],"curies":[{"name":"wp","href":"https:\/\/api.w.org\/{rel}","templated":true}]}}