{"id":49939,"date":"2025-01-22T19:16:19","date_gmt":"2025-01-22T22:16:19","guid":{"rendered":"https:\/\/beatforbeat.com.br\/site\/?p=49939"},"modified":"2025-01-22T19:16:19","modified_gmt":"2025-01-22T22:16:19","slug":"mont-rouge-e-sasson-trazem-energia-e-emocao-em-war-cry","status":"publish","type":"post","link":"https:\/\/beatforbeat.com.br\/site\/mont-rouge-e-sasson-trazem-energia-e-emocao-em-war-cry\/","title":{"rendered":"Mont Rouge e Sasson trazem energia e emo\u00e7\u00e3o em &#8216;War Cry&#8217;"},"content":{"rendered":"<p>Mergulhando em uma jornada sonora que conecta energia e emo\u00e7\u00e3o, Mont Rouge e Sasson lan\u00e7am o novo single, &#8216;War Cry&#8217;. Escute. agora.<\/p>\n<p><a href=\"https:\/\/beatforbeat.com.br\/site\/wp-content\/uploads\/2025\/01\/Mont-Rouge-x-Sasson-War-Cry-e1737584136675.jpg\"><img decoding=\"async\" class=\"aligncenter wp-image-49940 lazyload\" data-src=\"https:\/\/beatforbeat.com.br\/site\/wp-content\/uploads\/2025\/01\/Mont-Rouge-x-Sasson-War-Cry-e1737584136675.jpg\" alt=\"Mont Rouge\" width=\"630\" height=\"428\" data-srcset=\"https:\/\/beatforbeat.com.br\/site\/wp-content\/uploads\/2025\/01\/Mont-Rouge-x-Sasson-War-Cry-e1737584136675.jpg 1000w, https:\/\/beatforbeat.com.br\/site\/wp-content\/uploads\/2025\/01\/Mont-Rouge-x-Sasson-War-Cry-e1737584136675-300x204.jpg 300w, https:\/\/beatforbeat.com.br\/site\/wp-content\/uploads\/2025\/01\/Mont-Rouge-x-Sasson-War-Cry-e1737584136675-768x522.jpg 768w, https:\/\/beatforbeat.com.br\/site\/wp-content\/uploads\/2025\/01\/Mont-Rouge-x-Sasson-War-Cry-e1737584136675-332x226.jpg 332w, https:\/\/beatforbeat.com.br\/site\/wp-content\/uploads\/2025\/01\/Mont-Rouge-x-Sasson-War-Cry-e1737584136675-664x452.jpg 664w, https:\/\/beatforbeat.com.br\/site\/wp-content\/uploads\/2025\/01\/Mont-Rouge-x-Sasson-War-Cry-e1737584136675-688x468.jpg 688w\" data-sizes=\"(max-width: 630px) 100vw, 630px\" src=\"data:image\/svg+xml;base64,PHN2ZyB3aWR0aD0iMSIgaGVpZ2h0PSIxIiB4bWxucz0iaHR0cDovL3d3dy53My5vcmcvMjAwMC9zdmciPjwvc3ZnPg==\" style=\"--smush-placeholder-width: 630px; --smush-placeholder-aspect-ratio: 630\/428;\" \/><\/a><\/p>\n<p>A colabora\u00e7\u00e3o entre <strong>Mont Rouge<\/strong> e <strong>Sasson<\/strong> d\u00e1 origem a &#8216;<em>War Cry&#8217;,<\/em> uma faixa que combina batidas envolventes, elementos tribais e texturas eletr\u00f4nicas profundas. A m\u00fasica \u00e9 um convite para mergulhar em uma jornada sonora que conecta energia e emo\u00e7\u00e3o, enquanto estabelece uma pulsa\u00e7\u00e3o irresist\u00edvel que domina as pistas de dan\u00e7a. Ou\u00e7a <a href=\"https:\/\/open.spotify.com\/intl-fr\/track\/7KzVtGNDHw5DOh0tPGydfc\" target=\"_blank\" rel=\"noopener\">aqui<\/a>.<\/p><div id=\"beatf-1234459535\" class=\"beatf-conteudo_2 beatf-entity-placement\"><script async src=\"\/\/pagead2.googlesyndication.com\/pagead\/js\/adsbygoogle.js?client=ca-pub-5262797664076819\" crossorigin=\"anonymous\"><\/script><ins class=\"adsbygoogle\" style=\"display:block; text-align:center;\" data-ad-client=\"ca-pub-5262797664076819\" \ndata-ad-slot=\"8185743757\" \ndata-ad-layout=\"in-article\"\ndata-ad-format=\"fluid\"><\/ins>\n<script> \n(adsbygoogle = window.adsbygoogle || []).push({}); \n<\/script>\n<\/div>\n<p>&#8216;<em>War Cry<\/em>&#8216; \u00e9 constru\u00edda sobre uma base r\u00edtmica hipn\u00f3tica que evoca movimentos fluidos e org\u00e2nicos, enquanto sintetizadores pulsantes trazem intensidade e profundidade \u00e0 produ\u00e7\u00e3o. Os vocais, carregados de for\u00e7a e express\u00e3o, ecoam como um chamado universal, refor\u00e7ando a ideia de unidade e movimento coletivo. Cada elemento sonoro \u00e9 cuidadosamente posicionado para criar uma progress\u00e3o que mant\u00e9m o ouvinte cativado do in\u00edcio ao fim.<\/p>\n<p>A m\u00fasica n\u00e3o apenas explora a rela\u00e7\u00e3o entre sons primitivos e tecnologia moderna, mas tamb\u00e9m traduz essas influ\u00eancias em uma experi\u00eancia contempor\u00e2nea. Mont Rouge e Sasson capturam a ess\u00eancia da dan\u00e7a como uma forma de express\u00e3o universal, conectando culturas e p\u00fablicos em uma \u00fanica vibra\u00e7\u00e3o.<\/p>\n<p>Com &#8216;<em>War Cry<\/em>&#8216;, a dupla demonstra como a m\u00fasica pode ser uma for\u00e7a poderosa para unir pessoas, criando momentos memor\u00e1veis tanto nos clubes quanto nos grandes festivais ao redor do mundo. Uma trilha que reverbera como um verdadeiro grito de celebra\u00e7\u00e3o e conex\u00e3o.<\/p>\n<p>Escute:<\/p>\n<p><iframe title=\"Spotify Embed: War Cry\" style=\"border-radius: 12px\" width=\"100%\" height=\"152\" frameborder=\"0\" allowfullscreen allow=\"autoplay; clipboard-write; encrypted-media; fullscreen; picture-in-picture\" data-src=\"https:\/\/open.spotify.com\/embed\/track\/7KzVtGNDHw5DOh0tPGydfc?utm_source=oembed\" src=\"data:image\/svg+xml;base64,PHN2ZyB3aWR0aD0iMSIgaGVpZ2h0PSIxIiB4bWxucz0iaHR0cDovL3d3dy53My5vcmcvMjAwMC9zdmciPjwvc3ZnPg==\" class=\"lazyload\" data-load-mode=\"1\"><\/iframe><\/p>\n","protected":false},"excerpt":{"rendered":"Mergulhando em uma jornada sonora que conecta energia e emo\u00e7\u00e3o, Mont Rouge e Sasson lan\u00e7am o novo single,&hellip;","protected":false},"author":2,"featured_media":49940,"comment_status":"closed","ping_status":"open","sticky":false,"template":"","format":"standard","meta":{"_monsterinsights_skip_tracking":false,"_monsterinsights_sitenote_active":false,"_monsterinsights_sitenote_note":"","_monsterinsights_sitenote_category":0,"csco_display_header_overlay":false,"csco_singular_sidebar":"","csco_page_header_type":"","csco_page_load_nextpost":"","csco_post_video_location":[],"csco_post_video_location_hash":"","csco_post_video_url":"","csco_post_video_bg_start_time":0,"csco_post_video_bg_end_time":0,"footnotes":""},"categories":[7938],"tags":[20279,18082,13809],"class_list":{"0":"post-49939","1":"post","2":"type-post","3":"status-publish","4":"format-standard","5":"has-post-thumbnail","7":"category-lancamentos","8":"tag-mont-rouge","9":"tag-sasson","10":"tag-war-cry","11":"cs-entry","12":"cs-video-wrap"},"yoast_head":"<!-- This site is optimized with the Yoast SEO plugin v27.4 - https:\/\/yoast.com\/product\/yoast-seo-wordpress\/ -->\n<title>Mont Rouge e Sasson trazem energia e emo\u00e7\u00e3o em &#039;War Cry&#039;<\/title>\n<meta name=\"description\" content=\"Mergulhando em uma jornada sonora que conecta energia e emo\u00e7\u00e3o, Mont Rouge e Sasson lan\u00e7am o novo single, &#039;War Cry&#039;. Escute. agora.\" \/>\n<meta name=\"robots\" content=\"index, follow, max-snippet:-1, max-image-preview:large, max-video-preview:-1\" \/>\n<link rel=\"canonical\" href=\"https:\/\/beatforbeat.com.br\/site\/mont-rouge-e-sasson-trazem-energia-e-emocao-em-war-cry\/\" \/>\n<meta property=\"og:locale\" content=\"pt_BR\" \/>\n<meta property=\"og:type\" content=\"article\" \/>\n<meta property=\"og:title\" content=\"Mont Rouge e Sasson trazem energia e emo\u00e7\u00e3o em &#039;War Cry&#039;\" \/>\n<meta property=\"og:description\" content=\"Mergulhando em uma jornada sonora que conecta energia e emo\u00e7\u00e3o, Mont Rouge e Sasson lan\u00e7am o novo single, &#039;War Cry&#039;. Escute. agora.\" \/>\n<meta property=\"og:url\" content=\"https:\/\/beatforbeat.com.br\/site\/mont-rouge-e-sasson-trazem-energia-e-emocao-em-war-cry\/\" \/>\n<meta property=\"og:site_name\" content=\"Beat for Beat\" \/>\n<meta property=\"article:author\" content=\"https:\/\/www.facebook.com\/viktoraphael\" \/>\n<meta property=\"article:published_time\" content=\"2025-01-22T22:16:19+00:00\" \/>\n<meta property=\"og:image\" content=\"https:\/\/beatforbeat.com.br\/site\/wp-content\/uploads\/2025\/01\/Mont-Rouge-x-Sasson-War-Cry-e1737584136675.jpg\" \/>\n\t<meta property=\"og:image:width\" content=\"1000\" \/>\n\t<meta property=\"og:image:height\" content=\"680\" \/>\n\t<meta property=\"og:image:type\" content=\"image\/jpeg\" \/>\n<meta name=\"author\" content=\"Viktor Raphael\" \/>\n<meta name=\"twitter:card\" content=\"summary_large_image\" \/>\n<meta name=\"twitter:creator\" content=\"@djviktorraphael\" \/>\n<meta name=\"twitter:label1\" content=\"Escrito por\" \/>\n\t<meta name=\"twitter:data1\" content=\"Viktor Raphael\" \/>\n\t<meta name=\"twitter:label2\" content=\"Est. tempo de leitura\" \/>\n\t<meta name=\"twitter:data2\" content=\"2 minutos\" \/>\n<script type=\"application\/ld+json\" class=\"yoast-schema-graph\">{\"@context\":\"https:\\\/\\\/schema.org\",\"@graph\":[{\"@type\":\"Article\",\"@id\":\"https:\\\/\\\/beatforbeat.com.br\\\/site\\\/mont-rouge-e-sasson-trazem-energia-e-emocao-em-war-cry\\\/#article\",\"isPartOf\":{\"@id\":\"https:\\\/\\\/beatforbeat.com.br\\\/site\\\/mont-rouge-e-sasson-trazem-energia-e-emocao-em-war-cry\\\/\"},\"author\":{\"name\":\"Viktor Raphael\",\"@id\":\"https:\\\/\\\/beatforbeat.com.br\\\/site\\\/#\\\/schema\\\/person\\\/561e4cc997e993fd5dd84e6b5c9dc306\"},\"headline\":\"Mont Rouge e Sasson trazem energia e emo\u00e7\u00e3o em &#8216;War Cry&#8217;\",\"datePublished\":\"2025-01-22T22:16:19+00:00\",\"mainEntityOfPage\":{\"@id\":\"https:\\\/\\\/beatforbeat.com.br\\\/site\\\/mont-rouge-e-sasson-trazem-energia-e-emocao-em-war-cry\\\/\"},\"wordCount\":282,\"publisher\":{\"@id\":\"https:\\\/\\\/beatforbeat.com.br\\\/site\\\/#organization\"},\"image\":{\"@id\":\"https:\\\/\\\/beatforbeat.com.br\\\/site\\\/mont-rouge-e-sasson-trazem-energia-e-emocao-em-war-cry\\\/#primaryimage\"},\"thumbnailUrl\":\"https:\\\/\\\/beatforbeat.com.br\\\/site\\\/wp-content\\\/uploads\\\/2025\\\/01\\\/Mont-Rouge-x-Sasson-War-Cry-e1737584136675.jpg\",\"keywords\":[\"Mont Rouge\",\"Sasson\",\"War Cry\"],\"articleSection\":[\"Lan\u00e7amentos\"],\"inLanguage\":\"pt-BR\"},{\"@type\":\"WebPage\",\"@id\":\"https:\\\/\\\/beatforbeat.com.br\\\/site\\\/mont-rouge-e-sasson-trazem-energia-e-emocao-em-war-cry\\\/\",\"url\":\"https:\\\/\\\/beatforbeat.com.br\\\/site\\\/mont-rouge-e-sasson-trazem-energia-e-emocao-em-war-cry\\\/\",\"name\":\"Mont Rouge e Sasson trazem energia e emo\u00e7\u00e3o em 'War Cry'\",\"isPartOf\":{\"@id\":\"https:\\\/\\\/beatforbeat.com.br\\\/site\\\/#website\"},\"primaryImageOfPage\":{\"@id\":\"https:\\\/\\\/beatforbeat.com.br\\\/site\\\/mont-rouge-e-sasson-trazem-energia-e-emocao-em-war-cry\\\/#primaryimage\"},\"image\":{\"@id\":\"https:\\\/\\\/beatforbeat.com.br\\\/site\\\/mont-rouge-e-sasson-trazem-energia-e-emocao-em-war-cry\\\/#primaryimage\"},\"thumbnailUrl\":\"https:\\\/\\\/beatforbeat.com.br\\\/site\\\/wp-content\\\/uploads\\\/2025\\\/01\\\/Mont-Rouge-x-Sasson-War-Cry-e1737584136675.jpg\",\"datePublished\":\"2025-01-22T22:16:19+00:00\",\"description\":\"Mergulhando em uma jornada sonora que conecta energia e emo\u00e7\u00e3o, Mont Rouge e Sasson lan\u00e7am o novo single, 'War Cry'. Escute. agora.\",\"breadcrumb\":{\"@id\":\"https:\\\/\\\/beatforbeat.com.br\\\/site\\\/mont-rouge-e-sasson-trazem-energia-e-emocao-em-war-cry\\\/#breadcrumb\"},\"inLanguage\":\"pt-BR\",\"potentialAction\":[{\"@type\":\"ReadAction\",\"target\":[\"https:\\\/\\\/beatforbeat.com.br\\\/site\\\/mont-rouge-e-sasson-trazem-energia-e-emocao-em-war-cry\\\/\"]}]},{\"@type\":\"ImageObject\",\"inLanguage\":\"pt-BR\",\"@id\":\"https:\\\/\\\/beatforbeat.com.br\\\/site\\\/mont-rouge-e-sasson-trazem-energia-e-emocao-em-war-cry\\\/#primaryimage\",\"url\":\"https:\\\/\\\/beatforbeat.com.br\\\/site\\\/wp-content\\\/uploads\\\/2025\\\/01\\\/Mont-Rouge-x-Sasson-War-Cry-e1737584136675.jpg\",\"contentUrl\":\"https:\\\/\\\/beatforbeat.com.br\\\/site\\\/wp-content\\\/uploads\\\/2025\\\/01\\\/Mont-Rouge-x-Sasson-War-Cry-e1737584136675.jpg\",\"width\":1000,\"height\":680,\"caption\":\"Mont Rouge\"},{\"@type\":\"BreadcrumbList\",\"@id\":\"https:\\\/\\\/beatforbeat.com.br\\\/site\\\/mont-rouge-e-sasson-trazem-energia-e-emocao-em-war-cry\\\/#breadcrumb\",\"itemListElement\":[{\"@type\":\"ListItem\",\"position\":1,\"name\":\"In\u00edcio\",\"item\":\"https:\\\/\\\/beatforbeat.com.br\\\/site\\\/\"},{\"@type\":\"ListItem\",\"position\":2,\"name\":\"Mont Rouge e Sasson trazem energia e emo\u00e7\u00e3o em &#8216;War Cry&#8217;\"}]},{\"@type\":\"WebSite\",\"@id\":\"https:\\\/\\\/beatforbeat.com.br\\\/site\\\/#website\",\"url\":\"https:\\\/\\\/beatforbeat.com.br\\\/site\\\/\",\"name\":\"Beat for Beat\",\"description\":\"M\u00fasica \u00e9 a Resposta\",\"publisher\":{\"@id\":\"https:\\\/\\\/beatforbeat.com.br\\\/site\\\/#organization\"},\"potentialAction\":[{\"@type\":\"SearchAction\",\"target\":{\"@type\":\"EntryPoint\",\"urlTemplate\":\"https:\\\/\\\/beatforbeat.com.br\\\/site\\\/?s={search_term_string}\"},\"query-input\":{\"@type\":\"PropertyValueSpecification\",\"valueRequired\":true,\"valueName\":\"search_term_string\"}}],\"inLanguage\":\"pt-BR\"},{\"@type\":\"Organization\",\"@id\":\"https:\\\/\\\/beatforbeat.com.br\\\/site\\\/#organization\",\"name\":\"Beat for Beat\",\"url\":\"https:\\\/\\\/beatforbeat.com.br\\\/site\\\/\",\"logo\":{\"@type\":\"ImageObject\",\"inLanguage\":\"pt-BR\",\"@id\":\"https:\\\/\\\/beatforbeat.com.br\\\/site\\\/#\\\/schema\\\/logo\\\/image\\\/\",\"url\":\"https:\\\/\\\/beatforbeat.com.br\\\/site\\\/wp-content\\\/uploads\\\/2020\\\/05\\\/Logo-Site-600@2x.png\",\"contentUrl\":\"https:\\\/\\\/beatforbeat.com.br\\\/site\\\/wp-content\\\/uploads\\\/2020\\\/05\\\/Logo-Site-600@2x.png\",\"width\":1200,\"height\":1200,\"caption\":\"Beat for Beat\"},\"image\":{\"@id\":\"https:\\\/\\\/beatforbeat.com.br\\\/site\\\/#\\\/schema\\\/logo\\\/image\\\/\"}},{\"@type\":\"Person\",\"@id\":\"https:\\\/\\\/beatforbeat.com.br\\\/site\\\/#\\\/schema\\\/person\\\/561e4cc997e993fd5dd84e6b5c9dc306\",\"name\":\"Viktor Raphael\",\"image\":{\"@type\":\"ImageObject\",\"inLanguage\":\"pt-BR\",\"@id\":\"https:\\\/\\\/secure.gravatar.com\\\/avatar\\\/a6eade5aeded37bd5ee2c073682b2a295287aeb61ca43d85c06a0fa10b4bf7e9?s=96&d=mm&r=g\",\"url\":\"https:\\\/\\\/secure.gravatar.com\\\/avatar\\\/a6eade5aeded37bd5ee2c073682b2a295287aeb61ca43d85c06a0fa10b4bf7e9?s=96&d=mm&r=g\",\"contentUrl\":\"https:\\\/\\\/secure.gravatar.com\\\/avatar\\\/a6eade5aeded37bd5ee2c073682b2a295287aeb61ca43d85c06a0fa10b4bf7e9?s=96&d=mm&r=g\",\"caption\":\"Viktor Raphael\"},\"description\":\"DJ, Produtor, Redator, Libriano e Sonhador. Trance para amar e Techno para dan\u00e7ar, com uma ta\u00e7a de Gin para acompanhar. Onde \u00e9 o after?\",\"sameAs\":[\"https:\\\/\\\/www.facebook.com\\\/viktoraphael\",\"https:\\\/\\\/www.instagram.com\\\/vicraphael_\\\/\",\"https:\\\/\\\/x.com\\\/djviktorraphael\"],\"url\":\"https:\\\/\\\/beatforbeat.com.br\\\/site\\\/author\\\/viktor\\\/\"}]}<\/script>\n<!-- \/ Yoast SEO plugin. -->","yoast_head_json":{"title":"Mont Rouge e Sasson trazem energia e emo\u00e7\u00e3o em 'War Cry'","description":"Mergulhando em uma jornada sonora que conecta energia e emo\u00e7\u00e3o, Mont Rouge e Sasson lan\u00e7am o novo single, 'War Cry'. Escute. agora.","robots":{"index":"index","follow":"follow","max-snippet":"max-snippet:-1","max-image-preview":"max-image-preview:large","max-video-preview":"max-video-preview:-1"},"canonical":"https:\/\/beatforbeat.com.br\/site\/mont-rouge-e-sasson-trazem-energia-e-emocao-em-war-cry\/","og_locale":"pt_BR","og_type":"article","og_title":"Mont Rouge e Sasson trazem energia e emo\u00e7\u00e3o em 'War Cry'","og_description":"Mergulhando em uma jornada sonora que conecta energia e emo\u00e7\u00e3o, Mont Rouge e Sasson lan\u00e7am o novo single, 'War Cry'. Escute. agora.","og_url":"https:\/\/beatforbeat.com.br\/site\/mont-rouge-e-sasson-trazem-energia-e-emocao-em-war-cry\/","og_site_name":"Beat for Beat","article_author":"https:\/\/www.facebook.com\/viktoraphael","article_published_time":"2025-01-22T22:16:19+00:00","og_image":[{"width":1000,"height":680,"url":"https:\/\/beatforbeat.com.br\/site\/wp-content\/uploads\/2025\/01\/Mont-Rouge-x-Sasson-War-Cry-e1737584136675.jpg","type":"image\/jpeg"}],"author":"Viktor Raphael","twitter_card":"summary_large_image","twitter_creator":"@djviktorraphael","twitter_misc":{"Escrito por":"Viktor Raphael","Est. tempo de leitura":"2 minutos"},"schema":{"@context":"https:\/\/schema.org","@graph":[{"@type":"Article","@id":"https:\/\/beatforbeat.com.br\/site\/mont-rouge-e-sasson-trazem-energia-e-emocao-em-war-cry\/#article","isPartOf":{"@id":"https:\/\/beatforbeat.com.br\/site\/mont-rouge-e-sasson-trazem-energia-e-emocao-em-war-cry\/"},"author":{"name":"Viktor Raphael","@id":"https:\/\/beatforbeat.com.br\/site\/#\/schema\/person\/561e4cc997e993fd5dd84e6b5c9dc306"},"headline":"Mont Rouge e Sasson trazem energia e emo\u00e7\u00e3o em &#8216;War Cry&#8217;","datePublished":"2025-01-22T22:16:19+00:00","mainEntityOfPage":{"@id":"https:\/\/beatforbeat.com.br\/site\/mont-rouge-e-sasson-trazem-energia-e-emocao-em-war-cry\/"},"wordCount":282,"publisher":{"@id":"https:\/\/beatforbeat.com.br\/site\/#organization"},"image":{"@id":"https:\/\/beatforbeat.com.br\/site\/mont-rouge-e-sasson-trazem-energia-e-emocao-em-war-cry\/#primaryimage"},"thumbnailUrl":"https:\/\/beatforbeat.com.br\/site\/wp-content\/uploads\/2025\/01\/Mont-Rouge-x-Sasson-War-Cry-e1737584136675.jpg","keywords":["Mont Rouge","Sasson","War Cry"],"articleSection":["Lan\u00e7amentos"],"inLanguage":"pt-BR"},{"@type":"WebPage","@id":"https:\/\/beatforbeat.com.br\/site\/mont-rouge-e-sasson-trazem-energia-e-emocao-em-war-cry\/","url":"https:\/\/beatforbeat.com.br\/site\/mont-rouge-e-sasson-trazem-energia-e-emocao-em-war-cry\/","name":"Mont Rouge e Sasson trazem energia e emo\u00e7\u00e3o em 'War Cry'","isPartOf":{"@id":"https:\/\/beatforbeat.com.br\/site\/#website"},"primaryImageOfPage":{"@id":"https:\/\/beatforbeat.com.br\/site\/mont-rouge-e-sasson-trazem-energia-e-emocao-em-war-cry\/#primaryimage"},"image":{"@id":"https:\/\/beatforbeat.com.br\/site\/mont-rouge-e-sasson-trazem-energia-e-emocao-em-war-cry\/#primaryimage"},"thumbnailUrl":"https:\/\/beatforbeat.com.br\/site\/wp-content\/uploads\/2025\/01\/Mont-Rouge-x-Sasson-War-Cry-e1737584136675.jpg","datePublished":"2025-01-22T22:16:19+00:00","description":"Mergulhando em uma jornada sonora que conecta energia e emo\u00e7\u00e3o, Mont Rouge e Sasson lan\u00e7am o novo single, 'War Cry'. Escute. agora.","breadcrumb":{"@id":"https:\/\/beatforbeat.com.br\/site\/mont-rouge-e-sasson-trazem-energia-e-emocao-em-war-cry\/#breadcrumb"},"inLanguage":"pt-BR","potentialAction":[{"@type":"ReadAction","target":["https:\/\/beatforbeat.com.br\/site\/mont-rouge-e-sasson-trazem-energia-e-emocao-em-war-cry\/"]}]},{"@type":"ImageObject","inLanguage":"pt-BR","@id":"https:\/\/beatforbeat.com.br\/site\/mont-rouge-e-sasson-trazem-energia-e-emocao-em-war-cry\/#primaryimage","url":"https:\/\/beatforbeat.com.br\/site\/wp-content\/uploads\/2025\/01\/Mont-Rouge-x-Sasson-War-Cry-e1737584136675.jpg","contentUrl":"https:\/\/beatforbeat.com.br\/site\/wp-content\/uploads\/2025\/01\/Mont-Rouge-x-Sasson-War-Cry-e1737584136675.jpg","width":1000,"height":680,"caption":"Mont Rouge"},{"@type":"BreadcrumbList","@id":"https:\/\/beatforbeat.com.br\/site\/mont-rouge-e-sasson-trazem-energia-e-emocao-em-war-cry\/#breadcrumb","itemListElement":[{"@type":"ListItem","position":1,"name":"In\u00edcio","item":"https:\/\/beatforbeat.com.br\/site\/"},{"@type":"ListItem","position":2,"name":"Mont Rouge e Sasson trazem energia e emo\u00e7\u00e3o em &#8216;War Cry&#8217;"}]},{"@type":"WebSite","@id":"https:\/\/beatforbeat.com.br\/site\/#website","url":"https:\/\/beatforbeat.com.br\/site\/","name":"Beat for Beat","description":"M\u00fasica \u00e9 a Resposta","publisher":{"@id":"https:\/\/beatforbeat.com.br\/site\/#organization"},"potentialAction":[{"@type":"SearchAction","target":{"@type":"EntryPoint","urlTemplate":"https:\/\/beatforbeat.com.br\/site\/?s={search_term_string}"},"query-input":{"@type":"PropertyValueSpecification","valueRequired":true,"valueName":"search_term_string"}}],"inLanguage":"pt-BR"},{"@type":"Organization","@id":"https:\/\/beatforbeat.com.br\/site\/#organization","name":"Beat for Beat","url":"https:\/\/beatforbeat.com.br\/site\/","logo":{"@type":"ImageObject","inLanguage":"pt-BR","@id":"https:\/\/beatforbeat.com.br\/site\/#\/schema\/logo\/image\/","url":"https:\/\/beatforbeat.com.br\/site\/wp-content\/uploads\/2020\/05\/Logo-Site-600@2x.png","contentUrl":"https:\/\/beatforbeat.com.br\/site\/wp-content\/uploads\/2020\/05\/Logo-Site-600@2x.png","width":1200,"height":1200,"caption":"Beat for Beat"},"image":{"@id":"https:\/\/beatforbeat.com.br\/site\/#\/schema\/logo\/image\/"}},{"@type":"Person","@id":"https:\/\/beatforbeat.com.br\/site\/#\/schema\/person\/561e4cc997e993fd5dd84e6b5c9dc306","name":"Viktor Raphael","image":{"@type":"ImageObject","inLanguage":"pt-BR","@id":"https:\/\/secure.gravatar.com\/avatar\/a6eade5aeded37bd5ee2c073682b2a295287aeb61ca43d85c06a0fa10b4bf7e9?s=96&d=mm&r=g","url":"https:\/\/secure.gravatar.com\/avatar\/a6eade5aeded37bd5ee2c073682b2a295287aeb61ca43d85c06a0fa10b4bf7e9?s=96&d=mm&r=g","contentUrl":"https:\/\/secure.gravatar.com\/avatar\/a6eade5aeded37bd5ee2c073682b2a295287aeb61ca43d85c06a0fa10b4bf7e9?s=96&d=mm&r=g","caption":"Viktor Raphael"},"description":"DJ, Produtor, Redator, Libriano e Sonhador. Trance para amar e Techno para dan\u00e7ar, com uma ta\u00e7a de Gin para acompanhar. Onde \u00e9 o after?","sameAs":["https:\/\/www.facebook.com\/viktoraphael","https:\/\/www.instagram.com\/vicraphael_\/","https:\/\/x.com\/djviktorraphael"],"url":"https:\/\/beatforbeat.com.br\/site\/author\/viktor\/"}]}},"amp_enabled":true,"_links":{"self":[{"href":"https:\/\/beatforbeat.com.br\/site\/wp-json\/wp\/v2\/posts\/49939","targetHints":{"allow":["GET"]}}],"collection":[{"href":"https:\/\/beatforbeat.com.br\/site\/wp-json\/wp\/v2\/posts"}],"about":[{"href":"https:\/\/beatforbeat.com.br\/site\/wp-json\/wp\/v2\/types\/post"}],"author":[{"embeddable":true,"href":"https:\/\/beatforbeat.com.br\/site\/wp-json\/wp\/v2\/users\/2"}],"replies":[{"embeddable":true,"href":"https:\/\/beatforbeat.com.br\/site\/wp-json\/wp\/v2\/comments?post=49939"}],"version-history":[{"count":1,"href":"https:\/\/beatforbeat.com.br\/site\/wp-json\/wp\/v2\/posts\/49939\/revisions"}],"predecessor-version":[{"id":49941,"href":"https:\/\/beatforbeat.com.br\/site\/wp-json\/wp\/v2\/posts\/49939\/revisions\/49941"}],"wp:featuredmedia":[{"embeddable":true,"href":"https:\/\/beatforbeat.com.br\/site\/wp-json\/wp\/v2\/media\/49940"}],"wp:attachment":[{"href":"https:\/\/beatforbeat.com.br\/site\/wp-json\/wp\/v2\/media?parent=49939"}],"wp:term":[{"taxonomy":"category","embeddable":true,"href":"https:\/\/beatforbeat.com.br\/site\/wp-json\/wp\/v2\/categories?post=49939"},{"taxonomy":"post_tag","embeddable":true,"href":"https:\/\/beatforbeat.com.br\/site\/wp-json\/wp\/v2\/tags?post=49939"}],"curies":[{"name":"wp","href":"https:\/\/api.w.org\/{rel}","templated":true}]}}