{"id":54321,"date":"2025-10-06T17:02:37","date_gmt":"2025-10-06T20:02:37","guid":{"rendered":"https:\/\/beatforbeat.com.br\/site\/?p=54321"},"modified":"2025-10-06T17:02:37","modified_gmt":"2025-10-06T20:02:37","slug":"branko-e-taina-juntam-brasil-e-portugal-em-releitura-de-classico","status":"publish","type":"post","link":"https:\/\/beatforbeat.com.br\/site\/branko-e-taina-juntam-brasil-e-portugal-em-releitura-de-classico\/","title":{"rendered":"Branko e Tain\u00e1 juntam Brasil e Portugal em releitura de cl\u00e1ssico"},"content":{"rendered":"<p>Branko e Tain\u00e1 unem-se para uma vers\u00e3o completamente in\u00e9dita de uma das can\u00e7\u00f5es lus\u00f3fonas mais conhecidas no mundo inteiro. Saiba mais.<\/p>\n<p><a href=\"https:\/\/beatforbeat.com.br\/site\/wp-content\/uploads\/2025\/10\/Branko-x-Taina-Drone_2.jpeg\"><img decoding=\"async\" class=\"aligncenter wp-image-54322 lazyload\" data-src=\"https:\/\/beatforbeat.com.br\/site\/wp-content\/uploads\/2025\/10\/Branko-x-Taina-Drone_2-300x200.jpeg\" alt=\"Branko e Tain\u00e1\" width=\"630\" height=\"420\" data-srcset=\"https:\/\/beatforbeat.com.br\/site\/wp-content\/uploads\/2025\/10\/Branko-x-Taina-Drone_2-300x200.jpeg 300w, https:\/\/beatforbeat.com.br\/site\/wp-content\/uploads\/2025\/10\/Branko-x-Taina-Drone_2-1024x682.jpeg 1024w, https:\/\/beatforbeat.com.br\/site\/wp-content\/uploads\/2025\/10\/Branko-x-Taina-Drone_2-768x512.jpeg 768w, https:\/\/beatforbeat.com.br\/site\/wp-content\/uploads\/2025\/10\/Branko-x-Taina-Drone_2-332x221.jpeg 332w, https:\/\/beatforbeat.com.br\/site\/wp-content\/uploads\/2025\/10\/Branko-x-Taina-Drone_2-664x442.jpeg 664w, https:\/\/beatforbeat.com.br\/site\/wp-content\/uploads\/2025\/10\/Branko-x-Taina-Drone_2-688x458.jpeg 688w, https:\/\/beatforbeat.com.br\/site\/wp-content\/uploads\/2025\/10\/Branko-x-Taina-Drone_2-1044x695.jpeg 1044w, https:\/\/beatforbeat.com.br\/site\/wp-content\/uploads\/2025\/10\/Branko-x-Taina-Drone_2.jpeg 1306w\" data-sizes=\"(max-width: 630px) 100vw, 630px\" src=\"data:image\/svg+xml;base64,PHN2ZyB3aWR0aD0iMSIgaGVpZ2h0PSIxIiB4bWxucz0iaHR0cDovL3d3dy53My5vcmcvMjAwMC9zdmciPjwvc3ZnPg==\" style=\"--smush-placeholder-width: 630px; --smush-placeholder-aspect-ratio: 630\/420;\" \/><\/a><\/p>\n<p>O produtor portugu\u00eas <strong>Branko<\/strong> lan\u00e7a, nesta sexta (3), sua mais nova track, &#8216;<strong>N&#8217;Essa Rua<\/strong>&#8216; &#8211; que tem como inspira\u00e7\u00e3o a can\u00e7\u00e3o &#8216;<em>Se Essa Rua Fosse Minha<\/em>&#8216;, uma das m\u00fasicas mais cl\u00e1ssicas no mundo lus\u00f3fono. Para celebrar esse ponto de contato entre as culturas que falam a l\u00edngua portuguesa, Branko convidou a vocalista brasileira <strong>Tain\u00e1<\/strong> para participar dos vocais.<\/p><div id=\"beatf-3229616035\" class=\"beatf-conteudo_2 beatf-entity-placement\"><script async src=\"\/\/pagead2.googlesyndication.com\/pagead\/js\/adsbygoogle.js?client=ca-pub-5262797664076819\" crossorigin=\"anonymous\"><\/script><ins class=\"adsbygoogle\" style=\"display:block; text-align:center;\" data-ad-client=\"ca-pub-5262797664076819\" \ndata-ad-slot=\"8185743757\" \ndata-ad-layout=\"in-article\"\ndata-ad-format=\"fluid\"><\/ins>\n<script> \n(adsbygoogle = window.adsbygoogle || []).push({}); \n<\/script>\n<\/div>\n<p>&#8220;Considero essencial refor\u00e7ar todas as rela\u00e7\u00f5es que aproximem os v\u00e1rios territ\u00f3rios de l\u00edngua portuguesa \u2014 Portugal, Brasil, Angola, Cabo Verde, entre outros \u2014 e afirmar de uma vez por todas este espa\u00e7o como uma cena musical completa, com ainda muito para dar ao mundo&#8221;, afirma o artista sobre a import\u00e2ncia desse novo lan\u00e7amento. Ou\u00e7a <a href=\"https:\/\/enchufada.lnk.to\/NESSARUA_\" target=\"_blank\" rel=\"noopener\">aqui<\/a>.<\/p>\n<p>Para o seu novo single, Branko decidiu trazer uma nova roupagem para a can\u00e7\u00e3o, usando sua paix\u00e3o e longa experi\u00eancia na m\u00fasica eletr\u00f4nica. Em &#8216;<em>N&#8217;Essa Rua<\/em>&#8216;, o produtor portugu\u00eas busca trazer sua pr\u00f3pria identidade e cas\u00e1-la com a de Tain\u00e1, criando uma homenagem \u00e0 cultura lus\u00f3fona e atravessando o oceano.<\/p>\n<p>&#8220;Assim que tive a primeira vers\u00e3o do instrumental \u2014 ainda com um sample retirado do YouTube \u2014 lembrei-me imediatamente da voz dela, pela textura e pela naturalidade com que canta&#8221;, conta Branko, acrescentando: &#8220;A Tain\u00e1 \u00e9 daquelas artistas que canta como fala e fala como canta, e senti que esta can\u00e7\u00e3o pedia exatamente isso&#8221;.<\/p>\n<p>Essa n\u00e3o \u00e9 a primeira vez que Branko destaca sua conex\u00e3o com o Brasil. Desde 2008, com o single &#8216;<em>Aqui Para Voc\u00eas<\/em>&#8216; com <em>Deize Tigrona<\/em>, durante seus dias na banda Buraka Som Sistema, Branko colaborou j\u00e1 com diversos artistas brasileiros, como MC Binn, BIAB, Tuyo e BaianaSystem.<\/p>\n<p>&#8220;A m\u00fasica deixou de ser s\u00f3 minha e passou a ser de todos&#8221;<\/p>\n<p>A nova vers\u00e3o de &#8216;<em>Se Essa Rua Fosse Minha<\/em>&#8216; foi um projeto potencializado pela audi\u00eancia de Branko nas redes sociais, que adorou a ideia desde o primeiro snippet. &#8220;Sabia que a rea\u00e7\u00e3o seria positiva, mas, n\u00e3o imaginava que gerasse tanto interesse desde o in\u00edcio&#8221;, afirma o produtor, ap\u00f3s os conte\u00fados sobre a m\u00fasica baterem mais de 20 mil curtidas no Instagram e mais de 360 mil views no TikTok.<\/p>\n<p>Com o apoio de seu p\u00fablico, o artista dedicou-se \u00e0 produ\u00e7\u00e3o, convidou a brasileira Tain\u00e1 e decidiu continuar compartilhando o processo em suas redes sociais, atraindo cada vez mais aten\u00e7\u00e3o para a faixa. Foi como Branko mesmo diz: &#8220;A partir desse momento, senti que a m\u00fasica deixou de ser s\u00f3 minha e passou a ser de todos&#8221;.<\/p>\n<p>Unindo uma composi\u00e7\u00e3o originalmente brasileira com uma produ\u00e7\u00e3o eletr\u00f4nica por um artista portugu\u00eas, e os vocais de uma cantora brasileira, &#8216;<em>N&#8217;Essa Rua<\/em>&#8216;, de Branko, \u00e9 uma representa\u00e7\u00e3o desse movimento lus\u00f3fono do qual o artista tanto se orgulha: &#8220;Tenho orgulho em fazer parte de uma gera\u00e7\u00e3o que conseguiu, de forma org\u00e2nica e sem depender da ind\u00fastria, criar pontos de encontro culturais entre Lisboa, S\u00e3o Paulo, Luanda, Cidade da Praia e muito mais&#8221;.<\/p>\n<p><iframe title=\"Spotify Embed: N&amp;apos;Essa Rua\" style=\"border-radius: 12px\" width=\"100%\" height=\"152\" frameborder=\"0\" allowfullscreen allow=\"autoplay; clipboard-write; encrypted-media; fullscreen; picture-in-picture\" data-src=\"https:\/\/open.spotify.com\/embed\/track\/5pLswAEkSlHzRG1tReA4Zt?si=aac4b5d05afb4d3e&#038;utm_source=oembed\" src=\"data:image\/svg+xml;base64,PHN2ZyB3aWR0aD0iMSIgaGVpZ2h0PSIxIiB4bWxucz0iaHR0cDovL3d3dy53My5vcmcvMjAwMC9zdmciPjwvc3ZnPg==\" class=\"lazyload\" data-load-mode=\"1\"><\/iframe><\/p>\n<p>&nbsp;<\/p>\n","protected":false},"excerpt":{"rendered":"Branko e Tain\u00e1 unem-se para uma vers\u00e3o completamente in\u00e9dita de uma das can\u00e7\u00f5es lus\u00f3fonas mais conhecidas no mundo&hellip;","protected":false},"author":30,"featured_media":54322,"comment_status":"closed","ping_status":"open","sticky":false,"template":"","format":"standard","meta":{"_monsterinsights_skip_tracking":false,"_monsterinsights_sitenote_active":false,"_monsterinsights_sitenote_note":"","_monsterinsights_sitenote_category":0,"csco_display_header_overlay":false,"csco_singular_sidebar":"","csco_page_header_type":"","csco_page_load_nextpost":"","csco_post_video_location":[],"csco_post_video_location_hash":"","csco_post_video_url":"","csco_post_video_bg_start_time":0,"csco_post_video_bg_end_time":0,"footnotes":""},"categories":[7938],"tags":[14388,24170,24171,24169],"class_list":{"0":"post-54321","1":"post","2":"type-post","3":"status-publish","4":"format-standard","5":"has-post-thumbnail","7":"category-lancamentos","8":"tag-branko","9":"tag-nessa-rua","10":"tag-se-essa-rua-fosse-minha","11":"tag-taina","12":"cs-entry","13":"cs-video-wrap"},"yoast_head":"<!-- This site is optimized with the Yoast SEO plugin v27.4 - https:\/\/yoast.com\/product\/yoast-seo-wordpress\/ -->\n<title>Branko e Tain\u00e1 juntam Brasil e Portugal em releitura de cl\u00e1ssico<\/title>\n<meta name=\"description\" content=\"Branko e Tain\u00e1 unem-se para uma vers\u00e3o completamente in\u00e9dita de uma das can\u00e7\u00f5es lus\u00f3fonas mais conhecidas no mundo inteiro. Saiba mais.\" \/>\n<meta name=\"robots\" content=\"index, follow, max-snippet:-1, max-image-preview:large, max-video-preview:-1\" \/>\n<link rel=\"canonical\" href=\"https:\/\/beatforbeat.com.br\/site\/branko-e-taina-juntam-brasil-e-portugal-em-releitura-de-classico\/\" \/>\n<meta property=\"og:locale\" content=\"pt_BR\" \/>\n<meta property=\"og:type\" content=\"article\" \/>\n<meta property=\"og:title\" content=\"Branko e Tain\u00e1 juntam Brasil e Portugal em releitura de cl\u00e1ssico\" \/>\n<meta property=\"og:description\" content=\"Branko e Tain\u00e1 unem-se para uma vers\u00e3o completamente in\u00e9dita de uma das can\u00e7\u00f5es lus\u00f3fonas mais conhecidas no mundo inteiro. Saiba mais.\" \/>\n<meta property=\"og:url\" content=\"https:\/\/beatforbeat.com.br\/site\/branko-e-taina-juntam-brasil-e-portugal-em-releitura-de-classico\/\" \/>\n<meta property=\"og:site_name\" content=\"Beat for Beat\" \/>\n<meta property=\"article:published_time\" content=\"2025-10-06T20:02:37+00:00\" \/>\n<meta property=\"og:image\" content=\"https:\/\/beatforbeat.com.br\/site\/wp-content\/uploads\/2025\/10\/Branko-x-Taina-Drone_2.jpeg\" \/>\n\t<meta property=\"og:image:width\" content=\"1306\" \/>\n\t<meta property=\"og:image:height\" content=\"870\" \/>\n\t<meta property=\"og:image:type\" content=\"image\/jpeg\" \/>\n<meta name=\"author\" content=\"Carlos Vinicius\" \/>\n<meta name=\"twitter:card\" content=\"summary_large_image\" \/>\n<meta name=\"twitter:label1\" content=\"Escrito por\" \/>\n\t<meta name=\"twitter:data1\" content=\"Carlos Vinicius\" \/>\n\t<meta name=\"twitter:label2\" content=\"Est. tempo de leitura\" \/>\n\t<meta name=\"twitter:data2\" content=\"4 minutos\" \/>\n<script type=\"application\/ld+json\" class=\"yoast-schema-graph\">{\"@context\":\"https:\\\/\\\/schema.org\",\"@graph\":[{\"@type\":\"Article\",\"@id\":\"https:\\\/\\\/beatforbeat.com.br\\\/site\\\/branko-e-taina-juntam-brasil-e-portugal-em-releitura-de-classico\\\/#article\",\"isPartOf\":{\"@id\":\"https:\\\/\\\/beatforbeat.com.br\\\/site\\\/branko-e-taina-juntam-brasil-e-portugal-em-releitura-de-classico\\\/\"},\"author\":{\"name\":\"Carlos Vinicius\",\"@id\":\"https:\\\/\\\/beatforbeat.com.br\\\/site\\\/#\\\/schema\\\/person\\\/0c2883c2b99fc988638da784f37ffd09\"},\"headline\":\"Branko e Tain\u00e1 juntam Brasil e Portugal em releitura de cl\u00e1ssico\",\"datePublished\":\"2025-10-06T20:02:37+00:00\",\"mainEntityOfPage\":{\"@id\":\"https:\\\/\\\/beatforbeat.com.br\\\/site\\\/branko-e-taina-juntam-brasil-e-portugal-em-releitura-de-classico\\\/\"},\"wordCount\":572,\"publisher\":{\"@id\":\"https:\\\/\\\/beatforbeat.com.br\\\/site\\\/#organization\"},\"image\":{\"@id\":\"https:\\\/\\\/beatforbeat.com.br\\\/site\\\/branko-e-taina-juntam-brasil-e-portugal-em-releitura-de-classico\\\/#primaryimage\"},\"thumbnailUrl\":\"https:\\\/\\\/beatforbeat.com.br\\\/site\\\/wp-content\\\/uploads\\\/2025\\\/10\\\/Branko-x-Taina-Drone_2.jpeg\",\"keywords\":[\"Branko\",\"N'Essa Rua\",\"Se Essa Rua Fosse Minha\",\"Tain\u00e1\"],\"articleSection\":[\"Lan\u00e7amentos\"],\"inLanguage\":\"pt-BR\"},{\"@type\":\"WebPage\",\"@id\":\"https:\\\/\\\/beatforbeat.com.br\\\/site\\\/branko-e-taina-juntam-brasil-e-portugal-em-releitura-de-classico\\\/\",\"url\":\"https:\\\/\\\/beatforbeat.com.br\\\/site\\\/branko-e-taina-juntam-brasil-e-portugal-em-releitura-de-classico\\\/\",\"name\":\"Branko e Tain\u00e1 juntam Brasil e Portugal em releitura de cl\u00e1ssico\",\"isPartOf\":{\"@id\":\"https:\\\/\\\/beatforbeat.com.br\\\/site\\\/#website\"},\"primaryImageOfPage\":{\"@id\":\"https:\\\/\\\/beatforbeat.com.br\\\/site\\\/branko-e-taina-juntam-brasil-e-portugal-em-releitura-de-classico\\\/#primaryimage\"},\"image\":{\"@id\":\"https:\\\/\\\/beatforbeat.com.br\\\/site\\\/branko-e-taina-juntam-brasil-e-portugal-em-releitura-de-classico\\\/#primaryimage\"},\"thumbnailUrl\":\"https:\\\/\\\/beatforbeat.com.br\\\/site\\\/wp-content\\\/uploads\\\/2025\\\/10\\\/Branko-x-Taina-Drone_2.jpeg\",\"datePublished\":\"2025-10-06T20:02:37+00:00\",\"description\":\"Branko e Tain\u00e1 unem-se para uma vers\u00e3o completamente in\u00e9dita de uma das can\u00e7\u00f5es lus\u00f3fonas mais conhecidas no mundo inteiro. Saiba mais.\",\"breadcrumb\":{\"@id\":\"https:\\\/\\\/beatforbeat.com.br\\\/site\\\/branko-e-taina-juntam-brasil-e-portugal-em-releitura-de-classico\\\/#breadcrumb\"},\"inLanguage\":\"pt-BR\",\"potentialAction\":[{\"@type\":\"ReadAction\",\"target\":[\"https:\\\/\\\/beatforbeat.com.br\\\/site\\\/branko-e-taina-juntam-brasil-e-portugal-em-releitura-de-classico\\\/\"]}]},{\"@type\":\"ImageObject\",\"inLanguage\":\"pt-BR\",\"@id\":\"https:\\\/\\\/beatforbeat.com.br\\\/site\\\/branko-e-taina-juntam-brasil-e-portugal-em-releitura-de-classico\\\/#primaryimage\",\"url\":\"https:\\\/\\\/beatforbeat.com.br\\\/site\\\/wp-content\\\/uploads\\\/2025\\\/10\\\/Branko-x-Taina-Drone_2.jpeg\",\"contentUrl\":\"https:\\\/\\\/beatforbeat.com.br\\\/site\\\/wp-content\\\/uploads\\\/2025\\\/10\\\/Branko-x-Taina-Drone_2.jpeg\",\"width\":1306,\"height\":870,\"caption\":\"default\"},{\"@type\":\"BreadcrumbList\",\"@id\":\"https:\\\/\\\/beatforbeat.com.br\\\/site\\\/branko-e-taina-juntam-brasil-e-portugal-em-releitura-de-classico\\\/#breadcrumb\",\"itemListElement\":[{\"@type\":\"ListItem\",\"position\":1,\"name\":\"In\u00edcio\",\"item\":\"https:\\\/\\\/beatforbeat.com.br\\\/site\\\/\"},{\"@type\":\"ListItem\",\"position\":2,\"name\":\"Branko e Tain\u00e1 juntam Brasil e Portugal em releitura de cl\u00e1ssico\"}]},{\"@type\":\"WebSite\",\"@id\":\"https:\\\/\\\/beatforbeat.com.br\\\/site\\\/#website\",\"url\":\"https:\\\/\\\/beatforbeat.com.br\\\/site\\\/\",\"name\":\"Beat for Beat\",\"description\":\"M\u00fasica \u00e9 a Resposta\",\"publisher\":{\"@id\":\"https:\\\/\\\/beatforbeat.com.br\\\/site\\\/#organization\"},\"potentialAction\":[{\"@type\":\"SearchAction\",\"target\":{\"@type\":\"EntryPoint\",\"urlTemplate\":\"https:\\\/\\\/beatforbeat.com.br\\\/site\\\/?s={search_term_string}\"},\"query-input\":{\"@type\":\"PropertyValueSpecification\",\"valueRequired\":true,\"valueName\":\"search_term_string\"}}],\"inLanguage\":\"pt-BR\"},{\"@type\":\"Organization\",\"@id\":\"https:\\\/\\\/beatforbeat.com.br\\\/site\\\/#organization\",\"name\":\"Beat for Beat\",\"url\":\"https:\\\/\\\/beatforbeat.com.br\\\/site\\\/\",\"logo\":{\"@type\":\"ImageObject\",\"inLanguage\":\"pt-BR\",\"@id\":\"https:\\\/\\\/beatforbeat.com.br\\\/site\\\/#\\\/schema\\\/logo\\\/image\\\/\",\"url\":\"https:\\\/\\\/beatforbeat.com.br\\\/site\\\/wp-content\\\/uploads\\\/2020\\\/05\\\/Logo-Site-600@2x.png\",\"contentUrl\":\"https:\\\/\\\/beatforbeat.com.br\\\/site\\\/wp-content\\\/uploads\\\/2020\\\/05\\\/Logo-Site-600@2x.png\",\"width\":1200,\"height\":1200,\"caption\":\"Beat for Beat\"},\"image\":{\"@id\":\"https:\\\/\\\/beatforbeat.com.br\\\/site\\\/#\\\/schema\\\/logo\\\/image\\\/\"}},{\"@type\":\"Person\",\"@id\":\"https:\\\/\\\/beatforbeat.com.br\\\/site\\\/#\\\/schema\\\/person\\\/0c2883c2b99fc988638da784f37ffd09\",\"name\":\"Carlos Vinicius\",\"image\":{\"@type\":\"ImageObject\",\"inLanguage\":\"pt-BR\",\"@id\":\"https:\\\/\\\/secure.gravatar.com\\\/avatar\\\/d2aa226de78cdab6839cf75a4357b3903ae3e2559457dc24a4e885f4f3d7838f?s=96&d=mm&r=g\",\"url\":\"https:\\\/\\\/secure.gravatar.com\\\/avatar\\\/d2aa226de78cdab6839cf75a4357b3903ae3e2559457dc24a4e885f4f3d7838f?s=96&d=mm&r=g\",\"contentUrl\":\"https:\\\/\\\/secure.gravatar.com\\\/avatar\\\/d2aa226de78cdab6839cf75a4357b3903ae3e2559457dc24a4e885f4f3d7838f?s=96&d=mm&r=g\",\"caption\":\"Carlos Vinicius\"},\"description\":\"\\\"Sem a m\u00fasica, a vida seria um erro\\\" Amante de todas as vertentes, mas especialmente de techno e funk. Superf\u00e3 Cat Dealers e R\u00fcf\u00fcs du Sol.\",\"url\":\"https:\\\/\\\/beatforbeat.com.br\\\/site\\\/author\\\/vinicius\\\/\"}]}<\/script>\n<!-- \/ Yoast SEO plugin. -->","yoast_head_json":{"title":"Branko e Tain\u00e1 juntam Brasil e Portugal em releitura de cl\u00e1ssico","description":"Branko e Tain\u00e1 unem-se para uma vers\u00e3o completamente in\u00e9dita de uma das can\u00e7\u00f5es lus\u00f3fonas mais conhecidas no mundo inteiro. Saiba mais.","robots":{"index":"index","follow":"follow","max-snippet":"max-snippet:-1","max-image-preview":"max-image-preview:large","max-video-preview":"max-video-preview:-1"},"canonical":"https:\/\/beatforbeat.com.br\/site\/branko-e-taina-juntam-brasil-e-portugal-em-releitura-de-classico\/","og_locale":"pt_BR","og_type":"article","og_title":"Branko e Tain\u00e1 juntam Brasil e Portugal em releitura de cl\u00e1ssico","og_description":"Branko e Tain\u00e1 unem-se para uma vers\u00e3o completamente in\u00e9dita de uma das can\u00e7\u00f5es lus\u00f3fonas mais conhecidas no mundo inteiro. Saiba mais.","og_url":"https:\/\/beatforbeat.com.br\/site\/branko-e-taina-juntam-brasil-e-portugal-em-releitura-de-classico\/","og_site_name":"Beat for Beat","article_published_time":"2025-10-06T20:02:37+00:00","og_image":[{"width":1306,"height":870,"url":"https:\/\/beatforbeat.com.br\/site\/wp-content\/uploads\/2025\/10\/Branko-x-Taina-Drone_2.jpeg","type":"image\/jpeg"}],"author":"Carlos Vinicius","twitter_card":"summary_large_image","twitter_misc":{"Escrito por":"Carlos Vinicius","Est. tempo de leitura":"4 minutos"},"schema":{"@context":"https:\/\/schema.org","@graph":[{"@type":"Article","@id":"https:\/\/beatforbeat.com.br\/site\/branko-e-taina-juntam-brasil-e-portugal-em-releitura-de-classico\/#article","isPartOf":{"@id":"https:\/\/beatforbeat.com.br\/site\/branko-e-taina-juntam-brasil-e-portugal-em-releitura-de-classico\/"},"author":{"name":"Carlos Vinicius","@id":"https:\/\/beatforbeat.com.br\/site\/#\/schema\/person\/0c2883c2b99fc988638da784f37ffd09"},"headline":"Branko e Tain\u00e1 juntam Brasil e Portugal em releitura de cl\u00e1ssico","datePublished":"2025-10-06T20:02:37+00:00","mainEntityOfPage":{"@id":"https:\/\/beatforbeat.com.br\/site\/branko-e-taina-juntam-brasil-e-portugal-em-releitura-de-classico\/"},"wordCount":572,"publisher":{"@id":"https:\/\/beatforbeat.com.br\/site\/#organization"},"image":{"@id":"https:\/\/beatforbeat.com.br\/site\/branko-e-taina-juntam-brasil-e-portugal-em-releitura-de-classico\/#primaryimage"},"thumbnailUrl":"https:\/\/beatforbeat.com.br\/site\/wp-content\/uploads\/2025\/10\/Branko-x-Taina-Drone_2.jpeg","keywords":["Branko","N'Essa Rua","Se Essa Rua Fosse Minha","Tain\u00e1"],"articleSection":["Lan\u00e7amentos"],"inLanguage":"pt-BR"},{"@type":"WebPage","@id":"https:\/\/beatforbeat.com.br\/site\/branko-e-taina-juntam-brasil-e-portugal-em-releitura-de-classico\/","url":"https:\/\/beatforbeat.com.br\/site\/branko-e-taina-juntam-brasil-e-portugal-em-releitura-de-classico\/","name":"Branko e Tain\u00e1 juntam Brasil e Portugal em releitura de cl\u00e1ssico","isPartOf":{"@id":"https:\/\/beatforbeat.com.br\/site\/#website"},"primaryImageOfPage":{"@id":"https:\/\/beatforbeat.com.br\/site\/branko-e-taina-juntam-brasil-e-portugal-em-releitura-de-classico\/#primaryimage"},"image":{"@id":"https:\/\/beatforbeat.com.br\/site\/branko-e-taina-juntam-brasil-e-portugal-em-releitura-de-classico\/#primaryimage"},"thumbnailUrl":"https:\/\/beatforbeat.com.br\/site\/wp-content\/uploads\/2025\/10\/Branko-x-Taina-Drone_2.jpeg","datePublished":"2025-10-06T20:02:37+00:00","description":"Branko e Tain\u00e1 unem-se para uma vers\u00e3o completamente in\u00e9dita de uma das can\u00e7\u00f5es lus\u00f3fonas mais conhecidas no mundo inteiro. Saiba mais.","breadcrumb":{"@id":"https:\/\/beatforbeat.com.br\/site\/branko-e-taina-juntam-brasil-e-portugal-em-releitura-de-classico\/#breadcrumb"},"inLanguage":"pt-BR","potentialAction":[{"@type":"ReadAction","target":["https:\/\/beatforbeat.com.br\/site\/branko-e-taina-juntam-brasil-e-portugal-em-releitura-de-classico\/"]}]},{"@type":"ImageObject","inLanguage":"pt-BR","@id":"https:\/\/beatforbeat.com.br\/site\/branko-e-taina-juntam-brasil-e-portugal-em-releitura-de-classico\/#primaryimage","url":"https:\/\/beatforbeat.com.br\/site\/wp-content\/uploads\/2025\/10\/Branko-x-Taina-Drone_2.jpeg","contentUrl":"https:\/\/beatforbeat.com.br\/site\/wp-content\/uploads\/2025\/10\/Branko-x-Taina-Drone_2.jpeg","width":1306,"height":870,"caption":"default"},{"@type":"BreadcrumbList","@id":"https:\/\/beatforbeat.com.br\/site\/branko-e-taina-juntam-brasil-e-portugal-em-releitura-de-classico\/#breadcrumb","itemListElement":[{"@type":"ListItem","position":1,"name":"In\u00edcio","item":"https:\/\/beatforbeat.com.br\/site\/"},{"@type":"ListItem","position":2,"name":"Branko e Tain\u00e1 juntam Brasil e Portugal em releitura de cl\u00e1ssico"}]},{"@type":"WebSite","@id":"https:\/\/beatforbeat.com.br\/site\/#website","url":"https:\/\/beatforbeat.com.br\/site\/","name":"Beat for Beat","description":"M\u00fasica \u00e9 a Resposta","publisher":{"@id":"https:\/\/beatforbeat.com.br\/site\/#organization"},"potentialAction":[{"@type":"SearchAction","target":{"@type":"EntryPoint","urlTemplate":"https:\/\/beatforbeat.com.br\/site\/?s={search_term_string}"},"query-input":{"@type":"PropertyValueSpecification","valueRequired":true,"valueName":"search_term_string"}}],"inLanguage":"pt-BR"},{"@type":"Organization","@id":"https:\/\/beatforbeat.com.br\/site\/#organization","name":"Beat for Beat","url":"https:\/\/beatforbeat.com.br\/site\/","logo":{"@type":"ImageObject","inLanguage":"pt-BR","@id":"https:\/\/beatforbeat.com.br\/site\/#\/schema\/logo\/image\/","url":"https:\/\/beatforbeat.com.br\/site\/wp-content\/uploads\/2020\/05\/Logo-Site-600@2x.png","contentUrl":"https:\/\/beatforbeat.com.br\/site\/wp-content\/uploads\/2020\/05\/Logo-Site-600@2x.png","width":1200,"height":1200,"caption":"Beat for Beat"},"image":{"@id":"https:\/\/beatforbeat.com.br\/site\/#\/schema\/logo\/image\/"}},{"@type":"Person","@id":"https:\/\/beatforbeat.com.br\/site\/#\/schema\/person\/0c2883c2b99fc988638da784f37ffd09","name":"Carlos Vinicius","image":{"@type":"ImageObject","inLanguage":"pt-BR","@id":"https:\/\/secure.gravatar.com\/avatar\/d2aa226de78cdab6839cf75a4357b3903ae3e2559457dc24a4e885f4f3d7838f?s=96&d=mm&r=g","url":"https:\/\/secure.gravatar.com\/avatar\/d2aa226de78cdab6839cf75a4357b3903ae3e2559457dc24a4e885f4f3d7838f?s=96&d=mm&r=g","contentUrl":"https:\/\/secure.gravatar.com\/avatar\/d2aa226de78cdab6839cf75a4357b3903ae3e2559457dc24a4e885f4f3d7838f?s=96&d=mm&r=g","caption":"Carlos Vinicius"},"description":"\"Sem a m\u00fasica, a vida seria um erro\" Amante de todas as vertentes, mas especialmente de techno e funk. Superf\u00e3 Cat Dealers e R\u00fcf\u00fcs du Sol.","url":"https:\/\/beatforbeat.com.br\/site\/author\/vinicius\/"}]}},"amp_enabled":true,"_links":{"self":[{"href":"https:\/\/beatforbeat.com.br\/site\/wp-json\/wp\/v2\/posts\/54321","targetHints":{"allow":["GET"]}}],"collection":[{"href":"https:\/\/beatforbeat.com.br\/site\/wp-json\/wp\/v2\/posts"}],"about":[{"href":"https:\/\/beatforbeat.com.br\/site\/wp-json\/wp\/v2\/types\/post"}],"author":[{"embeddable":true,"href":"https:\/\/beatforbeat.com.br\/site\/wp-json\/wp\/v2\/users\/30"}],"replies":[{"embeddable":true,"href":"https:\/\/beatforbeat.com.br\/site\/wp-json\/wp\/v2\/comments?post=54321"}],"version-history":[{"count":1,"href":"https:\/\/beatforbeat.com.br\/site\/wp-json\/wp\/v2\/posts\/54321\/revisions"}],"predecessor-version":[{"id":54323,"href":"https:\/\/beatforbeat.com.br\/site\/wp-json\/wp\/v2\/posts\/54321\/revisions\/54323"}],"wp:featuredmedia":[{"embeddable":true,"href":"https:\/\/beatforbeat.com.br\/site\/wp-json\/wp\/v2\/media\/54322"}],"wp:attachment":[{"href":"https:\/\/beatforbeat.com.br\/site\/wp-json\/wp\/v2\/media?parent=54321"}],"wp:term":[{"taxonomy":"category","embeddable":true,"href":"https:\/\/beatforbeat.com.br\/site\/wp-json\/wp\/v2\/categories?post=54321"},{"taxonomy":"post_tag","embeddable":true,"href":"https:\/\/beatforbeat.com.br\/site\/wp-json\/wp\/v2\/tags?post=54321"}],"curies":[{"name":"wp","href":"https:\/\/api.w.org\/{rel}","templated":true}]}}