{"id":54974,"date":"2025-12-01T16:18:05","date_gmt":"2025-12-01T19:18:05","guid":{"rendered":"https:\/\/beatforbeat.com.br\/site\/?p=54974"},"modified":"2025-12-01T16:18:05","modified_gmt":"2025-12-01T19:18:05","slug":"tuyo-e-branko-se-juntam-novamente-em-pro-mundo-ouvir","status":"publish","type":"post","link":"https:\/\/beatforbeat.com.br\/site\/tuyo-e-branko-se-juntam-novamente-em-pro-mundo-ouvir\/","title":{"rendered":"Tuyo e Branko se juntam novamente em &#8216;Pro Mundo Ouvir&#8217;"},"content":{"rendered":"<p>Ap\u00f3s lan\u00e7arem lovesong no ano passado, a banda brasileira Tuyo e o produtor portugu\u00eas Branko est\u00e3o juntos novamente em nova faixa. Saiba mais.<\/p>\n<p><a href=\"https:\/\/beatforbeat.com.br\/site\/wp-content\/uploads\/2025\/12\/@SAANTANA.VI-42-de-164.jpg\"><img decoding=\"async\" class=\"aligncenter wp-image-54975 lazyload\" data-src=\"https:\/\/beatforbeat.com.br\/site\/wp-content\/uploads\/2025\/12\/@SAANTANA.VI-42-de-164-300x200.jpg\" alt=\"Tuyo e Branko - Pro Mundo Ouvir\" width=\"630\" height=\"420\" data-srcset=\"https:\/\/beatforbeat.com.br\/site\/wp-content\/uploads\/2025\/12\/@SAANTANA.VI-42-de-164-300x200.jpg 300w, https:\/\/beatforbeat.com.br\/site\/wp-content\/uploads\/2025\/12\/@SAANTANA.VI-42-de-164-1024x683.jpg 1024w, https:\/\/beatforbeat.com.br\/site\/wp-content\/uploads\/2025\/12\/@SAANTANA.VI-42-de-164-768x512.jpg 768w, https:\/\/beatforbeat.com.br\/site\/wp-content\/uploads\/2025\/12\/@SAANTANA.VI-42-de-164-332x221.jpg 332w, https:\/\/beatforbeat.com.br\/site\/wp-content\/uploads\/2025\/12\/@SAANTANA.VI-42-de-164-664x443.jpg 664w, https:\/\/beatforbeat.com.br\/site\/wp-content\/uploads\/2025\/12\/@SAANTANA.VI-42-de-164-688x459.jpg 688w, https:\/\/beatforbeat.com.br\/site\/wp-content\/uploads\/2025\/12\/@SAANTANA.VI-42-de-164-1044x696.jpg 1044w, https:\/\/beatforbeat.com.br\/site\/wp-content\/uploads\/2025\/12\/@SAANTANA.VI-42-de-164-1400x933.jpg 1400w, https:\/\/beatforbeat.com.br\/site\/wp-content\/uploads\/2025\/12\/@SAANTANA.VI-42-de-164.jpg 1500w\" data-sizes=\"(max-width: 630px) 100vw, 630px\" src=\"data:image\/svg+xml;base64,PHN2ZyB3aWR0aD0iMSIgaGVpZ2h0PSIxIiB4bWxucz0iaHR0cDovL3d3dy53My5vcmcvMjAwMC9zdmciPjwvc3ZnPg==\" style=\"--smush-placeholder-width: 630px; --smush-placeholder-aspect-ratio: 630\/420;\" \/><\/a><\/p>\n<p>Em 2024, a banda brasileira <strong>Tuyo<\/strong> fez uma participa\u00e7\u00e3o especial no \u00e1lbum \u201cSoma\u201d, do produtor portugu\u00eas <strong>Branko<\/strong>, na faixa &#8216;<em>Leve<\/em>&#8216;. Um ano depois, o quarteto est\u00e1 de volta com o single &#8216;<strong><em>Pro Mundo Ouvir<\/em><\/strong>&#8216;, lan\u00e7ado nesta quinta-feira (27) &#8211; uma track que mescla as letras emotivas e as vozes envolventes da Tuyo com a produ\u00e7\u00e3o caracter\u00edstica de Branko, que est\u00e1 dispon\u00edvel <a href=\"https:\/\/tuyo.lnk.to\/ProMundoOuvir\" target=\"_blank\" rel=\"noopener\">aqui.<\/a><\/p><div id=\"beatf-2290680961\" class=\"beatf-conteudo_2 beatf-entity-placement\"><script async src=\"\/\/pagead2.googlesyndication.com\/pagead\/js\/adsbygoogle.js?client=ca-pub-5262797664076819\" crossorigin=\"anonymous\"><\/script><ins class=\"adsbygoogle\" style=\"display:block; text-align:center;\" data-ad-client=\"ca-pub-5262797664076819\" \ndata-ad-slot=\"8185743757\" \ndata-ad-layout=\"in-article\"\ndata-ad-format=\"fluid\"><\/ins>\n<script> \n(adsbygoogle = window.adsbygoogle || []).push({}); \n<\/script>\n<\/div>\n<p>Em &#8216;<em>Pro Mundo Ouvir<\/em>&#8216;, Tuyo e Branko amarram a hist\u00f3ria que come\u00e7ou em &#8216;<em>Leve<\/em>&#8216;. Indo de can\u00e7\u00e3o de amor para \u201cbasicamente uma can\u00e7\u00e3o de t\u00e9rmino, de encerramento\u201d, como explica Lay, a mais nova m\u00fasica dos artistas \u00e9 uma oportunidade para explorarem dois extremos de uma narrativa, ou, como diz a compositora mais uma vez, \u201co come\u00e7o e fim de um sentimento\u201d.<\/p>\n<p>\u201cQuando est\u00e1vamos com Branko para produzir essa nova m\u00fasica, ele falou sobre como, na \u00e9poca que criamos &#8216;<em>Leve<\/em>&#8216;, eu estava vivendo um momento de amor\u201d, relata Lay Soares, acrescentando: \u201cCom isso, fui contando da minha vida para ele, e surgiu \u2018<em>Pro Mundo Ouvir<\/em>&#8216;, que \u00e9 basicamente uma can\u00e7\u00e3o de t\u00e9rmino, de encerramento\u201d.<\/p>\n<p>Afirmando que \u201cao lado do Branko, tive a chance de entender e elaborar essa faixa\u201d, a cantora e compositora explica que o novo single fala sobre tomar a decis\u00e3o certa, sem se arrepender, mas, imaginando o que a outra pessoa est\u00e1 sentindo. Com esse sentimento dram\u00e1tico, o portugu\u00eas criou a produ\u00e7\u00e3o, que se alinha perfeitamente com a energia da composi\u00e7\u00e3o.<\/p>\n<p>\u201cDepois de \u2018<em>Leve<\/em>\u2019, inclu\u00eddo no meu \u00faltimo disco \u2018Soma\u2019, quisemos voltar a sentir aquela energia de est\u00fadio\u201d, conta Branko sobre o processo de cria\u00e7\u00e3o: \u201cJuntamos ideias, sons e inten\u00e7\u00f5es numa sess\u00e3o improvisada em casa de um amigo &#8211; e o resultado \u00e9 uma faixa mais intensa, mais dan\u00e7ante e com a mesma qu\u00edmica criativa de sempre\u201d.<\/p>\n<p>Al\u00e9m do lan\u00e7amento nas plataformas digitais, &#8216;<em>Pro Mundo Ouvir<\/em>&#8216; tamb\u00e9m conta com um videoclipe exclusivo gravado em lugares emblem\u00e1ticos da cidade de S\u00e3o Paulo em um dia claro mas nublado, englobando a energia dram\u00e1tica que a faixa carrega. O v\u00eddeo est\u00e1 dispon\u00edvel neste <a href=\"https:\/\/www.youtube.com\/watch?v=Ju96LAr9iP4\" target=\"_blank\" rel=\"noopener\">link<\/a>.<\/p>\n","protected":false},"excerpt":{"rendered":"Ap\u00f3s lan\u00e7arem lovesong no ano passado, a banda brasileira Tuyo e o produtor portugu\u00eas Branko est\u00e3o juntos novamente&hellip;","protected":false},"author":30,"featured_media":54975,"comment_status":"closed","ping_status":"open","sticky":false,"template":"","format":"standard","meta":{"_monsterinsights_skip_tracking":false,"_monsterinsights_sitenote_active":false,"_monsterinsights_sitenote_note":"","_monsterinsights_sitenote_category":0,"csco_display_header_overlay":false,"csco_singular_sidebar":"","csco_page_header_type":"","csco_page_load_nextpost":"","csco_post_video_location":[],"csco_post_video_location_hash":"","csco_post_video_url":"","csco_post_video_bg_start_time":0,"csco_post_video_bg_end_time":0,"footnotes":""},"categories":[7938],"tags":[14388,24484,24483],"class_list":{"0":"post-54974","1":"post","2":"type-post","3":"status-publish","4":"format-standard","5":"has-post-thumbnail","7":"category-lancamentos","8":"tag-branko","9":"tag-pro-mundo-ouvir","10":"tag-tuyo","11":"cs-entry","12":"cs-video-wrap"},"yoast_head":"<!-- This site is optimized with the Yoast SEO plugin v27.4 - https:\/\/yoast.com\/product\/yoast-seo-wordpress\/ -->\n<title>Tuyo e Branko se juntam novamente em &#039;Pro Mundo Ouvir&#039;<\/title>\n<meta name=\"description\" content=\"Ap\u00f3s lan\u00e7arem lovesong no ano passado, a banda brasileira Tuyo e o produtor portugu\u00eas Branko est\u00e3o juntos novamente em nova faixa. Saiba mais.\" \/>\n<meta name=\"robots\" content=\"index, follow, max-snippet:-1, max-image-preview:large, max-video-preview:-1\" \/>\n<link rel=\"canonical\" href=\"https:\/\/beatforbeat.com.br\/site\/tuyo-e-branko-se-juntam-novamente-em-pro-mundo-ouvir\/\" \/>\n<meta property=\"og:locale\" content=\"pt_BR\" \/>\n<meta property=\"og:type\" content=\"article\" \/>\n<meta property=\"og:title\" content=\"Tuyo e Branko se juntam novamente em &#039;Pro Mundo Ouvir&#039;\" \/>\n<meta property=\"og:description\" content=\"Ap\u00f3s lan\u00e7arem lovesong no ano passado, a banda brasileira Tuyo e o produtor portugu\u00eas Branko est\u00e3o juntos novamente em nova faixa. Saiba mais.\" \/>\n<meta property=\"og:url\" content=\"https:\/\/beatforbeat.com.br\/site\/tuyo-e-branko-se-juntam-novamente-em-pro-mundo-ouvir\/\" \/>\n<meta property=\"og:site_name\" content=\"Beat for Beat\" \/>\n<meta property=\"article:published_time\" content=\"2025-12-01T19:18:05+00:00\" \/>\n<meta property=\"og:image\" content=\"https:\/\/beatforbeat.com.br\/site\/wp-content\/uploads\/2025\/12\/@SAANTANA.VI-42-de-164.jpg\" \/>\n\t<meta property=\"og:image:width\" content=\"1500\" \/>\n\t<meta property=\"og:image:height\" content=\"1000\" \/>\n\t<meta property=\"og:image:type\" content=\"image\/jpeg\" \/>\n<meta name=\"author\" content=\"Carlos Vinicius\" \/>\n<meta name=\"twitter:card\" content=\"summary_large_image\" \/>\n<meta name=\"twitter:label1\" content=\"Escrito por\" \/>\n\t<meta name=\"twitter:data1\" content=\"Carlos Vinicius\" \/>\n\t<meta name=\"twitter:label2\" content=\"Est. tempo de leitura\" \/>\n\t<meta name=\"twitter:data2\" content=\"3 minutos\" \/>\n<script type=\"application\/ld+json\" class=\"yoast-schema-graph\">{\"@context\":\"https:\\\/\\\/schema.org\",\"@graph\":[{\"@type\":\"Article\",\"@id\":\"https:\\\/\\\/beatforbeat.com.br\\\/site\\\/tuyo-e-branko-se-juntam-novamente-em-pro-mundo-ouvir\\\/#article\",\"isPartOf\":{\"@id\":\"https:\\\/\\\/beatforbeat.com.br\\\/site\\\/tuyo-e-branko-se-juntam-novamente-em-pro-mundo-ouvir\\\/\"},\"author\":{\"name\":\"Carlos Vinicius\",\"@id\":\"https:\\\/\\\/beatforbeat.com.br\\\/site\\\/#\\\/schema\\\/person\\\/0c2883c2b99fc988638da784f37ffd09\"},\"headline\":\"Tuyo e Branko se juntam novamente em &#8216;Pro Mundo Ouvir&#8217;\",\"datePublished\":\"2025-12-01T19:18:05+00:00\",\"mainEntityOfPage\":{\"@id\":\"https:\\\/\\\/beatforbeat.com.br\\\/site\\\/tuyo-e-branko-se-juntam-novamente-em-pro-mundo-ouvir\\\/\"},\"wordCount\":404,\"publisher\":{\"@id\":\"https:\\\/\\\/beatforbeat.com.br\\\/site\\\/#organization\"},\"image\":{\"@id\":\"https:\\\/\\\/beatforbeat.com.br\\\/site\\\/tuyo-e-branko-se-juntam-novamente-em-pro-mundo-ouvir\\\/#primaryimage\"},\"thumbnailUrl\":\"https:\\\/\\\/beatforbeat.com.br\\\/site\\\/wp-content\\\/uploads\\\/2025\\\/12\\\/@SAANTANA.VI-42-de-164.jpg\",\"keywords\":[\"Branko\",\"Pro Mundo Ouvir\",\"Tuyo\"],\"articleSection\":[\"Lan\u00e7amentos\"],\"inLanguage\":\"pt-BR\"},{\"@type\":\"WebPage\",\"@id\":\"https:\\\/\\\/beatforbeat.com.br\\\/site\\\/tuyo-e-branko-se-juntam-novamente-em-pro-mundo-ouvir\\\/\",\"url\":\"https:\\\/\\\/beatforbeat.com.br\\\/site\\\/tuyo-e-branko-se-juntam-novamente-em-pro-mundo-ouvir\\\/\",\"name\":\"Tuyo e Branko se juntam novamente em 'Pro Mundo Ouvir'\",\"isPartOf\":{\"@id\":\"https:\\\/\\\/beatforbeat.com.br\\\/site\\\/#website\"},\"primaryImageOfPage\":{\"@id\":\"https:\\\/\\\/beatforbeat.com.br\\\/site\\\/tuyo-e-branko-se-juntam-novamente-em-pro-mundo-ouvir\\\/#primaryimage\"},\"image\":{\"@id\":\"https:\\\/\\\/beatforbeat.com.br\\\/site\\\/tuyo-e-branko-se-juntam-novamente-em-pro-mundo-ouvir\\\/#primaryimage\"},\"thumbnailUrl\":\"https:\\\/\\\/beatforbeat.com.br\\\/site\\\/wp-content\\\/uploads\\\/2025\\\/12\\\/@SAANTANA.VI-42-de-164.jpg\",\"datePublished\":\"2025-12-01T19:18:05+00:00\",\"description\":\"Ap\u00f3s lan\u00e7arem lovesong no ano passado, a banda brasileira Tuyo e o produtor portugu\u00eas Branko est\u00e3o juntos novamente em nova faixa. Saiba mais.\",\"breadcrumb\":{\"@id\":\"https:\\\/\\\/beatforbeat.com.br\\\/site\\\/tuyo-e-branko-se-juntam-novamente-em-pro-mundo-ouvir\\\/#breadcrumb\"},\"inLanguage\":\"pt-BR\",\"potentialAction\":[{\"@type\":\"ReadAction\",\"target\":[\"https:\\\/\\\/beatforbeat.com.br\\\/site\\\/tuyo-e-branko-se-juntam-novamente-em-pro-mundo-ouvir\\\/\"]}]},{\"@type\":\"ImageObject\",\"inLanguage\":\"pt-BR\",\"@id\":\"https:\\\/\\\/beatforbeat.com.br\\\/site\\\/tuyo-e-branko-se-juntam-novamente-em-pro-mundo-ouvir\\\/#primaryimage\",\"url\":\"https:\\\/\\\/beatforbeat.com.br\\\/site\\\/wp-content\\\/uploads\\\/2025\\\/12\\\/@SAANTANA.VI-42-de-164.jpg\",\"contentUrl\":\"https:\\\/\\\/beatforbeat.com.br\\\/site\\\/wp-content\\\/uploads\\\/2025\\\/12\\\/@SAANTANA.VI-42-de-164.jpg\",\"width\":1500,\"height\":1000,\"caption\":\"Tuyo e Branko - Pro Mundo Ouvir\"},{\"@type\":\"BreadcrumbList\",\"@id\":\"https:\\\/\\\/beatforbeat.com.br\\\/site\\\/tuyo-e-branko-se-juntam-novamente-em-pro-mundo-ouvir\\\/#breadcrumb\",\"itemListElement\":[{\"@type\":\"ListItem\",\"position\":1,\"name\":\"In\u00edcio\",\"item\":\"https:\\\/\\\/beatforbeat.com.br\\\/site\\\/\"},{\"@type\":\"ListItem\",\"position\":2,\"name\":\"Tuyo e Branko se juntam novamente em &#8216;Pro Mundo Ouvir&#8217;\"}]},{\"@type\":\"WebSite\",\"@id\":\"https:\\\/\\\/beatforbeat.com.br\\\/site\\\/#website\",\"url\":\"https:\\\/\\\/beatforbeat.com.br\\\/site\\\/\",\"name\":\"Beat for Beat\",\"description\":\"M\u00fasica \u00e9 a Resposta\",\"publisher\":{\"@id\":\"https:\\\/\\\/beatforbeat.com.br\\\/site\\\/#organization\"},\"potentialAction\":[{\"@type\":\"SearchAction\",\"target\":{\"@type\":\"EntryPoint\",\"urlTemplate\":\"https:\\\/\\\/beatforbeat.com.br\\\/site\\\/?s={search_term_string}\"},\"query-input\":{\"@type\":\"PropertyValueSpecification\",\"valueRequired\":true,\"valueName\":\"search_term_string\"}}],\"inLanguage\":\"pt-BR\"},{\"@type\":\"Organization\",\"@id\":\"https:\\\/\\\/beatforbeat.com.br\\\/site\\\/#organization\",\"name\":\"Beat for Beat\",\"url\":\"https:\\\/\\\/beatforbeat.com.br\\\/site\\\/\",\"logo\":{\"@type\":\"ImageObject\",\"inLanguage\":\"pt-BR\",\"@id\":\"https:\\\/\\\/beatforbeat.com.br\\\/site\\\/#\\\/schema\\\/logo\\\/image\\\/\",\"url\":\"https:\\\/\\\/beatforbeat.com.br\\\/site\\\/wp-content\\\/uploads\\\/2020\\\/05\\\/Logo-Site-600@2x.png\",\"contentUrl\":\"https:\\\/\\\/beatforbeat.com.br\\\/site\\\/wp-content\\\/uploads\\\/2020\\\/05\\\/Logo-Site-600@2x.png\",\"width\":1200,\"height\":1200,\"caption\":\"Beat for Beat\"},\"image\":{\"@id\":\"https:\\\/\\\/beatforbeat.com.br\\\/site\\\/#\\\/schema\\\/logo\\\/image\\\/\"}},{\"@type\":\"Person\",\"@id\":\"https:\\\/\\\/beatforbeat.com.br\\\/site\\\/#\\\/schema\\\/person\\\/0c2883c2b99fc988638da784f37ffd09\",\"name\":\"Carlos Vinicius\",\"image\":{\"@type\":\"ImageObject\",\"inLanguage\":\"pt-BR\",\"@id\":\"https:\\\/\\\/secure.gravatar.com\\\/avatar\\\/d2aa226de78cdab6839cf75a4357b3903ae3e2559457dc24a4e885f4f3d7838f?s=96&d=mm&r=g\",\"url\":\"https:\\\/\\\/secure.gravatar.com\\\/avatar\\\/d2aa226de78cdab6839cf75a4357b3903ae3e2559457dc24a4e885f4f3d7838f?s=96&d=mm&r=g\",\"contentUrl\":\"https:\\\/\\\/secure.gravatar.com\\\/avatar\\\/d2aa226de78cdab6839cf75a4357b3903ae3e2559457dc24a4e885f4f3d7838f?s=96&d=mm&r=g\",\"caption\":\"Carlos Vinicius\"},\"description\":\"\\\"Sem a m\u00fasica, a vida seria um erro\\\" Amante de todas as vertentes, mas especialmente de techno e funk. Superf\u00e3 Cat Dealers e R\u00fcf\u00fcs du Sol.\",\"url\":\"https:\\\/\\\/beatforbeat.com.br\\\/site\\\/author\\\/vinicius\\\/\"}]}<\/script>\n<!-- \/ Yoast SEO plugin. -->","yoast_head_json":{"title":"Tuyo e Branko se juntam novamente em 'Pro Mundo Ouvir'","description":"Ap\u00f3s lan\u00e7arem lovesong no ano passado, a banda brasileira Tuyo e o produtor portugu\u00eas Branko est\u00e3o juntos novamente em nova faixa. Saiba mais.","robots":{"index":"index","follow":"follow","max-snippet":"max-snippet:-1","max-image-preview":"max-image-preview:large","max-video-preview":"max-video-preview:-1"},"canonical":"https:\/\/beatforbeat.com.br\/site\/tuyo-e-branko-se-juntam-novamente-em-pro-mundo-ouvir\/","og_locale":"pt_BR","og_type":"article","og_title":"Tuyo e Branko se juntam novamente em 'Pro Mundo Ouvir'","og_description":"Ap\u00f3s lan\u00e7arem lovesong no ano passado, a banda brasileira Tuyo e o produtor portugu\u00eas Branko est\u00e3o juntos novamente em nova faixa. Saiba mais.","og_url":"https:\/\/beatforbeat.com.br\/site\/tuyo-e-branko-se-juntam-novamente-em-pro-mundo-ouvir\/","og_site_name":"Beat for Beat","article_published_time":"2025-12-01T19:18:05+00:00","og_image":[{"width":1500,"height":1000,"url":"https:\/\/beatforbeat.com.br\/site\/wp-content\/uploads\/2025\/12\/@SAANTANA.VI-42-de-164.jpg","type":"image\/jpeg"}],"author":"Carlos Vinicius","twitter_card":"summary_large_image","twitter_misc":{"Escrito por":"Carlos Vinicius","Est. tempo de leitura":"3 minutos"},"schema":{"@context":"https:\/\/schema.org","@graph":[{"@type":"Article","@id":"https:\/\/beatforbeat.com.br\/site\/tuyo-e-branko-se-juntam-novamente-em-pro-mundo-ouvir\/#article","isPartOf":{"@id":"https:\/\/beatforbeat.com.br\/site\/tuyo-e-branko-se-juntam-novamente-em-pro-mundo-ouvir\/"},"author":{"name":"Carlos Vinicius","@id":"https:\/\/beatforbeat.com.br\/site\/#\/schema\/person\/0c2883c2b99fc988638da784f37ffd09"},"headline":"Tuyo e Branko se juntam novamente em &#8216;Pro Mundo Ouvir&#8217;","datePublished":"2025-12-01T19:18:05+00:00","mainEntityOfPage":{"@id":"https:\/\/beatforbeat.com.br\/site\/tuyo-e-branko-se-juntam-novamente-em-pro-mundo-ouvir\/"},"wordCount":404,"publisher":{"@id":"https:\/\/beatforbeat.com.br\/site\/#organization"},"image":{"@id":"https:\/\/beatforbeat.com.br\/site\/tuyo-e-branko-se-juntam-novamente-em-pro-mundo-ouvir\/#primaryimage"},"thumbnailUrl":"https:\/\/beatforbeat.com.br\/site\/wp-content\/uploads\/2025\/12\/@SAANTANA.VI-42-de-164.jpg","keywords":["Branko","Pro Mundo Ouvir","Tuyo"],"articleSection":["Lan\u00e7amentos"],"inLanguage":"pt-BR"},{"@type":"WebPage","@id":"https:\/\/beatforbeat.com.br\/site\/tuyo-e-branko-se-juntam-novamente-em-pro-mundo-ouvir\/","url":"https:\/\/beatforbeat.com.br\/site\/tuyo-e-branko-se-juntam-novamente-em-pro-mundo-ouvir\/","name":"Tuyo e Branko se juntam novamente em 'Pro Mundo Ouvir'","isPartOf":{"@id":"https:\/\/beatforbeat.com.br\/site\/#website"},"primaryImageOfPage":{"@id":"https:\/\/beatforbeat.com.br\/site\/tuyo-e-branko-se-juntam-novamente-em-pro-mundo-ouvir\/#primaryimage"},"image":{"@id":"https:\/\/beatforbeat.com.br\/site\/tuyo-e-branko-se-juntam-novamente-em-pro-mundo-ouvir\/#primaryimage"},"thumbnailUrl":"https:\/\/beatforbeat.com.br\/site\/wp-content\/uploads\/2025\/12\/@SAANTANA.VI-42-de-164.jpg","datePublished":"2025-12-01T19:18:05+00:00","description":"Ap\u00f3s lan\u00e7arem lovesong no ano passado, a banda brasileira Tuyo e o produtor portugu\u00eas Branko est\u00e3o juntos novamente em nova faixa. Saiba mais.","breadcrumb":{"@id":"https:\/\/beatforbeat.com.br\/site\/tuyo-e-branko-se-juntam-novamente-em-pro-mundo-ouvir\/#breadcrumb"},"inLanguage":"pt-BR","potentialAction":[{"@type":"ReadAction","target":["https:\/\/beatforbeat.com.br\/site\/tuyo-e-branko-se-juntam-novamente-em-pro-mundo-ouvir\/"]}]},{"@type":"ImageObject","inLanguage":"pt-BR","@id":"https:\/\/beatforbeat.com.br\/site\/tuyo-e-branko-se-juntam-novamente-em-pro-mundo-ouvir\/#primaryimage","url":"https:\/\/beatforbeat.com.br\/site\/wp-content\/uploads\/2025\/12\/@SAANTANA.VI-42-de-164.jpg","contentUrl":"https:\/\/beatforbeat.com.br\/site\/wp-content\/uploads\/2025\/12\/@SAANTANA.VI-42-de-164.jpg","width":1500,"height":1000,"caption":"Tuyo e Branko - Pro Mundo Ouvir"},{"@type":"BreadcrumbList","@id":"https:\/\/beatforbeat.com.br\/site\/tuyo-e-branko-se-juntam-novamente-em-pro-mundo-ouvir\/#breadcrumb","itemListElement":[{"@type":"ListItem","position":1,"name":"In\u00edcio","item":"https:\/\/beatforbeat.com.br\/site\/"},{"@type":"ListItem","position":2,"name":"Tuyo e Branko se juntam novamente em &#8216;Pro Mundo Ouvir&#8217;"}]},{"@type":"WebSite","@id":"https:\/\/beatforbeat.com.br\/site\/#website","url":"https:\/\/beatforbeat.com.br\/site\/","name":"Beat for Beat","description":"M\u00fasica \u00e9 a Resposta","publisher":{"@id":"https:\/\/beatforbeat.com.br\/site\/#organization"},"potentialAction":[{"@type":"SearchAction","target":{"@type":"EntryPoint","urlTemplate":"https:\/\/beatforbeat.com.br\/site\/?s={search_term_string}"},"query-input":{"@type":"PropertyValueSpecification","valueRequired":true,"valueName":"search_term_string"}}],"inLanguage":"pt-BR"},{"@type":"Organization","@id":"https:\/\/beatforbeat.com.br\/site\/#organization","name":"Beat for Beat","url":"https:\/\/beatforbeat.com.br\/site\/","logo":{"@type":"ImageObject","inLanguage":"pt-BR","@id":"https:\/\/beatforbeat.com.br\/site\/#\/schema\/logo\/image\/","url":"https:\/\/beatforbeat.com.br\/site\/wp-content\/uploads\/2020\/05\/Logo-Site-600@2x.png","contentUrl":"https:\/\/beatforbeat.com.br\/site\/wp-content\/uploads\/2020\/05\/Logo-Site-600@2x.png","width":1200,"height":1200,"caption":"Beat for Beat"},"image":{"@id":"https:\/\/beatforbeat.com.br\/site\/#\/schema\/logo\/image\/"}},{"@type":"Person","@id":"https:\/\/beatforbeat.com.br\/site\/#\/schema\/person\/0c2883c2b99fc988638da784f37ffd09","name":"Carlos Vinicius","image":{"@type":"ImageObject","inLanguage":"pt-BR","@id":"https:\/\/secure.gravatar.com\/avatar\/d2aa226de78cdab6839cf75a4357b3903ae3e2559457dc24a4e885f4f3d7838f?s=96&d=mm&r=g","url":"https:\/\/secure.gravatar.com\/avatar\/d2aa226de78cdab6839cf75a4357b3903ae3e2559457dc24a4e885f4f3d7838f?s=96&d=mm&r=g","contentUrl":"https:\/\/secure.gravatar.com\/avatar\/d2aa226de78cdab6839cf75a4357b3903ae3e2559457dc24a4e885f4f3d7838f?s=96&d=mm&r=g","caption":"Carlos Vinicius"},"description":"\"Sem a m\u00fasica, a vida seria um erro\" Amante de todas as vertentes, mas especialmente de techno e funk. Superf\u00e3 Cat Dealers e R\u00fcf\u00fcs du Sol.","url":"https:\/\/beatforbeat.com.br\/site\/author\/vinicius\/"}]}},"amp_enabled":true,"_links":{"self":[{"href":"https:\/\/beatforbeat.com.br\/site\/wp-json\/wp\/v2\/posts\/54974","targetHints":{"allow":["GET"]}}],"collection":[{"href":"https:\/\/beatforbeat.com.br\/site\/wp-json\/wp\/v2\/posts"}],"about":[{"href":"https:\/\/beatforbeat.com.br\/site\/wp-json\/wp\/v2\/types\/post"}],"author":[{"embeddable":true,"href":"https:\/\/beatforbeat.com.br\/site\/wp-json\/wp\/v2\/users\/30"}],"replies":[{"embeddable":true,"href":"https:\/\/beatforbeat.com.br\/site\/wp-json\/wp\/v2\/comments?post=54974"}],"version-history":[{"count":1,"href":"https:\/\/beatforbeat.com.br\/site\/wp-json\/wp\/v2\/posts\/54974\/revisions"}],"predecessor-version":[{"id":54976,"href":"https:\/\/beatforbeat.com.br\/site\/wp-json\/wp\/v2\/posts\/54974\/revisions\/54976"}],"wp:featuredmedia":[{"embeddable":true,"href":"https:\/\/beatforbeat.com.br\/site\/wp-json\/wp\/v2\/media\/54975"}],"wp:attachment":[{"href":"https:\/\/beatforbeat.com.br\/site\/wp-json\/wp\/v2\/media?parent=54974"}],"wp:term":[{"taxonomy":"category","embeddable":true,"href":"https:\/\/beatforbeat.com.br\/site\/wp-json\/wp\/v2\/categories?post=54974"},{"taxonomy":"post_tag","embeddable":true,"href":"https:\/\/beatforbeat.com.br\/site\/wp-json\/wp\/v2\/tags?post=54974"}],"curies":[{"name":"wp","href":"https:\/\/api.w.org\/{rel}","templated":true}]}}