{"id":56899,"date":"2026-04-27T10:04:39","date_gmt":"2026-04-27T13:04:39","guid":{"rendered":"https:\/\/beatforbeat.com.br\/site\/?p=56899"},"modified":"2026-04-27T10:04:39","modified_gmt":"2026-04-27T13:04:39","slug":"will-konitzer-lanca-a-nova-faixa-take-me-back-pela-soniquarium","status":"publish","type":"post","link":"https:\/\/beatforbeat.com.br\/site\/will-konitzer-lanca-a-nova-faixa-take-me-back-pela-soniquarium\/","title":{"rendered":"Will Konitzer lan\u00e7a a nova faixa \u2018Take Me Back\u2019 pela Soniquarium"},"content":{"rendered":"<p>Energia envolvente, groove direto e uma sensa\u00e7\u00e3o de nostalgia em movimento atravessam \u2018Take Me Back\u2019, de Will Konitzer. Escute agora.<\/p>\n<p><a href=\"https:\/\/beatforbeat.com.br\/site\/wp-content\/uploads\/2026\/04\/Will-Konitzer-Take-Me-Back.jpg\"><img decoding=\"async\" class=\"aligncenter wp-image-56901 lazyload\" data-src=\"https:\/\/beatforbeat.com.br\/site\/wp-content\/uploads\/2026\/04\/Will-Konitzer-Take-Me-Back-300x300.jpg\" alt=\"Will Konitzer - Take Me Back\" width=\"630\" height=\"630\" data-srcset=\"https:\/\/beatforbeat.com.br\/site\/wp-content\/uploads\/2026\/04\/Will-Konitzer-Take-Me-Back-300x300.jpg 300w, https:\/\/beatforbeat.com.br\/site\/wp-content\/uploads\/2026\/04\/Will-Konitzer-Take-Me-Back-150x150.jpg 150w, https:\/\/beatforbeat.com.br\/site\/wp-content\/uploads\/2026\/04\/Will-Konitzer-Take-Me-Back-72x72.jpg 72w, https:\/\/beatforbeat.com.br\/site\/wp-content\/uploads\/2026\/04\/Will-Konitzer-Take-Me-Back-144x144.jpg 144w, https:\/\/beatforbeat.com.br\/site\/wp-content\/uploads\/2026\/04\/Will-Konitzer-Take-Me-Back-332x332.jpg 332w, https:\/\/beatforbeat.com.br\/site\/wp-content\/uploads\/2026\/04\/Will-Konitzer-Take-Me-Back.jpg 640w\" data-sizes=\"(max-width: 630px) 100vw, 630px\" src=\"data:image\/svg+xml;base64,PHN2ZyB3aWR0aD0iMSIgaGVpZ2h0PSIxIiB4bWxucz0iaHR0cDovL3d3dy53My5vcmcvMjAwMC9zdmciPjwvc3ZnPg==\" style=\"--smush-placeholder-width: 630px; --smush-placeholder-aspect-ratio: 630\/630;\" \/><\/a><\/p>\n<p>Mesmo com poucas informa\u00e7\u00f5es amplamente documentadas sobre o lan\u00e7amento, \u2018<em><strong>Take Me Back<\/strong><\/em>\u2019, de <strong>Will Konitzer<\/strong> se encaixa dentro de uma proposta clara: criar uma faixa que conecta mem\u00f3ria e pista de forma imediata. O t\u00edtulo j\u00e1 sugere esse retorno emocional, e a constru\u00e7\u00e3o acompanha essa ideia ao conduzir o ouvinte por um fluxo cont\u00ednuo, onde sensa\u00e7\u00e3o e ritmo caminham juntos. Em \u2018<em>Take Me Back<\/em>\u2019, a experi\u00eancia n\u00e3o est\u00e1 em grandes rupturas, mas na forma como a m\u00fasica se sustenta e evolui, mantendo a conex\u00e3o ativa do in\u00edcio ao fim. Voc\u00ea pode ouvir a m\u00fasica clicando <a href=\"https:\/\/open.spotify.com\/track\/1uV5teNIkdsPRqQUfUuoqA\" target=\"_blank\" rel=\"noopener\">aqui<\/a>.<\/p><div id=\"beatf-2626508732\" class=\"beatf-conteudo_2 beatf-entity-placement\"><script async src=\"\/\/pagead2.googlesyndication.com\/pagead\/js\/adsbygoogle.js?client=ca-pub-5262797664076819\" crossorigin=\"anonymous\"><\/script><ins class=\"adsbygoogle\" style=\"display:block; text-align:center;\" data-ad-client=\"ca-pub-5262797664076819\" \ndata-ad-slot=\"8185743757\" \ndata-ad-layout=\"in-article\"\ndata-ad-format=\"fluid\"><\/ins>\n<script> \n(adsbygoogle = window.adsbygoogle || []).push({}); \n<\/script>\n<\/div>\n<p>A constru\u00e7\u00e3o se apoia em um groove firme e pulsante, que estabelece o movimento com naturalidade enquanto camadas sonoras entram de forma progressiva. Elementos mel\u00f3dicos surgem com car\u00e1ter nost\u00e1lgico, criando pontos de identifica\u00e7\u00e3o ao longo da faixa, enquanto varia\u00e7\u00f5es sutis mant\u00eam a energia sempre viva. H\u00e1 uma sensa\u00e7\u00e3o constante de deslocamento, como se a m\u00fasica estivesse sempre avan\u00e7ando, mas sem perder o equil\u00edbrio entre intensidade e leveza.<\/p>\n<p>\u2018<em>Take Me Back<\/em>\u2019 se estabelece como mem\u00f3ria em fluxo. Uma faixa que conecta passado e presente dentro da pista.<\/p>\n<p>Escute:<\/p>\n<p><iframe title=\"Spotify Embed: Take Me Back\" style=\"border-radius: 12px\" width=\"100%\" height=\"152\" frameborder=\"0\" allowfullscreen allow=\"autoplay; clipboard-write; encrypted-media; fullscreen; picture-in-picture\" data-src=\"https:\/\/open.spotify.com\/embed\/track\/1uV5teNIkdsPRqQUfUuoqA?utm_source=oembed\" src=\"data:image\/svg+xml;base64,PHN2ZyB3aWR0aD0iMSIgaGVpZ2h0PSIxIiB4bWxucz0iaHR0cDovL3d3dy53My5vcmcvMjAwMC9zdmciPjwvc3ZnPg==\" class=\"lazyload\" data-load-mode=\"1\"><\/iframe><\/p>\n","protected":false},"excerpt":{"rendered":"Energia envolvente, groove direto e uma sensa\u00e7\u00e3o de nostalgia em movimento atravessam \u2018Take Me Back\u2019, de Will Konitzer.&hellip;","protected":false},"author":30,"featured_media":56901,"comment_status":"closed","ping_status":"open","sticky":false,"template":"","format":"standard","meta":{"_monsterinsights_skip_tracking":false,"_monsterinsights_sitenote_active":false,"_monsterinsights_sitenote_note":"","_monsterinsights_sitenote_category":0,"csco_display_header_overlay":false,"csco_singular_sidebar":"","csco_page_header_type":"","csco_page_load_nextpost":"","csco_post_video_location":[],"csco_post_video_location_hash":"","csco_post_video_url":"","csco_post_video_bg_start_time":0,"csco_post_video_bg_end_time":0,"footnotes":""},"categories":[7938],"tags":[25398,25397],"class_list":{"0":"post-56899","1":"post","2":"type-post","3":"status-publish","4":"format-standard","5":"has-post-thumbnail","7":"category-lancamentos","8":"tag-take-me-back","9":"tag-will-konitzer","10":"cs-entry","11":"cs-video-wrap"},"yoast_head":"<!-- This site is optimized with the Yoast SEO plugin v27.4 - https:\/\/yoast.com\/product\/yoast-seo-wordpress\/ -->\n<title>Will Konitzer lan\u00e7a a nova faixa \u2018Take Me Back\u2019 pela Soniquarium<\/title>\n<meta name=\"description\" content=\"Energia envolvente, groove direto e uma sensa\u00e7\u00e3o de nostalgia em movimento atravessam \u2018Take Me Back\u2019, de Will Konitzer. Escute agora.\" \/>\n<meta name=\"robots\" content=\"index, follow, max-snippet:-1, max-image-preview:large, max-video-preview:-1\" \/>\n<link rel=\"canonical\" href=\"https:\/\/beatforbeat.com.br\/site\/will-konitzer-lanca-a-nova-faixa-take-me-back-pela-soniquarium\/\" \/>\n<meta property=\"og:locale\" content=\"pt_BR\" \/>\n<meta property=\"og:type\" content=\"article\" \/>\n<meta property=\"og:title\" content=\"Will Konitzer lan\u00e7a a nova faixa \u2018Take Me Back\u2019 pela Soniquarium\" \/>\n<meta property=\"og:description\" content=\"Energia envolvente, groove direto e uma sensa\u00e7\u00e3o de nostalgia em movimento atravessam \u2018Take Me Back\u2019, de Will Konitzer. Escute agora.\" \/>\n<meta property=\"og:url\" content=\"https:\/\/beatforbeat.com.br\/site\/will-konitzer-lanca-a-nova-faixa-take-me-back-pela-soniquarium\/\" \/>\n<meta property=\"og:site_name\" content=\"Beat for Beat\" \/>\n<meta property=\"article:published_time\" content=\"2026-04-27T13:04:39+00:00\" \/>\n<meta property=\"og:image\" content=\"https:\/\/beatforbeat.com.br\/site\/wp-content\/uploads\/2026\/04\/Will-Konitzer-Take-Me-Back.jpg\" \/>\n\t<meta property=\"og:image:width\" content=\"640\" \/>\n\t<meta property=\"og:image:height\" content=\"640\" \/>\n\t<meta property=\"og:image:type\" content=\"image\/jpeg\" \/>\n<meta name=\"author\" content=\"Carlos Vinicius\" \/>\n<meta name=\"twitter:card\" content=\"summary_large_image\" \/>\n<meta name=\"twitter:label1\" content=\"Escrito por\" \/>\n\t<meta name=\"twitter:data1\" content=\"Carlos Vinicius\" \/>\n\t<meta name=\"twitter:label2\" content=\"Est. tempo de leitura\" \/>\n\t<meta name=\"twitter:data2\" content=\"2 minutos\" \/>\n<script type=\"application\/ld+json\" class=\"yoast-schema-graph\">{\"@context\":\"https:\\\/\\\/schema.org\",\"@graph\":[{\"@type\":\"Article\",\"@id\":\"https:\\\/\\\/beatforbeat.com.br\\\/site\\\/will-konitzer-lanca-a-nova-faixa-take-me-back-pela-soniquarium\\\/#article\",\"isPartOf\":{\"@id\":\"https:\\\/\\\/beatforbeat.com.br\\\/site\\\/will-konitzer-lanca-a-nova-faixa-take-me-back-pela-soniquarium\\\/\"},\"author\":{\"name\":\"Carlos Vinicius\",\"@id\":\"https:\\\/\\\/beatforbeat.com.br\\\/site\\\/#\\\/schema\\\/person\\\/0c2883c2b99fc988638da784f37ffd09\"},\"headline\":\"Will Konitzer lan\u00e7a a nova faixa \u2018Take Me Back\u2019 pela Soniquarium\",\"datePublished\":\"2026-04-27T13:04:39+00:00\",\"mainEntityOfPage\":{\"@id\":\"https:\\\/\\\/beatforbeat.com.br\\\/site\\\/will-konitzer-lanca-a-nova-faixa-take-me-back-pela-soniquarium\\\/\"},\"wordCount\":248,\"publisher\":{\"@id\":\"https:\\\/\\\/beatforbeat.com.br\\\/site\\\/#organization\"},\"image\":{\"@id\":\"https:\\\/\\\/beatforbeat.com.br\\\/site\\\/will-konitzer-lanca-a-nova-faixa-take-me-back-pela-soniquarium\\\/#primaryimage\"},\"thumbnailUrl\":\"https:\\\/\\\/beatforbeat.com.br\\\/site\\\/wp-content\\\/uploads\\\/2026\\\/04\\\/Will-Konitzer-Take-Me-Back.jpg\",\"keywords\":[\"Take Me Back\",\"Will Konitzer\"],\"articleSection\":[\"Lan\u00e7amentos\"],\"inLanguage\":\"pt-BR\"},{\"@type\":\"WebPage\",\"@id\":\"https:\\\/\\\/beatforbeat.com.br\\\/site\\\/will-konitzer-lanca-a-nova-faixa-take-me-back-pela-soniquarium\\\/\",\"url\":\"https:\\\/\\\/beatforbeat.com.br\\\/site\\\/will-konitzer-lanca-a-nova-faixa-take-me-back-pela-soniquarium\\\/\",\"name\":\"Will Konitzer lan\u00e7a a nova faixa \u2018Take Me Back\u2019 pela Soniquarium\",\"isPartOf\":{\"@id\":\"https:\\\/\\\/beatforbeat.com.br\\\/site\\\/#website\"},\"primaryImageOfPage\":{\"@id\":\"https:\\\/\\\/beatforbeat.com.br\\\/site\\\/will-konitzer-lanca-a-nova-faixa-take-me-back-pela-soniquarium\\\/#primaryimage\"},\"image\":{\"@id\":\"https:\\\/\\\/beatforbeat.com.br\\\/site\\\/will-konitzer-lanca-a-nova-faixa-take-me-back-pela-soniquarium\\\/#primaryimage\"},\"thumbnailUrl\":\"https:\\\/\\\/beatforbeat.com.br\\\/site\\\/wp-content\\\/uploads\\\/2026\\\/04\\\/Will-Konitzer-Take-Me-Back.jpg\",\"datePublished\":\"2026-04-27T13:04:39+00:00\",\"description\":\"Energia envolvente, groove direto e uma sensa\u00e7\u00e3o de nostalgia em movimento atravessam \u2018Take Me Back\u2019, de Will Konitzer. Escute agora.\",\"breadcrumb\":{\"@id\":\"https:\\\/\\\/beatforbeat.com.br\\\/site\\\/will-konitzer-lanca-a-nova-faixa-take-me-back-pela-soniquarium\\\/#breadcrumb\"},\"inLanguage\":\"pt-BR\",\"potentialAction\":[{\"@type\":\"ReadAction\",\"target\":[\"https:\\\/\\\/beatforbeat.com.br\\\/site\\\/will-konitzer-lanca-a-nova-faixa-take-me-back-pela-soniquarium\\\/\"]}]},{\"@type\":\"ImageObject\",\"inLanguage\":\"pt-BR\",\"@id\":\"https:\\\/\\\/beatforbeat.com.br\\\/site\\\/will-konitzer-lanca-a-nova-faixa-take-me-back-pela-soniquarium\\\/#primaryimage\",\"url\":\"https:\\\/\\\/beatforbeat.com.br\\\/site\\\/wp-content\\\/uploads\\\/2026\\\/04\\\/Will-Konitzer-Take-Me-Back.jpg\",\"contentUrl\":\"https:\\\/\\\/beatforbeat.com.br\\\/site\\\/wp-content\\\/uploads\\\/2026\\\/04\\\/Will-Konitzer-Take-Me-Back.jpg\",\"width\":640,\"height\":640,\"caption\":\"Will Konitzer - Take Me Back\"},{\"@type\":\"BreadcrumbList\",\"@id\":\"https:\\\/\\\/beatforbeat.com.br\\\/site\\\/will-konitzer-lanca-a-nova-faixa-take-me-back-pela-soniquarium\\\/#breadcrumb\",\"itemListElement\":[{\"@type\":\"ListItem\",\"position\":1,\"name\":\"In\u00edcio\",\"item\":\"https:\\\/\\\/beatforbeat.com.br\\\/site\\\/\"},{\"@type\":\"ListItem\",\"position\":2,\"name\":\"Will Konitzer lan\u00e7a a nova faixa \u2018Take Me Back\u2019 pela Soniquarium\"}]},{\"@type\":\"WebSite\",\"@id\":\"https:\\\/\\\/beatforbeat.com.br\\\/site\\\/#website\",\"url\":\"https:\\\/\\\/beatforbeat.com.br\\\/site\\\/\",\"name\":\"Beat for Beat\",\"description\":\"M\u00fasica \u00e9 a Resposta\",\"publisher\":{\"@id\":\"https:\\\/\\\/beatforbeat.com.br\\\/site\\\/#organization\"},\"potentialAction\":[{\"@type\":\"SearchAction\",\"target\":{\"@type\":\"EntryPoint\",\"urlTemplate\":\"https:\\\/\\\/beatforbeat.com.br\\\/site\\\/?s={search_term_string}\"},\"query-input\":{\"@type\":\"PropertyValueSpecification\",\"valueRequired\":true,\"valueName\":\"search_term_string\"}}],\"inLanguage\":\"pt-BR\"},{\"@type\":\"Organization\",\"@id\":\"https:\\\/\\\/beatforbeat.com.br\\\/site\\\/#organization\",\"name\":\"Beat for Beat\",\"url\":\"https:\\\/\\\/beatforbeat.com.br\\\/site\\\/\",\"logo\":{\"@type\":\"ImageObject\",\"inLanguage\":\"pt-BR\",\"@id\":\"https:\\\/\\\/beatforbeat.com.br\\\/site\\\/#\\\/schema\\\/logo\\\/image\\\/\",\"url\":\"https:\\\/\\\/beatforbeat.com.br\\\/site\\\/wp-content\\\/uploads\\\/2020\\\/05\\\/Logo-Site-600@2x.png\",\"contentUrl\":\"https:\\\/\\\/beatforbeat.com.br\\\/site\\\/wp-content\\\/uploads\\\/2020\\\/05\\\/Logo-Site-600@2x.png\",\"width\":1200,\"height\":1200,\"caption\":\"Beat for Beat\"},\"image\":{\"@id\":\"https:\\\/\\\/beatforbeat.com.br\\\/site\\\/#\\\/schema\\\/logo\\\/image\\\/\"}},{\"@type\":\"Person\",\"@id\":\"https:\\\/\\\/beatforbeat.com.br\\\/site\\\/#\\\/schema\\\/person\\\/0c2883c2b99fc988638da784f37ffd09\",\"name\":\"Carlos Vinicius\",\"image\":{\"@type\":\"ImageObject\",\"inLanguage\":\"pt-BR\",\"@id\":\"https:\\\/\\\/secure.gravatar.com\\\/avatar\\\/d2aa226de78cdab6839cf75a4357b3903ae3e2559457dc24a4e885f4f3d7838f?s=96&d=mm&r=g\",\"url\":\"https:\\\/\\\/secure.gravatar.com\\\/avatar\\\/d2aa226de78cdab6839cf75a4357b3903ae3e2559457dc24a4e885f4f3d7838f?s=96&d=mm&r=g\",\"contentUrl\":\"https:\\\/\\\/secure.gravatar.com\\\/avatar\\\/d2aa226de78cdab6839cf75a4357b3903ae3e2559457dc24a4e885f4f3d7838f?s=96&d=mm&r=g\",\"caption\":\"Carlos Vinicius\"},\"description\":\"\\\"Sem a m\u00fasica, a vida seria um erro\\\" Amante de todas as vertentes, mas especialmente de techno e funk. Superf\u00e3 Cat Dealers e R\u00fcf\u00fcs du Sol.\",\"url\":\"https:\\\/\\\/beatforbeat.com.br\\\/site\\\/author\\\/vinicius\\\/\"}]}<\/script>\n<!-- \/ Yoast SEO plugin. -->","yoast_head_json":{"title":"Will Konitzer lan\u00e7a a nova faixa \u2018Take Me Back\u2019 pela Soniquarium","description":"Energia envolvente, groove direto e uma sensa\u00e7\u00e3o de nostalgia em movimento atravessam \u2018Take Me Back\u2019, de Will Konitzer. Escute agora.","robots":{"index":"index","follow":"follow","max-snippet":"max-snippet:-1","max-image-preview":"max-image-preview:large","max-video-preview":"max-video-preview:-1"},"canonical":"https:\/\/beatforbeat.com.br\/site\/will-konitzer-lanca-a-nova-faixa-take-me-back-pela-soniquarium\/","og_locale":"pt_BR","og_type":"article","og_title":"Will Konitzer lan\u00e7a a nova faixa \u2018Take Me Back\u2019 pela Soniquarium","og_description":"Energia envolvente, groove direto e uma sensa\u00e7\u00e3o de nostalgia em movimento atravessam \u2018Take Me Back\u2019, de Will Konitzer. Escute agora.","og_url":"https:\/\/beatforbeat.com.br\/site\/will-konitzer-lanca-a-nova-faixa-take-me-back-pela-soniquarium\/","og_site_name":"Beat for Beat","article_published_time":"2026-04-27T13:04:39+00:00","og_image":[{"width":640,"height":640,"url":"https:\/\/beatforbeat.com.br\/site\/wp-content\/uploads\/2026\/04\/Will-Konitzer-Take-Me-Back.jpg","type":"image\/jpeg"}],"author":"Carlos Vinicius","twitter_card":"summary_large_image","twitter_misc":{"Escrito por":"Carlos Vinicius","Est. tempo de leitura":"2 minutos"},"schema":{"@context":"https:\/\/schema.org","@graph":[{"@type":"Article","@id":"https:\/\/beatforbeat.com.br\/site\/will-konitzer-lanca-a-nova-faixa-take-me-back-pela-soniquarium\/#article","isPartOf":{"@id":"https:\/\/beatforbeat.com.br\/site\/will-konitzer-lanca-a-nova-faixa-take-me-back-pela-soniquarium\/"},"author":{"name":"Carlos Vinicius","@id":"https:\/\/beatforbeat.com.br\/site\/#\/schema\/person\/0c2883c2b99fc988638da784f37ffd09"},"headline":"Will Konitzer lan\u00e7a a nova faixa \u2018Take Me Back\u2019 pela Soniquarium","datePublished":"2026-04-27T13:04:39+00:00","mainEntityOfPage":{"@id":"https:\/\/beatforbeat.com.br\/site\/will-konitzer-lanca-a-nova-faixa-take-me-back-pela-soniquarium\/"},"wordCount":248,"publisher":{"@id":"https:\/\/beatforbeat.com.br\/site\/#organization"},"image":{"@id":"https:\/\/beatforbeat.com.br\/site\/will-konitzer-lanca-a-nova-faixa-take-me-back-pela-soniquarium\/#primaryimage"},"thumbnailUrl":"https:\/\/beatforbeat.com.br\/site\/wp-content\/uploads\/2026\/04\/Will-Konitzer-Take-Me-Back.jpg","keywords":["Take Me Back","Will Konitzer"],"articleSection":["Lan\u00e7amentos"],"inLanguage":"pt-BR"},{"@type":"WebPage","@id":"https:\/\/beatforbeat.com.br\/site\/will-konitzer-lanca-a-nova-faixa-take-me-back-pela-soniquarium\/","url":"https:\/\/beatforbeat.com.br\/site\/will-konitzer-lanca-a-nova-faixa-take-me-back-pela-soniquarium\/","name":"Will Konitzer lan\u00e7a a nova faixa \u2018Take Me Back\u2019 pela Soniquarium","isPartOf":{"@id":"https:\/\/beatforbeat.com.br\/site\/#website"},"primaryImageOfPage":{"@id":"https:\/\/beatforbeat.com.br\/site\/will-konitzer-lanca-a-nova-faixa-take-me-back-pela-soniquarium\/#primaryimage"},"image":{"@id":"https:\/\/beatforbeat.com.br\/site\/will-konitzer-lanca-a-nova-faixa-take-me-back-pela-soniquarium\/#primaryimage"},"thumbnailUrl":"https:\/\/beatforbeat.com.br\/site\/wp-content\/uploads\/2026\/04\/Will-Konitzer-Take-Me-Back.jpg","datePublished":"2026-04-27T13:04:39+00:00","description":"Energia envolvente, groove direto e uma sensa\u00e7\u00e3o de nostalgia em movimento atravessam \u2018Take Me Back\u2019, de Will Konitzer. Escute agora.","breadcrumb":{"@id":"https:\/\/beatforbeat.com.br\/site\/will-konitzer-lanca-a-nova-faixa-take-me-back-pela-soniquarium\/#breadcrumb"},"inLanguage":"pt-BR","potentialAction":[{"@type":"ReadAction","target":["https:\/\/beatforbeat.com.br\/site\/will-konitzer-lanca-a-nova-faixa-take-me-back-pela-soniquarium\/"]}]},{"@type":"ImageObject","inLanguage":"pt-BR","@id":"https:\/\/beatforbeat.com.br\/site\/will-konitzer-lanca-a-nova-faixa-take-me-back-pela-soniquarium\/#primaryimage","url":"https:\/\/beatforbeat.com.br\/site\/wp-content\/uploads\/2026\/04\/Will-Konitzer-Take-Me-Back.jpg","contentUrl":"https:\/\/beatforbeat.com.br\/site\/wp-content\/uploads\/2026\/04\/Will-Konitzer-Take-Me-Back.jpg","width":640,"height":640,"caption":"Will Konitzer - Take Me Back"},{"@type":"BreadcrumbList","@id":"https:\/\/beatforbeat.com.br\/site\/will-konitzer-lanca-a-nova-faixa-take-me-back-pela-soniquarium\/#breadcrumb","itemListElement":[{"@type":"ListItem","position":1,"name":"In\u00edcio","item":"https:\/\/beatforbeat.com.br\/site\/"},{"@type":"ListItem","position":2,"name":"Will Konitzer lan\u00e7a a nova faixa \u2018Take Me Back\u2019 pela Soniquarium"}]},{"@type":"WebSite","@id":"https:\/\/beatforbeat.com.br\/site\/#website","url":"https:\/\/beatforbeat.com.br\/site\/","name":"Beat for Beat","description":"M\u00fasica \u00e9 a Resposta","publisher":{"@id":"https:\/\/beatforbeat.com.br\/site\/#organization"},"potentialAction":[{"@type":"SearchAction","target":{"@type":"EntryPoint","urlTemplate":"https:\/\/beatforbeat.com.br\/site\/?s={search_term_string}"},"query-input":{"@type":"PropertyValueSpecification","valueRequired":true,"valueName":"search_term_string"}}],"inLanguage":"pt-BR"},{"@type":"Organization","@id":"https:\/\/beatforbeat.com.br\/site\/#organization","name":"Beat for Beat","url":"https:\/\/beatforbeat.com.br\/site\/","logo":{"@type":"ImageObject","inLanguage":"pt-BR","@id":"https:\/\/beatforbeat.com.br\/site\/#\/schema\/logo\/image\/","url":"https:\/\/beatforbeat.com.br\/site\/wp-content\/uploads\/2020\/05\/Logo-Site-600@2x.png","contentUrl":"https:\/\/beatforbeat.com.br\/site\/wp-content\/uploads\/2020\/05\/Logo-Site-600@2x.png","width":1200,"height":1200,"caption":"Beat for Beat"},"image":{"@id":"https:\/\/beatforbeat.com.br\/site\/#\/schema\/logo\/image\/"}},{"@type":"Person","@id":"https:\/\/beatforbeat.com.br\/site\/#\/schema\/person\/0c2883c2b99fc988638da784f37ffd09","name":"Carlos Vinicius","image":{"@type":"ImageObject","inLanguage":"pt-BR","@id":"https:\/\/secure.gravatar.com\/avatar\/d2aa226de78cdab6839cf75a4357b3903ae3e2559457dc24a4e885f4f3d7838f?s=96&d=mm&r=g","url":"https:\/\/secure.gravatar.com\/avatar\/d2aa226de78cdab6839cf75a4357b3903ae3e2559457dc24a4e885f4f3d7838f?s=96&d=mm&r=g","contentUrl":"https:\/\/secure.gravatar.com\/avatar\/d2aa226de78cdab6839cf75a4357b3903ae3e2559457dc24a4e885f4f3d7838f?s=96&d=mm&r=g","caption":"Carlos Vinicius"},"description":"\"Sem a m\u00fasica, a vida seria um erro\" Amante de todas as vertentes, mas especialmente de techno e funk. Superf\u00e3 Cat Dealers e R\u00fcf\u00fcs du Sol.","url":"https:\/\/beatforbeat.com.br\/site\/author\/vinicius\/"}]}},"amp_enabled":true,"_links":{"self":[{"href":"https:\/\/beatforbeat.com.br\/site\/wp-json\/wp\/v2\/posts\/56899","targetHints":{"allow":["GET"]}}],"collection":[{"href":"https:\/\/beatforbeat.com.br\/site\/wp-json\/wp\/v2\/posts"}],"about":[{"href":"https:\/\/beatforbeat.com.br\/site\/wp-json\/wp\/v2\/types\/post"}],"author":[{"embeddable":true,"href":"https:\/\/beatforbeat.com.br\/site\/wp-json\/wp\/v2\/users\/30"}],"replies":[{"embeddable":true,"href":"https:\/\/beatforbeat.com.br\/site\/wp-json\/wp\/v2\/comments?post=56899"}],"version-history":[{"count":2,"href":"https:\/\/beatforbeat.com.br\/site\/wp-json\/wp\/v2\/posts\/56899\/revisions"}],"predecessor-version":[{"id":56965,"href":"https:\/\/beatforbeat.com.br\/site\/wp-json\/wp\/v2\/posts\/56899\/revisions\/56965"}],"wp:featuredmedia":[{"embeddable":true,"href":"https:\/\/beatforbeat.com.br\/site\/wp-json\/wp\/v2\/media\/56901"}],"wp:attachment":[{"href":"https:\/\/beatforbeat.com.br\/site\/wp-json\/wp\/v2\/media?parent=56899"}],"wp:term":[{"taxonomy":"category","embeddable":true,"href":"https:\/\/beatforbeat.com.br\/site\/wp-json\/wp\/v2\/categories?post=56899"},{"taxonomy":"post_tag","embeddable":true,"href":"https:\/\/beatforbeat.com.br\/site\/wp-json\/wp\/v2\/tags?post=56899"}],"curies":[{"name":"wp","href":"https:\/\/api.w.org\/{rel}","templated":true}]}}