{"id":56943,"date":"2026-04-26T19:22:11","date_gmt":"2026-04-26T22:22:11","guid":{"rendered":"https:\/\/beatforbeat.com.br\/site\/?p=56943"},"modified":"2026-04-26T19:27:46","modified_gmt":"2026-04-26T22:27:46","slug":"time-warp-brasil-enaltece-a-forca-eletronica-nacional-em-2026","status":"publish","type":"post","link":"https:\/\/beatforbeat.com.br\/site\/time-warp-brasil-enaltece-a-forca-eletronica-nacional-em-2026\/","title":{"rendered":"Time Warp Brasil enaltece a for\u00e7a eletr\u00f4nica nacional em 2026"},"content":{"rendered":"<p>Enaltecendo a nossa cultura, o Time Warp Brasil 2026 contar\u00e1 com um time repleto de estrelas nacionais na Neo Qu\u00edmica Arena. Conhe\u00e7a:<\/p>\n<p><a href=\"https:\/\/beatforbeat.com.br\/site\/wp-content\/uploads\/2026\/04\/anonyig.io_Instagram_time_warp_brasil_3876879907997691668_56979593132.jpg\"><img decoding=\"async\" class=\"aligncenter wp-image-56947 lazyload\" data-src=\"https:\/\/beatforbeat.com.br\/site\/wp-content\/uploads\/2026\/04\/anonyig.io_Instagram_time_warp_brasil_3876879907997691668_56979593132.jpg\" alt=\"Time Warp Brasil\" width=\"630\" height=\"420\" data-srcset=\"https:\/\/beatforbeat.com.br\/site\/wp-content\/uploads\/2026\/04\/anonyig.io_Instagram_time_warp_brasil_3876879907997691668_56979593132.jpg 1440w, https:\/\/beatforbeat.com.br\/site\/wp-content\/uploads\/2026\/04\/anonyig.io_Instagram_time_warp_brasil_3876879907997691668_56979593132-300x200.jpg 300w, https:\/\/beatforbeat.com.br\/site\/wp-content\/uploads\/2026\/04\/anonyig.io_Instagram_time_warp_brasil_3876879907997691668_56979593132-1024x683.jpg 1024w, https:\/\/beatforbeat.com.br\/site\/wp-content\/uploads\/2026\/04\/anonyig.io_Instagram_time_warp_brasil_3876879907997691668_56979593132-768x512.jpg 768w, https:\/\/beatforbeat.com.br\/site\/wp-content\/uploads\/2026\/04\/anonyig.io_Instagram_time_warp_brasil_3876879907997691668_56979593132-332x221.jpg 332w, https:\/\/beatforbeat.com.br\/site\/wp-content\/uploads\/2026\/04\/anonyig.io_Instagram_time_warp_brasil_3876879907997691668_56979593132-664x443.jpg 664w, https:\/\/beatforbeat.com.br\/site\/wp-content\/uploads\/2026\/04\/anonyig.io_Instagram_time_warp_brasil_3876879907997691668_56979593132-688x459.jpg 688w, https:\/\/beatforbeat.com.br\/site\/wp-content\/uploads\/2026\/04\/anonyig.io_Instagram_time_warp_brasil_3876879907997691668_56979593132-1044x696.jpg 1044w, https:\/\/beatforbeat.com.br\/site\/wp-content\/uploads\/2026\/04\/anonyig.io_Instagram_time_warp_brasil_3876879907997691668_56979593132-1400x933.jpg 1400w\" data-sizes=\"(max-width: 630px) 100vw, 630px\" src=\"data:image\/svg+xml;base64,PHN2ZyB3aWR0aD0iMSIgaGVpZ2h0PSIxIiB4bWxucz0iaHR0cDovL3d3dy53My5vcmcvMjAwMC9zdmciPjwvc3ZnPg==\" style=\"--smush-placeholder-width: 630px; --smush-placeholder-aspect-ratio: 630\/420;\" \/><\/a><\/p>\n<p>O <strong>Time Warp Brasil<\/strong> 2026 tamb\u00e9m evidencia a for\u00e7a da cena nacional ao reunir artistas brasileiros que v\u00eam ocupando espa\u00e7os cada vez mais relevantes dentro e fora do pa\u00eds. Mais do que presen\u00e7a, cada nome carrega uma trajet\u00f3ria pr\u00f3pria, conectando diferentes contextos, linguagens e formas de constru\u00e7\u00e3o de pista. Compre seu ingresso <a href=\"https:\/\/www.ingresse.com\/time-warp-2026\/\" target=\"_blank\" rel=\"noopener\">aqui<\/a>, para a edi\u00e7\u00e3o do dias 1 e 2 de maio, na Neo Qu\u00edmica Arena.<\/p><div id=\"beatf-3710791436\" class=\"beatf-conteudo_2 beatf-entity-placement\"><script async src=\"\/\/pagead2.googlesyndication.com\/pagead\/js\/adsbygoogle.js?client=ca-pub-5262797664076819\" crossorigin=\"anonymous\"><\/script><ins class=\"adsbygoogle\" style=\"display:block; text-align:center;\" data-ad-client=\"ca-pub-5262797664076819\" \ndata-ad-slot=\"8185743757\" \ndata-ad-layout=\"in-article\"\ndata-ad-format=\"fluid\"><\/ins>\n<script> \n(adsbygoogle = window.adsbygoogle || []).push({}); \n<\/script>\n<\/div>\n<p>Entre os destaques, <strong>Mochakk<\/strong> aparece como um dos nomes mais consolidados dessa gera\u00e7\u00e3o. Natural de Sorocaba, o artista ganhou proje\u00e7\u00e3o internacional nos \u00faltimos anos, passando por palcos como Coachella e outros grandes festivais, al\u00e9m de lan\u00e7ar m\u00fasicas por selos de peso e desenvolver sua pr\u00f3pria identidade marcada por groove, presen\u00e7a perform\u00e1tica e conex\u00e3o direta com o p\u00fablico.<\/p>\n<figure id=\"attachment_56946\" aria-describedby=\"caption-attachment-56946\" style=\"width: 630px\" class=\"wp-caption aligncenter\"><a href=\"https:\/\/beatforbeat.com.br\/site\/wp-content\/uploads\/2026\/04\/anonyig.io_Instagram_mochakk_3852105689351394935_21359690-e1777242020359.jpg\"><img decoding=\"async\" class=\"wp-image-56946 lazyload\" data-src=\"https:\/\/beatforbeat.com.br\/site\/wp-content\/uploads\/2026\/04\/anonyig.io_Instagram_mochakk_3852105689351394935_21359690-e1777242020359.jpg\" alt=\"\" width=\"630\" height=\"460\" data-srcset=\"https:\/\/beatforbeat.com.br\/site\/wp-content\/uploads\/2026\/04\/anonyig.io_Instagram_mochakk_3852105689351394935_21359690-e1777242020359.jpg 1080w, https:\/\/beatforbeat.com.br\/site\/wp-content\/uploads\/2026\/04\/anonyig.io_Instagram_mochakk_3852105689351394935_21359690-e1777242020359-300x219.jpg 300w, https:\/\/beatforbeat.com.br\/site\/wp-content\/uploads\/2026\/04\/anonyig.io_Instagram_mochakk_3852105689351394935_21359690-e1777242020359-1024x747.jpg 1024w, https:\/\/beatforbeat.com.br\/site\/wp-content\/uploads\/2026\/04\/anonyig.io_Instagram_mochakk_3852105689351394935_21359690-e1777242020359-768x560.jpg 768w, https:\/\/beatforbeat.com.br\/site\/wp-content\/uploads\/2026\/04\/anonyig.io_Instagram_mochakk_3852105689351394935_21359690-e1777242020359-332x242.jpg 332w, https:\/\/beatforbeat.com.br\/site\/wp-content\/uploads\/2026\/04\/anonyig.io_Instagram_mochakk_3852105689351394935_21359690-e1777242020359-664x484.jpg 664w, https:\/\/beatforbeat.com.br\/site\/wp-content\/uploads\/2026\/04\/anonyig.io_Instagram_mochakk_3852105689351394935_21359690-e1777242020359-688x502.jpg 688w, https:\/\/beatforbeat.com.br\/site\/wp-content\/uploads\/2026\/04\/anonyig.io_Instagram_mochakk_3852105689351394935_21359690-e1777242020359-1044x762.jpg 1044w\" data-sizes=\"(max-width: 630px) 100vw, 630px\" src=\"data:image\/svg+xml;base64,PHN2ZyB3aWR0aD0iMSIgaGVpZ2h0PSIxIiB4bWxucz0iaHR0cDovL3d3dy53My5vcmcvMjAwMC9zdmciPjwvc3ZnPg==\" style=\"--smush-placeholder-width: 630px; --smush-placeholder-aspect-ratio: 630\/460;\" \/><\/a><figcaption id=\"caption-attachment-56946\" class=\"wp-caption-text\">Mochakk<\/figcaption><\/figure>\n<p>Outro nome que representa essa expans\u00e3o global \u00e9 <strong>Vintage Culture<\/strong>, que segue como um dos artistas brasileiros mais reconhecidos no circuito internacional. Sua presen\u00e7a constante em festivais ao redor do mundo e colabora\u00e7\u00f5es com diferentes nomes da cena refor\u00e7am sua posi\u00e7\u00e3o como um dos principais embaixadores do Brasil na m\u00fasica eletr\u00f4nica.<\/p>\n<p>Dentro de uma abordagem mais experimental e h\u00edbrida, <strong>Badsista<\/strong> constr\u00f3i sua trajet\u00f3ria a partir de uma rela\u00e7\u00e3o direta com cultura urbana, ativismo e pista, sendo uma das vozes mais relevantes da cena independente brasileira. J\u00e1 <strong>Zopelar<\/strong> se destaca pela versatilidade como produtor, transitando entre diferentes atmosferas e explorando texturas que conectam passado e presente da m\u00fasica eletr\u00f4nica nacional.<\/p>\n<figure id=\"attachment_56945\" aria-describedby=\"caption-attachment-56945\" style=\"width: 630px\" class=\"wp-caption aligncenter\"><a href=\"https:\/\/beatforbeat.com.br\/site\/wp-content\/uploads\/2026\/04\/anonyig.io_Instagram_badsista__3849147172273452775_571660273-e1777241969475.jpg\"><img decoding=\"async\" class=\"wp-image-56945 lazyload\" data-src=\"https:\/\/beatforbeat.com.br\/site\/wp-content\/uploads\/2026\/04\/anonyig.io_Instagram_badsista__3849147172273452775_571660273-e1777241969475.jpg\" alt=\"\" width=\"630\" height=\"432\" data-srcset=\"https:\/\/beatforbeat.com.br\/site\/wp-content\/uploads\/2026\/04\/anonyig.io_Instagram_badsista__3849147172273452775_571660273-e1777241969475.jpg 1375w, https:\/\/beatforbeat.com.br\/site\/wp-content\/uploads\/2026\/04\/anonyig.io_Instagram_badsista__3849147172273452775_571660273-e1777241969475-300x206.jpg 300w, https:\/\/beatforbeat.com.br\/site\/wp-content\/uploads\/2026\/04\/anonyig.io_Instagram_badsista__3849147172273452775_571660273-e1777241969475-1024x702.jpg 1024w, https:\/\/beatforbeat.com.br\/site\/wp-content\/uploads\/2026\/04\/anonyig.io_Instagram_badsista__3849147172273452775_571660273-e1777241969475-768x527.jpg 768w, https:\/\/beatforbeat.com.br\/site\/wp-content\/uploads\/2026\/04\/anonyig.io_Instagram_badsista__3849147172273452775_571660273-e1777241969475-332x228.jpg 332w, https:\/\/beatforbeat.com.br\/site\/wp-content\/uploads\/2026\/04\/anonyig.io_Instagram_badsista__3849147172273452775_571660273-e1777241969475-664x455.jpg 664w, https:\/\/beatforbeat.com.br\/site\/wp-content\/uploads\/2026\/04\/anonyig.io_Instagram_badsista__3849147172273452775_571660273-e1777241969475-688x472.jpg 688w, https:\/\/beatforbeat.com.br\/site\/wp-content\/uploads\/2026\/04\/anonyig.io_Instagram_badsista__3849147172273452775_571660273-e1777241969475-1044x716.jpg 1044w\" data-sizes=\"(max-width: 630px) 100vw, 630px\" src=\"data:image\/svg+xml;base64,PHN2ZyB3aWR0aD0iMSIgaGVpZ2h0PSIxIiB4bWxucz0iaHR0cDovL3d3dy53My5vcmcvMjAwMC9zdmciPjwvc3ZnPg==\" style=\"--smush-placeholder-width: 630px; --smush-placeholder-aspect-ratio: 630\/432;\" \/><\/a><figcaption id=\"caption-attachment-56945\" class=\"wp-caption-text\">BADSISTA<\/figcaption><\/figure>\n<p>No campo das colabora\u00e7\u00f5es e projetos que cruzam fronteiras culturais, aparecem nomes como <strong>Omoloko,<\/strong> que surge em conex\u00e3o com artistas internacionais, e <strong>Al\u00edrio,<\/strong> que constr\u00f3i sua trajet\u00f3ria entre coletivos como o BAILE034 e a resid\u00eancia na Mamba Negra, com sets marcados por narrativa e energia..<\/p>\n<p>A lista tamb\u00e9m inclui <strong>Clementaum,<\/strong> DJ e produtora brasileira que vem se destacando por sets intensos e diretos, constru\u00eddos cheios de identidade, ousadia, personalidade e resposta imediata da pista. J\u00e1 <strong>PR.A.DO<\/strong>, um dos nomes em ascens\u00e3o da cena nacional, desenvolve sua trajet\u00f3ria com sets que exploram tens\u00e3o, ritmo e constru\u00e7\u00e3o progressiva ao longo da pista.<\/p>\n<figure id=\"attachment_56944\" aria-describedby=\"caption-attachment-56944\" style=\"width: 630px\" class=\"wp-caption aligncenter\"><a href=\"https:\/\/beatforbeat.com.br\/site\/wp-content\/uploads\/2026\/04\/anonyig.io_Instagram_monstruo.mag_3867643096025250887_8160708904-e1777241918890.jpg\"><img decoding=\"async\" class=\"wp-image-56944 lazyload\" data-src=\"https:\/\/beatforbeat.com.br\/site\/wp-content\/uploads\/2026\/04\/anonyig.io_Instagram_monstruo.mag_3867643096025250887_8160708904-e1777241918890.jpg\" alt=\"\" width=\"630\" height=\"448\" data-srcset=\"https:\/\/beatforbeat.com.br\/site\/wp-content\/uploads\/2026\/04\/anonyig.io_Instagram_monstruo.mag_3867643096025250887_8160708904-e1777241918890.jpg 1440w, https:\/\/beatforbeat.com.br\/site\/wp-content\/uploads\/2026\/04\/anonyig.io_Instagram_monstruo.mag_3867643096025250887_8160708904-e1777241918890-300x213.jpg 300w, https:\/\/beatforbeat.com.br\/site\/wp-content\/uploads\/2026\/04\/anonyig.io_Instagram_monstruo.mag_3867643096025250887_8160708904-e1777241918890-1024x728.jpg 1024w, https:\/\/beatforbeat.com.br\/site\/wp-content\/uploads\/2026\/04\/anonyig.io_Instagram_monstruo.mag_3867643096025250887_8160708904-e1777241918890-768x546.jpg 768w, https:\/\/beatforbeat.com.br\/site\/wp-content\/uploads\/2026\/04\/anonyig.io_Instagram_monstruo.mag_3867643096025250887_8160708904-e1777241918890-332x236.jpg 332w, https:\/\/beatforbeat.com.br\/site\/wp-content\/uploads\/2026\/04\/anonyig.io_Instagram_monstruo.mag_3867643096025250887_8160708904-e1777241918890-664x472.jpg 664w, https:\/\/beatforbeat.com.br\/site\/wp-content\/uploads\/2026\/04\/anonyig.io_Instagram_monstruo.mag_3867643096025250887_8160708904-e1777241918890-688x489.jpg 688w, https:\/\/beatforbeat.com.br\/site\/wp-content\/uploads\/2026\/04\/anonyig.io_Instagram_monstruo.mag_3867643096025250887_8160708904-e1777241918890-1044x742.jpg 1044w, https:\/\/beatforbeat.com.br\/site\/wp-content\/uploads\/2026\/04\/anonyig.io_Instagram_monstruo.mag_3867643096025250887_8160708904-e1777241918890-1400x996.jpg 1400w\" data-sizes=\"(max-width: 630px) 100vw, 630px\" src=\"data:image\/svg+xml;base64,PHN2ZyB3aWR0aD0iMSIgaGVpZ2h0PSIxIiB4bWxucz0iaHR0cDovL3d3dy53My5vcmcvMjAwMC9zdmciPjwvc3ZnPg==\" style=\"--smush-placeholder-width: 630px; --smush-placeholder-aspect-ratio: 630\/448;\" \/><\/a><figcaption id=\"caption-attachment-56944\" class=\"wp-caption-text\">Clementaum<\/figcaption><\/figure>\n<p>Por fim, projetos como <strong>Idlibra<\/strong> e <strong>Bida Sar\u00f4<\/strong> apontam para caminhos mais recentes dentro da cena, conectando identidade, experimenta\u00e7\u00e3o e novas leituras da pista, ampliando o espectro sonoro que o festival apresenta.<\/p>\n<p>A presen\u00e7a desses artistas refor\u00e7a um movimento que j\u00e1 vinha sendo constru\u00eddo nas \u00faltimas edi\u00e7\u00f5es: o Brasil n\u00e3o aparece apenas como territ\u00f3rio de passagem, mas como parte ativa da narrativa do Time Warp, contribuindo com nomes que carregam identidade pr\u00f3pria e dialogam diretamente com o que acontece nas pistas ao redor do mundo.<\/p>\n<p>O Time Warp Brasil 2026 acontece nos dias 01 e 02 de maio, na Neo Qu\u00edmica Arena, em S\u00e3o Paulo. Compre seu ingresso clicando <a href=\"https:\/\/www.ingresse.com\/time-warp-2026\/\" target=\"_blank\" rel=\"noopener\">aqui<\/a>.<\/p>\n","protected":false},"excerpt":{"rendered":"Enaltecendo a nossa cultura, o Time Warp Brasil 2026 contar\u00e1 com um time repleto de estrelas nacionais na&hellip;","protected":false},"author":2,"featured_media":56947,"comment_status":"closed","ping_status":"open","sticky":false,"template":"","format":"standard","meta":{"_monsterinsights_skip_tracking":false,"_monsterinsights_sitenote_active":false,"_monsterinsights_sitenote_note":"","_monsterinsights_sitenote_category":0,"csco_display_header_overlay":false,"csco_singular_sidebar":"","csco_page_header_type":"","csco_page_load_nextpost":"","csco_post_video_location":[],"csco_post_video_location_hash":"","csco_post_video_url":"","csco_post_video_bg_start_time":0,"csco_post_video_bg_end_time":0,"footnotes":""},"categories":[14],"tags":[23637,1182,11174,12990,6287,3184,156],"class_list":{"0":"post-56943","1":"post","2":"type-post","3":"status-publish","4":"format-standard","5":"has-post-thumbnail","7":"category-via-underground","8":"tag-23637","9":"tag-badsista","10":"tag-brasileiros","11":"tag-clementaum","12":"tag-mochakk","13":"tag-time-warp-brasil","14":"tag-vintage-culture","15":"cs-entry","16":"cs-video-wrap"},"yoast_head":"<!-- This site is optimized with the Yoast SEO plugin v27.4 - https:\/\/yoast.com\/product\/yoast-seo-wordpress\/ -->\n<title>Time Warp Brasil enaltece a for\u00e7a eletr\u00f4nica nacional em 2026<\/title>\n<meta name=\"description\" content=\"Enaltecendo a nossa cultura, o Time Warp Brasil 2026 contar\u00e1 com um time repleto de estrelas nacionais na Neo Qu\u00edmica Arena. Conhe\u00e7a:\" \/>\n<meta name=\"robots\" content=\"index, follow, max-snippet:-1, max-image-preview:large, max-video-preview:-1\" \/>\n<link rel=\"canonical\" href=\"https:\/\/beatforbeat.com.br\/site\/time-warp-brasil-enaltece-a-forca-eletronica-nacional-em-2026\/\" \/>\n<meta property=\"og:locale\" content=\"pt_BR\" \/>\n<meta property=\"og:type\" content=\"article\" \/>\n<meta property=\"og:title\" content=\"Time Warp Brasil enaltece a for\u00e7a eletr\u00f4nica nacional em 2026\" \/>\n<meta property=\"og:description\" content=\"Enaltecendo a nossa cultura, o Time Warp Brasil 2026 contar\u00e1 com um time repleto de estrelas nacionais na Neo Qu\u00edmica Arena. Conhe\u00e7a:\" \/>\n<meta property=\"og:url\" content=\"https:\/\/beatforbeat.com.br\/site\/time-warp-brasil-enaltece-a-forca-eletronica-nacional-em-2026\/\" \/>\n<meta property=\"og:site_name\" content=\"Beat for Beat\" \/>\n<meta property=\"article:author\" content=\"https:\/\/www.facebook.com\/viktoraphael\" \/>\n<meta property=\"article:published_time\" content=\"2026-04-26T22:22:11+00:00\" \/>\n<meta property=\"article:modified_time\" content=\"2026-04-26T22:27:46+00:00\" \/>\n<meta property=\"og:image\" content=\"https:\/\/beatforbeat.com.br\/site\/wp-content\/uploads\/2026\/04\/anonyig.io_Instagram_time_warp_brasil_3876879907997691668_56979593132.jpg\" \/>\n\t<meta property=\"og:image:width\" content=\"1440\" \/>\n\t<meta property=\"og:image:height\" content=\"960\" \/>\n\t<meta property=\"og:image:type\" content=\"image\/jpeg\" \/>\n<meta name=\"author\" content=\"Viktor Raphael\" \/>\n<meta name=\"twitter:card\" content=\"summary_large_image\" \/>\n<meta name=\"twitter:creator\" content=\"@djviktorraphael\" \/>\n<meta name=\"twitter:label1\" content=\"Escrito por\" \/>\n\t<meta name=\"twitter:data1\" content=\"Viktor Raphael\" \/>\n\t<meta name=\"twitter:label2\" content=\"Est. tempo de leitura\" \/>\n\t<meta name=\"twitter:data2\" content=\"4 minutos\" \/>\n<script type=\"application\/ld+json\" class=\"yoast-schema-graph\">{\"@context\":\"https:\\\/\\\/schema.org\",\"@graph\":[{\"@type\":\"Article\",\"@id\":\"https:\\\/\\\/beatforbeat.com.br\\\/site\\\/time-warp-brasil-enaltece-a-forca-eletronica-nacional-em-2026\\\/#article\",\"isPartOf\":{\"@id\":\"https:\\\/\\\/beatforbeat.com.br\\\/site\\\/time-warp-brasil-enaltece-a-forca-eletronica-nacional-em-2026\\\/\"},\"author\":{\"name\":\"Viktor Raphael\",\"@id\":\"https:\\\/\\\/beatforbeat.com.br\\\/site\\\/#\\\/schema\\\/person\\\/561e4cc997e993fd5dd84e6b5c9dc306\"},\"headline\":\"Time Warp Brasil enaltece a for\u00e7a eletr\u00f4nica nacional em 2026\",\"datePublished\":\"2026-04-26T22:22:11+00:00\",\"dateModified\":\"2026-04-26T22:27:46+00:00\",\"mainEntityOfPage\":{\"@id\":\"https:\\\/\\\/beatforbeat.com.br\\\/site\\\/time-warp-brasil-enaltece-a-forca-eletronica-nacional-em-2026\\\/\"},\"wordCount\":552,\"publisher\":{\"@id\":\"https:\\\/\\\/beatforbeat.com.br\\\/site\\\/#organization\"},\"image\":{\"@id\":\"https:\\\/\\\/beatforbeat.com.br\\\/site\\\/time-warp-brasil-enaltece-a-forca-eletronica-nacional-em-2026\\\/#primaryimage\"},\"thumbnailUrl\":\"https:\\\/\\\/beatforbeat.com.br\\\/site\\\/wp-content\\\/uploads\\\/2026\\\/04\\\/anonyig.io_Instagram_time_warp_brasil_3876879907997691668_56979593132.jpg\",\"keywords\":[\"2026\",\"BadSista\",\"Brasileiros\",\"Clementaum\",\"Mochakk\",\"Time Warp Brasil\",\"Vintage Culture\"],\"articleSection\":[\"Via UnderGROUND\"],\"inLanguage\":\"pt-BR\"},{\"@type\":\"WebPage\",\"@id\":\"https:\\\/\\\/beatforbeat.com.br\\\/site\\\/time-warp-brasil-enaltece-a-forca-eletronica-nacional-em-2026\\\/\",\"url\":\"https:\\\/\\\/beatforbeat.com.br\\\/site\\\/time-warp-brasil-enaltece-a-forca-eletronica-nacional-em-2026\\\/\",\"name\":\"Time Warp Brasil enaltece a for\u00e7a eletr\u00f4nica nacional em 2026\",\"isPartOf\":{\"@id\":\"https:\\\/\\\/beatforbeat.com.br\\\/site\\\/#website\"},\"primaryImageOfPage\":{\"@id\":\"https:\\\/\\\/beatforbeat.com.br\\\/site\\\/time-warp-brasil-enaltece-a-forca-eletronica-nacional-em-2026\\\/#primaryimage\"},\"image\":{\"@id\":\"https:\\\/\\\/beatforbeat.com.br\\\/site\\\/time-warp-brasil-enaltece-a-forca-eletronica-nacional-em-2026\\\/#primaryimage\"},\"thumbnailUrl\":\"https:\\\/\\\/beatforbeat.com.br\\\/site\\\/wp-content\\\/uploads\\\/2026\\\/04\\\/anonyig.io_Instagram_time_warp_brasil_3876879907997691668_56979593132.jpg\",\"datePublished\":\"2026-04-26T22:22:11+00:00\",\"dateModified\":\"2026-04-26T22:27:46+00:00\",\"description\":\"Enaltecendo a nossa cultura, o Time Warp Brasil 2026 contar\u00e1 com um time repleto de estrelas nacionais na Neo Qu\u00edmica Arena. Conhe\u00e7a:\",\"breadcrumb\":{\"@id\":\"https:\\\/\\\/beatforbeat.com.br\\\/site\\\/time-warp-brasil-enaltece-a-forca-eletronica-nacional-em-2026\\\/#breadcrumb\"},\"inLanguage\":\"pt-BR\",\"potentialAction\":[{\"@type\":\"ReadAction\",\"target\":[\"https:\\\/\\\/beatforbeat.com.br\\\/site\\\/time-warp-brasil-enaltece-a-forca-eletronica-nacional-em-2026\\\/\"]}]},{\"@type\":\"ImageObject\",\"inLanguage\":\"pt-BR\",\"@id\":\"https:\\\/\\\/beatforbeat.com.br\\\/site\\\/time-warp-brasil-enaltece-a-forca-eletronica-nacional-em-2026\\\/#primaryimage\",\"url\":\"https:\\\/\\\/beatforbeat.com.br\\\/site\\\/wp-content\\\/uploads\\\/2026\\\/04\\\/anonyig.io_Instagram_time_warp_brasil_3876879907997691668_56979593132.jpg\",\"contentUrl\":\"https:\\\/\\\/beatforbeat.com.br\\\/site\\\/wp-content\\\/uploads\\\/2026\\\/04\\\/anonyig.io_Instagram_time_warp_brasil_3876879907997691668_56979593132.jpg\",\"width\":1440,\"height\":960,\"caption\":\"Time Warp Brasil\"},{\"@type\":\"BreadcrumbList\",\"@id\":\"https:\\\/\\\/beatforbeat.com.br\\\/site\\\/time-warp-brasil-enaltece-a-forca-eletronica-nacional-em-2026\\\/#breadcrumb\",\"itemListElement\":[{\"@type\":\"ListItem\",\"position\":1,\"name\":\"In\u00edcio\",\"item\":\"https:\\\/\\\/beatforbeat.com.br\\\/site\\\/\"},{\"@type\":\"ListItem\",\"position\":2,\"name\":\"Time Warp Brasil enaltece a for\u00e7a eletr\u00f4nica nacional em 2026\"}]},{\"@type\":\"WebSite\",\"@id\":\"https:\\\/\\\/beatforbeat.com.br\\\/site\\\/#website\",\"url\":\"https:\\\/\\\/beatforbeat.com.br\\\/site\\\/\",\"name\":\"Beat for Beat\",\"description\":\"M\u00fasica \u00e9 a Resposta\",\"publisher\":{\"@id\":\"https:\\\/\\\/beatforbeat.com.br\\\/site\\\/#organization\"},\"potentialAction\":[{\"@type\":\"SearchAction\",\"target\":{\"@type\":\"EntryPoint\",\"urlTemplate\":\"https:\\\/\\\/beatforbeat.com.br\\\/site\\\/?s={search_term_string}\"},\"query-input\":{\"@type\":\"PropertyValueSpecification\",\"valueRequired\":true,\"valueName\":\"search_term_string\"}}],\"inLanguage\":\"pt-BR\"},{\"@type\":\"Organization\",\"@id\":\"https:\\\/\\\/beatforbeat.com.br\\\/site\\\/#organization\",\"name\":\"Beat for Beat\",\"url\":\"https:\\\/\\\/beatforbeat.com.br\\\/site\\\/\",\"logo\":{\"@type\":\"ImageObject\",\"inLanguage\":\"pt-BR\",\"@id\":\"https:\\\/\\\/beatforbeat.com.br\\\/site\\\/#\\\/schema\\\/logo\\\/image\\\/\",\"url\":\"https:\\\/\\\/beatforbeat.com.br\\\/site\\\/wp-content\\\/uploads\\\/2020\\\/05\\\/Logo-Site-600@2x.png\",\"contentUrl\":\"https:\\\/\\\/beatforbeat.com.br\\\/site\\\/wp-content\\\/uploads\\\/2020\\\/05\\\/Logo-Site-600@2x.png\",\"width\":1200,\"height\":1200,\"caption\":\"Beat for Beat\"},\"image\":{\"@id\":\"https:\\\/\\\/beatforbeat.com.br\\\/site\\\/#\\\/schema\\\/logo\\\/image\\\/\"}},{\"@type\":\"Person\",\"@id\":\"https:\\\/\\\/beatforbeat.com.br\\\/site\\\/#\\\/schema\\\/person\\\/561e4cc997e993fd5dd84e6b5c9dc306\",\"name\":\"Viktor Raphael\",\"image\":{\"@type\":\"ImageObject\",\"inLanguage\":\"pt-BR\",\"@id\":\"https:\\\/\\\/secure.gravatar.com\\\/avatar\\\/a6eade5aeded37bd5ee2c073682b2a295287aeb61ca43d85c06a0fa10b4bf7e9?s=96&d=mm&r=g\",\"url\":\"https:\\\/\\\/secure.gravatar.com\\\/avatar\\\/a6eade5aeded37bd5ee2c073682b2a295287aeb61ca43d85c06a0fa10b4bf7e9?s=96&d=mm&r=g\",\"contentUrl\":\"https:\\\/\\\/secure.gravatar.com\\\/avatar\\\/a6eade5aeded37bd5ee2c073682b2a295287aeb61ca43d85c06a0fa10b4bf7e9?s=96&d=mm&r=g\",\"caption\":\"Viktor Raphael\"},\"description\":\"DJ, Produtor, Redator, Libriano e Sonhador. Trance para amar e Techno para dan\u00e7ar, com uma ta\u00e7a de Gin para acompanhar. Onde \u00e9 o after?\",\"sameAs\":[\"https:\\\/\\\/www.facebook.com\\\/viktoraphael\",\"https:\\\/\\\/www.instagram.com\\\/vicraphael_\\\/\",\"https:\\\/\\\/x.com\\\/djviktorraphael\"],\"url\":\"https:\\\/\\\/beatforbeat.com.br\\\/site\\\/author\\\/viktor\\\/\"}]}<\/script>\n<!-- \/ Yoast SEO plugin. -->","yoast_head_json":{"title":"Time Warp Brasil enaltece a for\u00e7a eletr\u00f4nica nacional em 2026","description":"Enaltecendo a nossa cultura, o Time Warp Brasil 2026 contar\u00e1 com um time repleto de estrelas nacionais na Neo Qu\u00edmica Arena. Conhe\u00e7a:","robots":{"index":"index","follow":"follow","max-snippet":"max-snippet:-1","max-image-preview":"max-image-preview:large","max-video-preview":"max-video-preview:-1"},"canonical":"https:\/\/beatforbeat.com.br\/site\/time-warp-brasil-enaltece-a-forca-eletronica-nacional-em-2026\/","og_locale":"pt_BR","og_type":"article","og_title":"Time Warp Brasil enaltece a for\u00e7a eletr\u00f4nica nacional em 2026","og_description":"Enaltecendo a nossa cultura, o Time Warp Brasil 2026 contar\u00e1 com um time repleto de estrelas nacionais na Neo Qu\u00edmica Arena. Conhe\u00e7a:","og_url":"https:\/\/beatforbeat.com.br\/site\/time-warp-brasil-enaltece-a-forca-eletronica-nacional-em-2026\/","og_site_name":"Beat for Beat","article_author":"https:\/\/www.facebook.com\/viktoraphael","article_published_time":"2026-04-26T22:22:11+00:00","article_modified_time":"2026-04-26T22:27:46+00:00","og_image":[{"width":1440,"height":960,"url":"https:\/\/beatforbeat.com.br\/site\/wp-content\/uploads\/2026\/04\/anonyig.io_Instagram_time_warp_brasil_3876879907997691668_56979593132.jpg","type":"image\/jpeg"}],"author":"Viktor Raphael","twitter_card":"summary_large_image","twitter_creator":"@djviktorraphael","twitter_misc":{"Escrito por":"Viktor Raphael","Est. tempo de leitura":"4 minutos"},"schema":{"@context":"https:\/\/schema.org","@graph":[{"@type":"Article","@id":"https:\/\/beatforbeat.com.br\/site\/time-warp-brasil-enaltece-a-forca-eletronica-nacional-em-2026\/#article","isPartOf":{"@id":"https:\/\/beatforbeat.com.br\/site\/time-warp-brasil-enaltece-a-forca-eletronica-nacional-em-2026\/"},"author":{"name":"Viktor Raphael","@id":"https:\/\/beatforbeat.com.br\/site\/#\/schema\/person\/561e4cc997e993fd5dd84e6b5c9dc306"},"headline":"Time Warp Brasil enaltece a for\u00e7a eletr\u00f4nica nacional em 2026","datePublished":"2026-04-26T22:22:11+00:00","dateModified":"2026-04-26T22:27:46+00:00","mainEntityOfPage":{"@id":"https:\/\/beatforbeat.com.br\/site\/time-warp-brasil-enaltece-a-forca-eletronica-nacional-em-2026\/"},"wordCount":552,"publisher":{"@id":"https:\/\/beatforbeat.com.br\/site\/#organization"},"image":{"@id":"https:\/\/beatforbeat.com.br\/site\/time-warp-brasil-enaltece-a-forca-eletronica-nacional-em-2026\/#primaryimage"},"thumbnailUrl":"https:\/\/beatforbeat.com.br\/site\/wp-content\/uploads\/2026\/04\/anonyig.io_Instagram_time_warp_brasil_3876879907997691668_56979593132.jpg","keywords":["2026","BadSista","Brasileiros","Clementaum","Mochakk","Time Warp Brasil","Vintage Culture"],"articleSection":["Via UnderGROUND"],"inLanguage":"pt-BR"},{"@type":"WebPage","@id":"https:\/\/beatforbeat.com.br\/site\/time-warp-brasil-enaltece-a-forca-eletronica-nacional-em-2026\/","url":"https:\/\/beatforbeat.com.br\/site\/time-warp-brasil-enaltece-a-forca-eletronica-nacional-em-2026\/","name":"Time Warp Brasil enaltece a for\u00e7a eletr\u00f4nica nacional em 2026","isPartOf":{"@id":"https:\/\/beatforbeat.com.br\/site\/#website"},"primaryImageOfPage":{"@id":"https:\/\/beatforbeat.com.br\/site\/time-warp-brasil-enaltece-a-forca-eletronica-nacional-em-2026\/#primaryimage"},"image":{"@id":"https:\/\/beatforbeat.com.br\/site\/time-warp-brasil-enaltece-a-forca-eletronica-nacional-em-2026\/#primaryimage"},"thumbnailUrl":"https:\/\/beatforbeat.com.br\/site\/wp-content\/uploads\/2026\/04\/anonyig.io_Instagram_time_warp_brasil_3876879907997691668_56979593132.jpg","datePublished":"2026-04-26T22:22:11+00:00","dateModified":"2026-04-26T22:27:46+00:00","description":"Enaltecendo a nossa cultura, o Time Warp Brasil 2026 contar\u00e1 com um time repleto de estrelas nacionais na Neo Qu\u00edmica Arena. Conhe\u00e7a:","breadcrumb":{"@id":"https:\/\/beatforbeat.com.br\/site\/time-warp-brasil-enaltece-a-forca-eletronica-nacional-em-2026\/#breadcrumb"},"inLanguage":"pt-BR","potentialAction":[{"@type":"ReadAction","target":["https:\/\/beatforbeat.com.br\/site\/time-warp-brasil-enaltece-a-forca-eletronica-nacional-em-2026\/"]}]},{"@type":"ImageObject","inLanguage":"pt-BR","@id":"https:\/\/beatforbeat.com.br\/site\/time-warp-brasil-enaltece-a-forca-eletronica-nacional-em-2026\/#primaryimage","url":"https:\/\/beatforbeat.com.br\/site\/wp-content\/uploads\/2026\/04\/anonyig.io_Instagram_time_warp_brasil_3876879907997691668_56979593132.jpg","contentUrl":"https:\/\/beatforbeat.com.br\/site\/wp-content\/uploads\/2026\/04\/anonyig.io_Instagram_time_warp_brasil_3876879907997691668_56979593132.jpg","width":1440,"height":960,"caption":"Time Warp Brasil"},{"@type":"BreadcrumbList","@id":"https:\/\/beatforbeat.com.br\/site\/time-warp-brasil-enaltece-a-forca-eletronica-nacional-em-2026\/#breadcrumb","itemListElement":[{"@type":"ListItem","position":1,"name":"In\u00edcio","item":"https:\/\/beatforbeat.com.br\/site\/"},{"@type":"ListItem","position":2,"name":"Time Warp Brasil enaltece a for\u00e7a eletr\u00f4nica nacional em 2026"}]},{"@type":"WebSite","@id":"https:\/\/beatforbeat.com.br\/site\/#website","url":"https:\/\/beatforbeat.com.br\/site\/","name":"Beat for Beat","description":"M\u00fasica \u00e9 a Resposta","publisher":{"@id":"https:\/\/beatforbeat.com.br\/site\/#organization"},"potentialAction":[{"@type":"SearchAction","target":{"@type":"EntryPoint","urlTemplate":"https:\/\/beatforbeat.com.br\/site\/?s={search_term_string}"},"query-input":{"@type":"PropertyValueSpecification","valueRequired":true,"valueName":"search_term_string"}}],"inLanguage":"pt-BR"},{"@type":"Organization","@id":"https:\/\/beatforbeat.com.br\/site\/#organization","name":"Beat for Beat","url":"https:\/\/beatforbeat.com.br\/site\/","logo":{"@type":"ImageObject","inLanguage":"pt-BR","@id":"https:\/\/beatforbeat.com.br\/site\/#\/schema\/logo\/image\/","url":"https:\/\/beatforbeat.com.br\/site\/wp-content\/uploads\/2020\/05\/Logo-Site-600@2x.png","contentUrl":"https:\/\/beatforbeat.com.br\/site\/wp-content\/uploads\/2020\/05\/Logo-Site-600@2x.png","width":1200,"height":1200,"caption":"Beat for Beat"},"image":{"@id":"https:\/\/beatforbeat.com.br\/site\/#\/schema\/logo\/image\/"}},{"@type":"Person","@id":"https:\/\/beatforbeat.com.br\/site\/#\/schema\/person\/561e4cc997e993fd5dd84e6b5c9dc306","name":"Viktor Raphael","image":{"@type":"ImageObject","inLanguage":"pt-BR","@id":"https:\/\/secure.gravatar.com\/avatar\/a6eade5aeded37bd5ee2c073682b2a295287aeb61ca43d85c06a0fa10b4bf7e9?s=96&d=mm&r=g","url":"https:\/\/secure.gravatar.com\/avatar\/a6eade5aeded37bd5ee2c073682b2a295287aeb61ca43d85c06a0fa10b4bf7e9?s=96&d=mm&r=g","contentUrl":"https:\/\/secure.gravatar.com\/avatar\/a6eade5aeded37bd5ee2c073682b2a295287aeb61ca43d85c06a0fa10b4bf7e9?s=96&d=mm&r=g","caption":"Viktor Raphael"},"description":"DJ, Produtor, Redator, Libriano e Sonhador. Trance para amar e Techno para dan\u00e7ar, com uma ta\u00e7a de Gin para acompanhar. Onde \u00e9 o after?","sameAs":["https:\/\/www.facebook.com\/viktoraphael","https:\/\/www.instagram.com\/vicraphael_\/","https:\/\/x.com\/djviktorraphael"],"url":"https:\/\/beatforbeat.com.br\/site\/author\/viktor\/"}]}},"amp_enabled":true,"_links":{"self":[{"href":"https:\/\/beatforbeat.com.br\/site\/wp-json\/wp\/v2\/posts\/56943","targetHints":{"allow":["GET"]}}],"collection":[{"href":"https:\/\/beatforbeat.com.br\/site\/wp-json\/wp\/v2\/posts"}],"about":[{"href":"https:\/\/beatforbeat.com.br\/site\/wp-json\/wp\/v2\/types\/post"}],"author":[{"embeddable":true,"href":"https:\/\/beatforbeat.com.br\/site\/wp-json\/wp\/v2\/users\/2"}],"replies":[{"embeddable":true,"href":"https:\/\/beatforbeat.com.br\/site\/wp-json\/wp\/v2\/comments?post=56943"}],"version-history":[{"count":2,"href":"https:\/\/beatforbeat.com.br\/site\/wp-json\/wp\/v2\/posts\/56943\/revisions"}],"predecessor-version":[{"id":56949,"href":"https:\/\/beatforbeat.com.br\/site\/wp-json\/wp\/v2\/posts\/56943\/revisions\/56949"}],"wp:featuredmedia":[{"embeddable":true,"href":"https:\/\/beatforbeat.com.br\/site\/wp-json\/wp\/v2\/media\/56947"}],"wp:attachment":[{"href":"https:\/\/beatforbeat.com.br\/site\/wp-json\/wp\/v2\/media?parent=56943"}],"wp:term":[{"taxonomy":"category","embeddable":true,"href":"https:\/\/beatforbeat.com.br\/site\/wp-json\/wp\/v2\/categories?post=56943"},{"taxonomy":"post_tag","embeddable":true,"href":"https:\/\/beatforbeat.com.br\/site\/wp-json\/wp\/v2\/tags?post=56943"}],"curies":[{"name":"wp","href":"https:\/\/api.w.org\/{rel}","templated":true}]}}